{"id":668716,"date":"2026-09-05T07:47:15","date_gmt":"2026-09-05T07:47:15","guid":{"rendered":"https:\/\/www.europesays.com\/pl\/668716\/"},"modified":"2026-09-05T07:47:15","modified_gmt":"2026-09-05T07:47:15","slug":"poznan-z-ul-polwiejskiej-usunieto-160-nielegalnych-reklam","status":"publish","type":"post","link":"https:\/\/www.europesays.com\/pl\/668716\/","title":{"rendered":"Pozna\u0144: z ul. P\u00f3\u0142wiejskiej usuni\u0119to 160 nielegalnych reklam"},"content":{"rendered":"<p>G\u0142\u00f3wny deptak Poznania przeszed\u0142 w\u0142a\u015bnie wizerunkowy lifting. Z P\u00f3\u0142wiejskiej usuni\u0119to blisko 160 reklam, kt\u00f3re nie spe\u0142nia\u0142y wymog\u00f3w uchwa\u0142y krajobrazowej lub znajdowa\u0142y si\u0119 w pasie drogowym. Akcja obj\u0119\u0142a niemal 120 podmiot\u00f3w.<\/p>\n<p>Reklamowy nadmiar na P\u00f3\u0142wiejskiej pod lup\u0105<\/p>\n<p>P\u00f3\u0142wiejska od bardzo dawna jest jedn\u0105 z najwa\u017cniejszych, je\u015bli nie og\u00f3lnie najwa\u017cniejsz\u0105 handlow\u0105 ulic\u0105 w centrum Poznania. Przy deptaku dzia\u0142aj\u0105 sklepy, restauracje i punkty us\u0142ugowe, a ich szyldy, banery i tablice dos\u0142ownie zala\u0142y jego przestrze\u0144 pstrokacizn\u0105 i wielkim chaosem. W maju tego roku miasto podj\u0119\u0142o kroki w celu uporz\u0105dkowania coraz mniej estetycznej P\u00f3\u0142wiejskiej. W ich ramach przedstawiciele miejskich jednostek odwiedzili oko\u0142o 110 lokali i wyja\u015bniali przedsi\u0119biorcom zasady dotycz\u0105ce reklam, szyld\u00f3w oraz ogr\u00f3dk\u00f3w gastronomicznych. Kolejnym etapem by\u0142a kontrola przeprowadzona przez Plastyka Miejskiego, Wydzia\u0142 Urbanistyki i Architektury, Zarz\u0105d Dr\u00f3g Miejskich oraz Stra\u017c Miejsk\u0105. Pod lup\u0105 znalaz\u0142y si\u0119 reklamy umieszczone na budynkach i w przestrzeni ulicy.<\/p>\n<p>Blisko 160 reklam znikn\u0119\u0142o z P\u00f3\u0142wiejskiej<\/p>\n<p>Akcja przynios\u0142a bardzo pozytywne efekty. W jej wyniku dosz\u0142o do usuni\u0119cia blisko 160 no\u015bnik\u00f3w reklamowych. W wi\u0119kszo\u015bci przypadk\u00f3w w\u0142a\u015bciciele lokali sami dostosowali si\u0119 do obowi\u0105zuj\u0105cych zasad, dlatego tylko w kilku sytuacjach konieczne okaza\u0142o si\u0119 wszcz\u0119cie post\u0119powa\u0144 administracyjnych. Miasto sprawdza\u0142o m.in. zgodno\u015b\u0107 reklam z pozna\u0144sk\u0105 uchwa\u0142\u0105 krajobrazow\u0105 oraz legalno\u015b\u0107 ich umieszczenia w pasie drogowym. Po demonta\u017cu cz\u0119\u015bci szyld\u00f3w i tablic nareszcie lepiej wida\u0107 elewacje budynk\u00f3w oraz architektur\u0119 samej ulicy.<\/p>\n<p><img loading=\"lazy\" decoding=\"async\" class=\"size-full wp-image-436493\" src=\"https:\/\/www.europesays.com\/pl\/wp-content\/uploads\/2026\/09\/Zrzut-ekranu-2026-09-05-080938.jpg\" alt=\"reklamy na P\u00f3\u0142wiejskiej\" width=\"1192\" height=\"868\"  \/>Chaos w 2025 roku. Fot. Google Maps<br \/>\n<a class=\"gofollow\" data-track=\"MzksMSw2MA==\" href=\"https:\/\/www.opoczno.eu\/trendy\/true-touch-nowe-kolekcje,368.html?utm_source=direct&amp;utm_medium=ff&amp;utm_campaign=wizerunek2026&amp;utm_term=direct_whitemad\" rel=\"nofollow noopener\" target=\"_blank\"><img decoding=\"async\" src=\"https:\/\/www.europesays.com\/pl\/wp-content\/uploads\/2026\/09\/opo2.jpg\"\/><\/a><\/p>\n<p>Pozna\u0144ska uchwa\u0142a krajobrazow<\/p>\n<p>Podstaw\u0105 przeprowadzonych dzia\u0142a\u0144 jest pozna\u0144ska uchwa\u0142a krajobrazowa, przyj\u0119ta przez Rad\u0119 Miasta 11 lipca 2023 roku. Przepisy wesz\u0142y w \u017cycie 5 sierpnia tego samego roku, po wieloletnich przygotowaniach rozpocz\u0119tych jeszcze w 2016 roku. Dokument okre\u015bla zasady umieszczania tablic i urz\u0105dze\u0144 reklamowych, szyld\u00f3w, ogrodze\u0144 oraz obiekt\u00f3w ma\u0142ej architektury. W przypadku reklam niezgodnych z przepisami miasto mo\u017ce wszcz\u0105\u0107 post\u0119powanie i nalicza\u0107 kar\u0119 za ka\u017cdy dzie\u0144 ich pozostawania w przestrzeni publicznej. Jej wysoko\u015b\u0107 zale\u017cy m.in. od powierzchni no\u015bnika oraz stawek okre\u015blonych w uchwale.<\/p>\n<p>Pozna\u0144 usuwa kolejne no\u015bniki<\/p>\n<p>P\u00f3\u0142wiejska jest cz\u0119\u015bci\u0105 szerszych dzia\u0142a\u0144 prowadzonych przez miasto. W 2025 roku na terenie Poznania usuni\u0119to w sumie a\u017c 641 no\u015bnik\u00f3w reklamowych, natomiast wysoko\u015b\u0107 na\u0142o\u017conych kar wynios\u0142a \u0142\u0105cznie 4,3 mln z\u0142! Pozna\u0144 zach\u0119ca przedsi\u0119biorc\u00f3w, aby przed zamontowaniem nowego szyldu lub reklamy sprawdzali jego zgodno\u015b\u0107 z uchwa\u0142\u0105. Ma w tym pom\u00f3c przygotowany przez miasto \u201eSzyldownik\u201d oraz mo\u017cliwo\u015b\u0107 uzyskania opinii jeszcze przed wykonaniem no\u015bnika. Zmiany widoczne na P\u00f3\u0142wiejskiej to bardzo wyra\u017any i skuteczny efekt uchwa\u0142y i zwi\u0105zanych z ni\u0105 dzia\u0142a\u0144. Ulica stopniowo zamienia si\u0119 z reklamowego \u015bmietnika w estetyczny \u015br\u00f3dmiejski deptak.<\/p>\n<p>\u017ar\u00f3d\u0142o: UM Pozna\u0144<\/p>\n<p>Czytaj te\u017c:\u00a0<a class=\"in-cell-link\" href=\"https:\/\/www.whitemad.pl\/?s=Pozna%C5%84\" target=\"_blank\" rel=\"noopener nofollow\">Pozna\u0144<\/a>\u00a0|\u00a0<a class=\"in-cell-link\" href=\"https:\/\/www.whitemad.pl\/tag\/miasto\/\" target=\"_blank\" rel=\"noopener nofollow\">Miasto<\/a>\u00a0|\u00a0<a class=\"in-cell-link\" href=\"https:\/\/www.whitemad.pl\/?s=Ciekawostki\" target=\"_blank\" rel=\"noopener nofollow\">Ciekawostki<\/a>\u00a0|\u00a0<a class=\"in-cell-link\" href=\"https:\/\/www.whitemad.pl\/tag\/place-skwery-parki\/\" target=\"_blank\" rel=\"noopener nofollow\">Place, Skwery, Parki<\/a>\u00a0|\u00a0<a class=\"in-cell-link\" href=\"https:\/\/www.instagram.com\/whitemadmagazine\/?hl=pl\" target=\"_blank\" rel=\"noopener nofollow\">whiteMAD na Instagramie<\/a><\/p>\n<p>\t\t\t\t\t\t\t\t\t<script async src=\"\/\/www.instagram.com\/embed.js\"><\/script><\/p>\n","protected":false},"excerpt":{"rendered":"G\u0142\u00f3wny deptak Poznania przeszed\u0142 w\u0142a\u015bnie wizerunkowy lifting. Z P\u00f3\u0142wiejskiej usuni\u0119to blisko 160 reklam, kt\u00f3re nie spe\u0142nia\u0142y wymog\u00f3w uchwa\u0142y&hellip;\n","protected":false},"author":2,"featured_media":668717,"comment_status":"","ping_status":"","sticky":false,"template":"","format":"standard","meta":{"footnotes":"","_share_on_mastodon":"0"},"categories":[51609],"tags":[11145,208,11565,3846,1066,129736,42,38,40,39,41,1817],"class_list":["post-668716","post","type-post","status-publish","format-standard","has-post-thumbnail","category-poznan","tag-architektura","tag-ciekawostki","tag-elewacja","tag-metamorfoza","tag-miasto","tag-miejsca-publiczne","tag-pl","tag-poland","tag-polish","tag-polska","tag-polski","tag-poznan"],"share_on_mastodon":{"url":"https:\/\/pubeurope.com\/@pl\/117217333266331454","error":""},"_links":{"self":[{"href":"https:\/\/www.europesays.com\/pl\/wp-json\/wp\/v2\/posts\/668716","targetHints":{"allow":["GET"]}}],"collection":[{"href":"https:\/\/www.europesays.com\/pl\/wp-json\/wp\/v2\/posts"}],"about":[{"href":"https:\/\/www.europesays.com\/pl\/wp-json\/wp\/v2\/types\/post"}],"author":[{"embeddable":true,"href":"https:\/\/www.europesays.com\/pl\/wp-json\/wp\/v2\/users\/2"}],"replies":[{"embeddable":true,"href":"https:\/\/www.europesays.com\/pl\/wp-json\/wp\/v2\/comments?post=668716"}],"version-history":[{"count":0,"href":"https:\/\/www.europesays.com\/pl\/wp-json\/wp\/v2\/posts\/668716\/revisions"}],"wp:featuredmedia":[{"embeddable":true,"href":"https:\/\/www.europesays.com\/pl\/wp-json\/wp\/v2\/media\/668717"}],"wp:attachment":[{"href":"https:\/\/www.europesays.com\/pl\/wp-json\/wp\/v2\/media?parent=668716"}],"wp:term":[{"taxonomy":"category","embeddable":true,"href":"https:\/\/www.europesays.com\/pl\/wp-json\/wp\/v2\/categories?post=668716"},{"taxonomy":"post_tag","embeddable":true,"href":"https:\/\/www.europesays.com\/pl\/wp-json\/wp\/v2\/tags?post=668716"}],"curies":[{"name":"wp","href":"https:\/\/api.w.org\/{rel}","templated":true}]}}