{"id":668772,"date":"2026-09-05T08:21:16","date_gmt":"2026-09-05T08:21:16","guid":{"rendered":"https:\/\/www.europesays.com\/pl\/668772\/"},"modified":"2026-09-05T08:21:16","modified_gmt":"2026-09-05T08:21:16","slug":"tych-dozynek-zazdrosci-nam-polska-przelewice-kroluja-w-weekend","status":"publish","type":"post","link":"https:\/\/www.europesays.com\/pl\/668772\/","title":{"rendered":"\u201eTych do\u017cynek zazdro\u015bci nam Polska\u201d. Przelewice kr\u00f3luj\u0105 w weekend"},"content":{"rendered":"<p>\n                        Do\u017cynki Wojew\u00f3dzkie w tym roku po raz kolejny odb\u0119d\u0105 si\u0119 w Przelewicach. Najbli\u017cszy weekend (5 i 6 wrze\u015bnia) wype\u0142niony b\u0119dzie tradycjami, regionalnymi potrawami, koncertami, konkursami, pokazami i licznymi atrakcjami dla ca\u0142ych rodzin.\n                    <\/p>\n<p>Korow\u00f3d do\u017cynkowy poprowadzi Zesp\u00f3\u0142 Pie\u015bni i Ta\u0144ca Szczecinianie. \u2013 Do\u017cynki to najwa\u017cniejsze \u015bwi\u0119to ludowe niezwi\u0105zane stricte z religi\u0105. To podzi\u0119kowanie rolnikom i ich rodzinom za ich prac\u0119 i trud oraz za plony. Jeste\u015bmy dumni, \u017ce mo\u017cemy rozpoczyna\u0107 do\u017cynki w Przelewicach ju\u017c kolejny raz. Przygotowujemy si\u0119 do tego wydarzenia wiele miesi\u0119cy \u2013 m\u00f3wi Krzysztof Kami\u0144ski z zespo\u0142u. \u2013 Ca\u0142y rok na to czekamy, a organizacja w Ogrodzie Dendrologicznym w Przelewicach jest na najwy\u017cszym poziomie.<\/p>\n<p>W specjalnym wydaniu programu \u015bniadaniowego portalu wSzczecinie.pl Olgierd Geblewicz, marsza\u0142ek wojew\u00f3dztwa zachodniopomorskiego m\u00f3wi\u0142 o tradycjach do\u017cynkowych w regionie, ale tak\u017ce o tym, dlaczego to w\u0142a\u015bnie ogr\u00f3d dendrologiczny w Przelewicach jest jednym z najwa\u017cniejszych miejsc w Zachodniopomorskiem dla lokalnej kultury i rolnictwa.<\/p>\n<p>\u2013 Chcemy pokaza\u0107 pi\u0119kno tego miejsca. To wyj\u0105tkowe, niezwyk\u0142e, magiczne miejsce z zieleni\u0105, jakiej nie ma nigdzie indziej. W kr\u00f3tkim czasie uda\u0142o nam si\u0119 zrobi\u0107 ju\u017c ca\u0142kiem sporo. Folwark zosta\u0142 ju\u017c mocno odrestaurowany, ogrody realnie \u017cyj\u0105 wydarzeniami artystycznymi, kulturalnymi, ale tak\u017ce ekologicznymi \u2013 m\u00f3wi Olgierd Geblewicz. \u2013 To nie jest jeszcze fina\u0142 naszych prac. Mamy kolejne plany. Chcemy wyr\u00f3wna\u0107 plac folwarczny. Jest plan tak\u017ce na kolejne obiekty. To kwestia przysz\u0142o\u015bci.<\/p>\n<p>Program do\u017cynek\u00a0wype\u0142ni\u0105 m.in. przejazdy zabytkowych traktor\u00f3w, wyst\u0119py lokalnych zespo\u0142\u00f3w i artyst\u00f3w oraz koncerty na g\u0142\u00f3wnej scenie. W sobotni wiecz\u00f3r wyst\u0105pi\u0105 m.in. Marcin BROKAT Czerwi\u0144ski, Brylant i Andrzej Piaseczny (kt\u00f3rego koncert planowany jest oko\u0142o godz. 21:00). Dzie\u0144 zako\u0144czy taneczna zabawa pod go\u0142ym niebem.<\/p>\n<p>Na odwiedzaj\u0105cych czeka\u0107 b\u0119d\u0105 r\u00f3wnie\u017c liczne strefy tematyczne \u2013 od ekspozycji zabytkowych maszyn i motocykli, przez pokazy tradycyjnej m\u0142\u00f3cki, po stoiska edukacyjne i s\u0142u\u017cb mundurowych. Nie zabraknie \u201eAlei Zachodniopomorskie Smaki \u2013 produkty tradycyjne Wojew\u00f3dztwa Zachodniopomorskiego\u201d oraz Festynu Obszar\u00f3w Wiejskich, gdzie swoje wyroby zaprezentuj\u0105 so\u0142ectwa i Ko\u0142a Gospody\u0144 Wiejskich. W ofercie znajd\u0105 si\u0119 regionalne potrawy, r\u0119kodzie\u0142o i lokalne produkty.<\/p>\n<p>Atrakcje przygotowano tak\u017ce z my\u015bl\u0105 o najm\u0142odszych. W programie znalaz\u0142y si\u0119 strefa zabaw i animacji, dmucha\u0144ce, rodzinne warsztaty oraz gry terenowe. W niedziel\u0119 tradycyjnie odb\u0119dzie si\u0119 tak\u017ce Przegl\u0105d Piosenki Rozrywkowej.<\/p>\n<p>\u2013 Mamy fantastycznych wystawc\u00f3w. Wiele b\u0119dzie si\u0119 dzia\u0142o w cz\u0119\u015bci gastronomicznej. W niedziel\u0119 przegl\u0105d piosenki rozrywkowej \u2013 m\u00f3wi Angnieszka Wancerz, zast\u0119pczyni dyrektora Ogrodu Dendrologicznego w Przelewicach.<\/p>\n<p>Do\u017cynki Wojew\u00f3dzkie w Przelewicach potrwaj\u0105 ca\u0142y weekend. Szczeg\u00f3\u0142owy program: <a href=\"https:\/\/ogrodprzelewice.pl\/aktualnosci\/dozynki-wojewodzkie-2026\/\" rel=\"nofollow noopener\" target=\"_blank\">https:\/\/ogrodprzelewice.pl\/aktualnosci\/dozynki-wojewodzkie-2026\/<\/a><\/p>\n<p>Do\u017cynki s\u0105 du\u017cym wydarzeniem, ale przedstawiciele Ogrodu podkre\u015blaj\u0105, \u017ce wiele dzieje si\u0119 tu na co dzie\u0144. Ju\u017c za tydzie\u0144 na przyk\u0142ad s\u0142ynna Noc Bajek, a sporo zaj\u0119\u0107 i warsztat\u00f3w anga\u017cuj\u0105cych dzieci, m\u0142odzie\u017c oraz senior\u00f3w organizowanych jest w tygodniu.\u00a0<\/p>\n","protected":false},"excerpt":{"rendered":"Do\u017cynki Wojew\u00f3dzkie w tym roku po raz kolejny odb\u0119d\u0105 si\u0119 w Przelewicach. Najbli\u017cszy weekend (5 i 6 wrze\u015bnia)&hellip;\n","protected":false},"author":2,"featured_media":668773,"comment_status":"","ping_status":"","sticky":false,"template":"","format":"standard","meta":{"footnotes":"","_share_on_mastodon":"0"},"categories":[12],"tags":[291,1089,3839,3511,261,3840,42,38,40,907,39,41,123,2307,26,1092],"class_list":["post-668772","post","type-post","status-publish","format-standard","has-post-thumbnail","category-polska","tag-historia","tag-imprezy","tag-interwencje","tag-inwestycje","tag-kultura","tag-lokale","tag-pl","tag-poland","tag-polish","tag-polityka","tag-polska","tag-polski","tag-rozrywka","tag-szczecin","tag-wiadomosci","tag-wydarzenia"],"share_on_mastodon":{"url":"https:\/\/pubeurope.com\/@pl\/117217465732946883","error":""},"_links":{"self":[{"href":"https:\/\/www.europesays.com\/pl\/wp-json\/wp\/v2\/posts\/668772","targetHints":{"allow":["GET"]}}],"collection":[{"href":"https:\/\/www.europesays.com\/pl\/wp-json\/wp\/v2\/posts"}],"about":[{"href":"https:\/\/www.europesays.com\/pl\/wp-json\/wp\/v2\/types\/post"}],"author":[{"embeddable":true,"href":"https:\/\/www.europesays.com\/pl\/wp-json\/wp\/v2\/users\/2"}],"replies":[{"embeddable":true,"href":"https:\/\/www.europesays.com\/pl\/wp-json\/wp\/v2\/comments?post=668772"}],"version-history":[{"count":0,"href":"https:\/\/www.europesays.com\/pl\/wp-json\/wp\/v2\/posts\/668772\/revisions"}],"wp:featuredmedia":[{"embeddable":true,"href":"https:\/\/www.europesays.com\/pl\/wp-json\/wp\/v2\/media\/668773"}],"wp:attachment":[{"href":"https:\/\/www.europesays.com\/pl\/wp-json\/wp\/v2\/media?parent=668772"}],"wp:term":[{"taxonomy":"category","embeddable":true,"href":"https:\/\/www.europesays.com\/pl\/wp-json\/wp\/v2\/categories?post=668772"},{"taxonomy":"post_tag","embeddable":true,"href":"https:\/\/www.europesays.com\/pl\/wp-json\/wp\/v2\/tags?post=668772"}],"curies":[{"name":"wp","href":"https:\/\/api.w.org\/{rel}","templated":true}]}}