{"id":668804,"date":"2026-09-05T08:45:13","date_gmt":"2026-09-05T08:45:13","guid":{"rendered":"https:\/\/www.europesays.com\/pl\/668804\/"},"modified":"2026-09-05T08:45:13","modified_gmt":"2026-09-05T08:45:13","slug":"swiatowy-dzien-fas-w-lublinie-eksperci-porozmawiaja-o-profilaktyce-i-wsparciu-rodzin","status":"publish","type":"post","link":"https:\/\/www.europesays.com\/pl\/668804\/","title":{"rendered":"\u015awiatowy Dzie\u0144 FAS w Lublinie. Eksperci porozmawiaj\u0105 o profilaktyce i wsparciu rodzin"},"content":{"rendered":"<p>Konferencj\u0119 organizuj\u0105 Miasto Lublin oraz Regionalny O\u015brodek Polityki Spo\u0142ecznej w Lublinie. Spotkanie rozpocznie si\u0119 w \u015brod\u0119, 9 wrze\u015bnia, o godz. 8.30 w Hotelu \u201eVictoria\u201d przy ul. Gabriela Narutowicza 58\/60.<\/p>\n<p>Termin wydarzenia nie jest przypadkowy. Tego dnia obchodzony jest \u015awiatowy Dzie\u0144 FAS, kt\u00f3rego celem jest zwi\u0119kszanie \u015bwiadomo\u015bci na temat Alkoholowego Zespo\u0142u P\u0142odowego oraz konsekwencji, jakie mo\u017ce powodowa\u0107 prenatalna ekspozycja na alkohol.<\/p>\n<p>Wiedza i praktyczne formy pomocy<\/p>\n<p>Wydarzenie skierowane jest do psycholog\u00f3w, pedagog\u00f3w, pracownik\u00f3w socjalnych oraz specjalist\u00f3w pracuj\u0105cych z dzie\u0107mi, m\u0142odzie\u017c\u0105 i rodzinami. Mog\u0105 wzi\u0105\u0107 w nim udzia\u0142 r\u00f3wnie\u017c wszystkie osoby zainteresowane tematyk\u0105 FAS i FASD.<\/p>\n<p>Konferencja ma umo\u017cliwi\u0107 uczestnikom pog\u0142\u0119bienie wiedzy, wymian\u0119 do\u015bwiadcze\u0144 oraz poznanie aktualnych rekomendacji dotycz\u0105cych diagnozy, profilaktyki i wspierania rodzin.<\/p>\n<p>\u2014 Konferencja ma na celu zwi\u0119kszenie \u015bwiadomo\u015bci spo\u0142ecznej na temat spektrum p\u0142odowych zaburze\u0144 alkoholowych oraz wzmocnienie kompetencji specjalist\u00f3w odpowiedzialnych za udzielanie wsparcia potrzebuj\u0105cym rodzinom. Pomoc dziecku z FASD wymaga szerokiego podej\u015bcia. Konieczna jest wsp\u00f3\u0142praca rodziny, szko\u0142y, specjalist\u00f3w i instytucji, kt\u00f3re mog\u0105 zaoferowa\u0107 odpowiednie wsparcie. Wsp\u00f3lne dzia\u0142anie daje szans\u0119 na to, by pomoc by\u0142a nie tylko dost\u0119pna, ale przede wszystkim skuteczna \u2014 m\u00f3wi Anna Augustyniak, zast\u0119pca prezydenta Lublina ds. spo\u0142ecznych.<\/p>\n<p>Eksperci o diagnozie i profilaktyce<\/p>\n<p>W programie znalaz\u0142y si\u0119 wyst\u0105pienia po\u015bwi\u0119cone wp\u0142ywowi alkoholu spo\u017cywanego w czasie ci\u0105\u017cy na zdrowie kobiety i rozw\u00f3j dziecka. Eksperci om\u00f3wi\u0105 r\u00f3wnie\u017c trudno\u015bci zwi\u0105zane z rozpoznawaniem FASD oraz przedstawi\u0105 praktyczne rozwi\u0105zania stosowane w pracy z osobami dotkni\u0119tymi tymi zaburzeniami.<\/p>\n<p>Wa\u017cnym punktem spotkania b\u0119dzie dyskusja dotycz\u0105ca profilaktyki oraz interdyscyplinarnej wsp\u00f3\u0142pracy przedstawicieli instytucji pomocowych.<\/p>\n<p>FAS i FASD mog\u0105 wi\u0105za\u0107 si\u0119 mi\u0119dzy innymi z trudno\u015bciami w nauce, koncentracji i zapami\u0119tywaniu, a tak\u017ce z problemami dotycz\u0105cymi regulowania emocji oraz funkcjonowania spo\u0142ecznego. Alkohol przenika przez \u0142o\u017cysko i mo\u017ce negatywnie oddzia\u0142ywa\u0107 na rozwijaj\u0105cy si\u0119 organizm dziecka, szczeg\u00f3lnie na jego m\u00f3zg i uk\u0142ad nerwowy.<\/p>\n<p>\u015awiatowy Dzie\u0144 FAS przypomina, \u017ce nie istnieje bezpieczna dawka alkoholu w ci\u0105\u017cy. Najskuteczniejsz\u0105 metod\u0105 zapobiegania zaburzeniom zwi\u0105zanym z prenataln\u0105 ekspozycj\u0105 na alkohol jest ca\u0142kowita abstynencja przez ca\u0142y okres ci\u0105\u017cy.<\/p>\n<p>Bezp\u0142atny udzia\u0142 po wcze\u015bniejszej rejestracji<\/p>\n<p>Konferencja zosta\u0142a sfinansowana ze \u015brodk\u00f3w Gminnego Programu Profilaktyki i Rozwi\u0105zywania Problem\u00f3w Alkoholowych oraz Przeciwdzia\u0142ania Narkomanii dla Miasta Lublin na lata 2024\u20132026.<\/p>\n<p>Udzia\u0142 w wydarzeniu jest bezp\u0142atny, jednak obowi\u0105zuje wcze\u015bniejsza rejestracja pod numerem telefonu 81 466 34 14. Liczba miejsc jest ograniczona.<\/p>\n<p><a href=\"https:\/\/www.lublin112.pl\/wp-content\/uploads\/2026\/09\/Program-Konferencja-FAS-bez-tajemnic-9_09_2026.pdf\" rel=\"nofollow noopener\" target=\"_blank\">Program \u2013 Konferencja FAS bez tajemnic 9.09.2026<\/a><\/p>\n<p>\u0179r\u00f3d\u0142o: UM Lublin<\/p>\n<p>\n                                    <a href=\"https:\/\/www.google.com\/preferences\/source?q=lublin112.pl\" target=\"_blank\" rel=\"noopener noreferrer nofollow\" onclick=\"if (!window.__cfRLUnblockHandlers) return false; gtag(&#039;event&#039;, &#039;google_preferred_source_click&#039;, {&#010;                                           &#039;link_url&#039;: this.href,&#010;                                           &#039;link_text&#039;: &#039;Ustaw lublin112.pl jako preferowane \u017ar\u00f3d\u0142o&#039;&#010;                                       });\" style=\"text-align:center;display:block;\" data-cf-modified-e28eb0b3ff1032e1b97b170c-=\"\"><br \/>\n                                        <img decoding=\"async\" src=\"https:\/\/www.europesays.com\/pl\/wp-content\/uploads\/2026\/09\/1788597913_707_lublin112-google-source.webp\" alt=\"Ustaw lublin112.pl jako preferowane \u017ar\u00f3d\u0142o w Google\" style=\"max-width: 70%;\"\/><br \/>\n                                    <\/a><br \/>\n                                    <\/p>\n","protected":false},"excerpt":{"rendered":"Konferencj\u0119 organizuj\u0105 Miasto Lublin oraz Regionalny O\u015brodek Polityki Spo\u0142ecznej w Lublinie. Spotkanie rozpocznie si\u0119 w \u015brod\u0119, 9 wrze\u015bnia,&hellip;\n","protected":false},"author":2,"featured_media":668805,"comment_status":"","ping_status":"","sticky":false,"template":"","format":"standard","meta":{"footnotes":"","_share_on_mastodon":"0"},"categories":[51612],"tags":[2516,78750,129748,10820,1081,42,38,40,39,41,11184,129749,129750],"class_list":["post-668804","post","type-post","status-publish","format-standard","has-post-thumbnail","category-lublin","tag-ciaza","tag-fas","tag-fasd","tag-konferencja","tag-lublin","tag-pl","tag-poland","tag-polish","tag-polska","tag-polski","tag-profilaktyka","tag-swiatowy-dzien-fas","tag-wsparcie-rodzin"],"share_on_mastodon":{"url":"https:\/\/pubeurope.com\/@pl\/117217561214231851","error":""},"_links":{"self":[{"href":"https:\/\/www.europesays.com\/pl\/wp-json\/wp\/v2\/posts\/668804","targetHints":{"allow":["GET"]}}],"collection":[{"href":"https:\/\/www.europesays.com\/pl\/wp-json\/wp\/v2\/posts"}],"about":[{"href":"https:\/\/www.europesays.com\/pl\/wp-json\/wp\/v2\/types\/post"}],"author":[{"embeddable":true,"href":"https:\/\/www.europesays.com\/pl\/wp-json\/wp\/v2\/users\/2"}],"replies":[{"embeddable":true,"href":"https:\/\/www.europesays.com\/pl\/wp-json\/wp\/v2\/comments?post=668804"}],"version-history":[{"count":0,"href":"https:\/\/www.europesays.com\/pl\/wp-json\/wp\/v2\/posts\/668804\/revisions"}],"wp:featuredmedia":[{"embeddable":true,"href":"https:\/\/www.europesays.com\/pl\/wp-json\/wp\/v2\/media\/668805"}],"wp:attachment":[{"href":"https:\/\/www.europesays.com\/pl\/wp-json\/wp\/v2\/media?parent=668804"}],"wp:term":[{"taxonomy":"category","embeddable":true,"href":"https:\/\/www.europesays.com\/pl\/wp-json\/wp\/v2\/categories?post=668804"},{"taxonomy":"post_tag","embeddable":true,"href":"https:\/\/www.europesays.com\/pl\/wp-json\/wp\/v2\/tags?post=668804"}],"curies":[{"name":"wp","href":"https:\/\/api.w.org\/{rel}","templated":true}]}}