{"id":668814,"date":"2026-09-05T08:51:27","date_gmt":"2026-09-05T08:51:27","guid":{"rendered":"https:\/\/www.europesays.com\/pl\/668814\/"},"modified":"2026-09-05T08:51:27","modified_gmt":"2026-09-05T08:51:27","slug":"mpk-wroclaw-nadalo-tramwajowi-imie-andrzeja-markowskiego","status":"publish","type":"post","link":"https:\/\/www.europesays.com\/pl\/668814\/","title":{"rendered":"MPK Wroc\u0142aw nada\u0142o tramwajowi imi\u0119 Andrzeja Markowskiego"},"content":{"rendered":"<p>&#13;<br \/>\n                                        &#13;<br \/>\n            \t\t\t\t\t\t\t\t\t\t\t\t\t\t\t                        &#13;<\/p>\n<p>Opis galerii: Tramwaj MPK Wroc\u0142aw otrzyma\u0142 imi\u0119 Andrzeja Markowskiego podczas inauguracji festiwalu Wratislavia Cantans.<\/p>\n<p>&#13;<\/p>\n<p>Andrzej Markowski, wybitny dyrygent i kompozytor oraz tw\u00f3rca festiwalu Wratislavia Cantans, zosta\u0142 patronem jednego z tramwaj\u00f3w MPK Wroc\u0142aw. Uroczysto\u015b\u0107 nadania imienia odby\u0142a si\u0119 3 wrze\u015bnia przy Operze Wroc\u0142awskiej, w dniu inauguracji 61. edycji festiwalu, kt\u00f3ry Markowski powo\u0142a\u0142 do \u017cycia.<\/p>\n<p>&#13;<\/p>\n<p>Wydarzenie zosta\u0142o zorganizowane wsp\u00f3lnie przez MPK Wroc\u0142aw oraz Narodowe Forum Muzyki im. Witolda Lutos\u0142awskiego. W uroczysto\u015bci uczestniczyli przedstawiciele miasta, instytucji kultury, MPK Wroc\u0142aw oraz rodzina patrona, w tym jego c\u00f3rka Ma\u0142gorzata Markowska.<\/p>\n<p>&#13;<br \/>\nAndrzej Markowski patronem tramwaju&#13;<\/p>\n<p>Andrzej Markowski by\u0142 dyrygentem, kompozytorem, dyrektorem Filharmonii Wroc\u0142awskiej oraz tw\u00f3rc\u0105 i pierwszym dyrektorem artystycznym Mi\u0119dzynarodowego Festiwalu Wratislavia Cantans. Festiwal, kt\u00f3rego pierwsza edycja odby\u0142a si\u0119 w 1966 roku, sta\u0142 si\u0119 jednym z wa\u017cnych wydarze\u0144 muzycznych Wroc\u0142awia.<\/p>\n<p>&#13;<\/p>\n<p>Nadanie imienia tramwajowi odby\u0142o si\u0119 w dniu inauguracji tegorocznej edycji wydarzenia. W ten spos\u00f3b patron pojazdu zosta\u0142 bezpo\u015brednio po\u0142\u0105czony z festiwalem, kt\u00f3rego by\u0142 pomys\u0142odawc\u0105 i tw\u00f3rc\u0105.<\/p>\n<p>&#13;<\/p>\n<p>Na tramwaju umieszczono wizerunek Andrzeja Markowskiego, a tak\u017ce cytaty oraz informacje dotycz\u0105ce jego biografii i dzia\u0142alno\u015bci artystycznej.<\/p>\n<p>&#13;<\/p>\n<p>\u2014 To ju\u017c kilkuletnia tradycja upami\u0119tniania os\u00f3b, kt\u00f3re w wyj\u0105tkowy spos\u00f3b wpisa\u0142y si\u0119 w histori\u0119 Wroc\u0142awia. To ju\u017c 22. patron wroc\u0142awskiego tramwaju \u2014 zaznaczy\u0142 Witold Wo\u017any, prezes MPK Wroc\u0142aw.<\/p>\n<p>&#13;<\/p>\n<p>Jak doda\u0142, uroczysto\u015b\u0107 odbywa si\u0119 w dniu inauguracji 61. Festiwalu Wratislavia Cantans, a pasa\u017cerowie tramwaju b\u0119d\u0105 mogli pozna\u0107 najwa\u017cniejsze informacje z biografii jego patrona.<\/p>\n<p>&#13;<br \/>\nTramwaj jako forma upami\u0119tnienia&#13;<\/p>\n<p>Nadawanie imion tramwajom jest wroc\u0142awsk\u0105 tradycj\u0105. W ten spos\u00f3b MPK Wroc\u0142aw przypomina o osobach zwi\u0105zanych z histori\u0105 miasta, kultur\u0105, nauk\u0105, sportem i innymi dziedzinami \u017cycia.<\/p>\n<p>&#13;<\/p>\n<p>\u2014 Do grona wybitnych postaci upami\u0119tnionych na wroc\u0142awskich tramwajach do\u0142\u0105cza dzi\u015b Andrzej Markowski. Obok takich osobowo\u015bci jak Wojciech Jerzy Has, Marek H\u0142asko czy zas\u0142u\u017ceni dla miasta sportowcy, swoje miejsce znajduje cz\u0142owiek, kt\u00f3ry na trwa\u0142e zapisa\u0142 si\u0119 w historii polskiej kultury i Wroc\u0142awia \u2014 m\u00f3wi\u0142 Ryszard Kessler, wiceprezydent Wroc\u0142awia.<\/p>\n<p>&#13;<\/p>\n<p>Podczas uroczysto\u015bci g\u0142os zabra\u0142 tak\u017ce Mateusz \u017bak, wiceprezydent Wroc\u0142awia. Podkre\u015bli\u0142 znaczenie tramwaj\u00f3w jako elementu miejskiej przestrzeni oraz mo\u017cliwo\u015b\u0107 wykorzystywania ich do przypominania mieszka\u0144com o osobach zwi\u0105zanych z Wroc\u0142awiem.<\/p>\n<p>&#13;<\/p>\n<p>\u2014 Niebieskie tramwaje s\u0105 jednym z symboli naszego miasta i jego wolno\u015bci. Dlatego cieszy nas, \u017ce mog\u0105 przypomina\u0107 mieszka\u0144com o osobach, kt\u00f3re mia\u0142y szczeg\u00f3lny wk\u0142ad w rozw\u00f3j miasta. Andrzej Markowski pozostaje autorytetem dla kolejnych pokole\u0144 artyst\u00f3w i odbiorc\u00f3w kultury \u2014 podkre\u015bli\u0142 Mateusz \u017bak.<\/p>\n<p>&#13;<br \/>\nMuzyczna oprawa uroczysto\u015bci&#13;<\/p>\n<p>Ods\u0142oni\u0119ciu tramwaju towarzyszy\u0142 koncert w wykonaniu LutosAir Quintet, zespo\u0142u rezyduj\u0105cego w Narodowym Forum Muzyki. Nast\u0119pnie uczestnicy wydarzenia mogli obejrze\u0107 materia\u0142y wizualne po\u015bwi\u0119cone Andrzejowi Markowskiemu oraz festiwalowi Wratislavia Cantans.<\/p>\n<p>&#13;<\/p>\n<p>Odby\u0142 si\u0119 r\u00f3wnie\u017c symboliczny przejazd okoliczno\u015bciowy pod Narodowe Forum Muzyki. Tym samym tramwaj im. Andrzeja Markowskiego rozpocz\u0105\u0142 swoj\u0105 obecno\u015b\u0107 na ulicach Wroc\u0142awia.<\/p>\n<p>&#13;<\/p>\n<p>\u2014 Gdy spojrzymy na biografi\u0119 Andrzeja Markowskiego, trudno oprze\u0107 si\u0119 wra\u017ceniu, \u017ce by\u0142 cz\u0142owiekiem, kt\u00f3ry nieustannie wyznacza\u0142 nowe kierunki i nigdy nie sta\u0142 w miejscu. Od dzi\u015b tramwaj nosz\u0105cy jego imi\u0119 b\u0119dzie codziennie przemierza\u0142 ulice Wroc\u0142awia, przypominaj\u0105c mieszka\u0144com o jego dorobku i wk\u0142adzie w kultur\u0119 naszego miasta \u2014 podkre\u015bla\u0142a Olga Hume\u0144czuk, dyrektor Narodowego Forum Muzyki im. Witolda Lutos\u0142awskiego.<\/p>\n<p>&#13;<\/p>\n<p>Jak zaznaczy\u0142a, szczeg\u00f3lne znaczenie ma fakt, \u017ce tramwaj zosta\u0142 ods\u0142oni\u0119ty podczas inauguracji festiwalu stworzonego przez Andrzeja Markowskiego.<\/p>\n<p>&#13;<br \/>\nWsp\u00f3lna inicjatywa MPK Wroc\u0142aw i NFM&#13;<\/p>\n<p>Uroczysto\u015b\u0107 nadania imienia by\u0142a wsp\u00f3ln\u0105 inicjatyw\u0105 MPK Wroc\u0142aw i Narodowego Forum Muzyki. Obie instytucje nawi\u0105za\u0142y w ten spos\u00f3b do dorobku Andrzeja Markowskiego oraz jego zwi\u0105zku z \u017cyciem muzycznym Wroc\u0142awia.<\/p>\n<p>&#13;<\/p>\n<p>Tramwaj im. Andrzeja Markowskiego do\u0142\u0105czy\u0142 do pojazd\u00f3w upami\u0119tniaj\u0105cych osoby zwi\u0105zane z histori\u0105 miasta. Jego patron b\u0119dzie przypominany mieszka\u0144com nie tylko podczas wydarze\u0144 kulturalnych, ale r\u00f3wnie\u017c w codziennej przestrzeni Wroc\u0142awia.<\/p>\n<p>                            &#13;<br \/>\n                \t\t\t                            &#13;<br \/>\n                                                        &#13;<br \/>\n\t\t\t\t\t\t\t            &#13;<br \/>\n                            &#13;<br \/>\n                            &#13;<\/p>\n","protected":false},"excerpt":{"rendered":"&#13; &#13; &#13; Opis galerii: Tramwaj MPK Wroc\u0142aw otrzyma\u0142 imi\u0119 Andrzeja Markowskiego podczas inauguracji festiwalu Wratislavia Cantans. &#13;&hellip;\n","protected":false},"author":2,"featured_media":668815,"comment_status":"","ping_status":"","sticky":false,"template":"","format":"standard","meta":{"footnotes":"","_share_on_mastodon":"0"},"categories":[51607],"tags":[19952,51809,42,38,40,39,41,1853],"class_list":["post-668814","post","type-post","status-publish","format-standard","has-post-thumbnail","category-wroclaw","tag-db","tag-dw","tag-pl","tag-poland","tag-polish","tag-polska","tag-polski","tag-wroclaw"],"share_on_mastodon":{"url":"https:\/\/pubeurope.com\/@pl\/117217583644000286","error":""},"_links":{"self":[{"href":"https:\/\/www.europesays.com\/pl\/wp-json\/wp\/v2\/posts\/668814","targetHints":{"allow":["GET"]}}],"collection":[{"href":"https:\/\/www.europesays.com\/pl\/wp-json\/wp\/v2\/posts"}],"about":[{"href":"https:\/\/www.europesays.com\/pl\/wp-json\/wp\/v2\/types\/post"}],"author":[{"embeddable":true,"href":"https:\/\/www.europesays.com\/pl\/wp-json\/wp\/v2\/users\/2"}],"replies":[{"embeddable":true,"href":"https:\/\/www.europesays.com\/pl\/wp-json\/wp\/v2\/comments?post=668814"}],"version-history":[{"count":0,"href":"https:\/\/www.europesays.com\/pl\/wp-json\/wp\/v2\/posts\/668814\/revisions"}],"wp:featuredmedia":[{"embeddable":true,"href":"https:\/\/www.europesays.com\/pl\/wp-json\/wp\/v2\/media\/668815"}],"wp:attachment":[{"href":"https:\/\/www.europesays.com\/pl\/wp-json\/wp\/v2\/media?parent=668814"}],"wp:term":[{"taxonomy":"category","embeddable":true,"href":"https:\/\/www.europesays.com\/pl\/wp-json\/wp\/v2\/categories?post=668814"},{"taxonomy":"post_tag","embeddable":true,"href":"https:\/\/www.europesays.com\/pl\/wp-json\/wp\/v2\/tags?post=668814"}],"curies":[{"name":"wp","href":"https:\/\/api.w.org\/{rel}","templated":true}]}}