{"id":668832,"date":"2026-09-05T09:01:17","date_gmt":"2026-09-05T09:01:17","guid":{"rendered":"https:\/\/www.europesays.com\/pl\/668832\/"},"modified":"2026-09-05T09:01:17","modified_gmt":"2026-09-05T09:01:17","slug":"rosja-przyparta-do-sciany-ze-zbozem-panstwa-baltyckie-reaguja","status":"publish","type":"post","link":"https:\/\/www.europesays.com\/pl\/668832\/","title":{"rendered":"Rosja przyparta do \u015bciany ze zbo\u017cem. Pa\u0144stwa ba\u0142tyckie reaguj\u0105"},"content":{"rendered":"<p>\u0141otwa i Litwa przymierzaj\u0105 si\u0119 do wstrzymania przewozu rosyjskiego zbo\u017ca przez swoje porty &#8211; poda\u0142a agencja Reutera. Rosja zacz\u0119\u0142a przekierowywa\u0107 eksport zbo\u017ca drog\u0105 morsk\u0105 z Morza Czarnego na Ba\u0142tyk wskutek uderze\u0144 Ukrainy na statki i infrastruktur\u0119 portow\u0105 Moskwy.<\/p>\n<p>    <img decoding=\"async\" src=\"https:\/\/www.europesays.com\/pl\/wp-content\/uploads\/2026\/09\/ODg4MjkwYCUGVjtZRAxtMEUObwMCVWNmEhZ3SERGfXRXTHtdXlgpLQtRPw8bGGEjFUE9CxwHYTQLGywaAlg5dUhQJBkbGy49SFEg.jpeg\" width=\"1200\" height=\"675\" loading=\"eager\" fetchpriority=\"high\" class=\"wp-media-image\" alt=\"\u0141adowanie zbo\u017ca na statek\"\/>\u0141adowanie zbo\u017ca na statek<\/p>\n<p>\u0179r\u00f3d\u0142o zdj\u0119\u0107: \u00a9 East News | Claudius Thiriet \/ Biosphoto<\/p>\n<p>  <img loading=\"lazy\" decoding=\"async\" src=\"https:\/\/www.europesays.com\/pl\/wp-content\/uploads\/2026\/09\/1788598877_674_MWI4NDZhYjYoVjh3dRNvI2sObC0zSmF1PBZ0ZnVcfS99BGEiMwQoJSxEIWo9GjgnKEM-aioEYjY5XWEya0cpPjpEIiUjRyg6K1Eq.jpeg\"  alt=\"Bart\u0142omiej Chudy\" height=\"40\" width=\"40\" class=\"rounded-full select-none text-[--color-gray-700] bg-[--bg-content] wp-author-avatar\"\/>16 komentarzy S\u0142uchaj  Udost\u0119pnij na Facebooku    Udost\u0119pnij na X   Udost\u0119pnij na WhatsApp   Kopiuj link <\/p>\n<p>D\u017awi\u0119k zosta\u0142 wygenerowany automatycznie i mo\u017ce zawiera\u0107 b\u0142\u0119dy<\/p>\n","protected":false},"excerpt":{"rendered":"\u0141otwa i Litwa przymierzaj\u0105 si\u0119 do wstrzymania przewozu rosyjskiego zbo\u017ca przez swoje porty &#8211; poda\u0142a agencja Reutera. Rosja&hellip;\n","protected":false},"author":2,"featured_media":668833,"comment_status":"","ping_status":"","sticky":false,"template":"","format":"standard","meta":{"footnotes":"","_share_on_mastodon":"0"},"categories":[16],"tags":[113,112,42,38,40,39,41],"class_list":["post-668832","post","type-post","status-publish","format-standard","has-post-thumbnail","category-biznes","tag-biznes","tag-business","tag-pl","tag-poland","tag-polish","tag-polska","tag-polski"],"share_on_mastodon":{"url":"https:\/\/pubeurope.com\/@pl\/117217624213048600","error":""},"_links":{"self":[{"href":"https:\/\/www.europesays.com\/pl\/wp-json\/wp\/v2\/posts\/668832","targetHints":{"allow":["GET"]}}],"collection":[{"href":"https:\/\/www.europesays.com\/pl\/wp-json\/wp\/v2\/posts"}],"about":[{"href":"https:\/\/www.europesays.com\/pl\/wp-json\/wp\/v2\/types\/post"}],"author":[{"embeddable":true,"href":"https:\/\/www.europesays.com\/pl\/wp-json\/wp\/v2\/users\/2"}],"replies":[{"embeddable":true,"href":"https:\/\/www.europesays.com\/pl\/wp-json\/wp\/v2\/comments?post=668832"}],"version-history":[{"count":0,"href":"https:\/\/www.europesays.com\/pl\/wp-json\/wp\/v2\/posts\/668832\/revisions"}],"wp:featuredmedia":[{"embeddable":true,"href":"https:\/\/www.europesays.com\/pl\/wp-json\/wp\/v2\/media\/668833"}],"wp:attachment":[{"href":"https:\/\/www.europesays.com\/pl\/wp-json\/wp\/v2\/media?parent=668832"}],"wp:term":[{"taxonomy":"category","embeddable":true,"href":"https:\/\/www.europesays.com\/pl\/wp-json\/wp\/v2\/categories?post=668832"},{"taxonomy":"post_tag","embeddable":true,"href":"https:\/\/www.europesays.com\/pl\/wp-json\/wp\/v2\/tags?post=668832"}],"curies":[{"name":"wp","href":"https:\/\/api.w.org\/{rel}","templated":true}]}}