{"id":668842,"date":"2026-09-05T09:06:12","date_gmt":"2026-09-05T09:06:12","guid":{"rendered":"https:\/\/www.europesays.com\/pl\/668842\/"},"modified":"2026-09-05T09:06:12","modified_gmt":"2026-09-05T09:06:12","slug":"polacy-z-prezydentem-w-tej-sprawie-tusk-moze-sie-zalamac","status":"publish","type":"post","link":"https:\/\/www.europesays.com\/pl\/668842\/","title":{"rendered":"Polacy z prezydentem w tej sprawie! Tusk mo\u017ce si\u0119 za\u0142ama\u0107"},"content":{"rendered":"<p data-v-01d4021f=\"\">Prezydent Karol Nawrocki domaga si\u0119 od Niemiec za\u0142atwienia sprawy reparacji wojennych. Okazuje si\u0119, \u017ce w tej kwestii ma po swojej stronie znaczn\u0105 cz\u0119\u015b\u0107 Polak\u00f3w. Jak wynika z sonda\u017cu SW Research dla rp.pl, 46,9 proc. badanych uwa\u017ca, \u017ce Polska powinna ubiega\u0107 si\u0119 o reparacje wojenne od Niemiec.<\/p>\n<p data-v-01d4021f=\"\">1 wrze\u015bnia prezydent Karol Nawrocki z Westerplatte zwr\u00f3ci\u0142 si\u0119 do kanclerza Niemiec i narodu niemieckiego, aby za\u0142atwi\u0107 spraw\u0119 reparacji i zado\u015b\u0107uczynienia po II wojnie \u015bwiatowej. Zaapelowa\u0142 m.in. do rz\u0105du i innych polityk\u00f3w o wsp\u00f3lne dzia\u0142anie w tej sprawie.<\/p>\n<p data-v-01d4021f=\"\">Apeluj\u0119 st\u0105d, z\u00a0Westerplatte, do kanclerza Niemiec, do narodu niemieckiego: za\u0142atwmy spraw\u0119 reparacji i zado\u015b\u0107uczynienia z my\u015bl\u0105 o sprawiedliwo\u015bci historycznej, ale i z my\u015bl\u0105 o przysz\u0142o\u015bci<\/p>\n<p data-v-01d4021f=\"\">&#8211; m\u00f3wi\u0142.<\/p>\n<p class=\"isSelectedEnd\" data-v-01d4021f=\"\">Przypominamy, \u017ce Donald Tusk ca\u0142kowicie zrezygnowa\u0142 z walki o reparacje od Niemiec. Polski premier ma ju\u017c na tym polu za sob\u0105 kompromituj\u0105ce sytuacje. By\u0142 o\u015bmieszany zar\u00f3wno przez kanclerza Olafa Scholza, jak i kanclerza Friedricha Merza, kt\u00f3rzy wprost drwili z polskich \u017c\u0105da\u0144 w obecno\u015bci szefa polskiego rz\u0105du, a mimo to nie spotka\u0142o si\u0119 to z \u017cadn\u0105 reakcj\u0105 z jego strony. Zamiast reparacji zaproponowano&#8230; odszkodowania dla nielicznych ju\u017c \u017cyj\u0105cych ofiar II wojny \u015bwiatowej, ale nawet to nie zosta\u0142o dotychczas zrealizowane.<\/p>\n<p>Sonda\u017c<\/p>\n<p class=\"isSelectedEnd\" data-v-01d4021f=\"\">W sonda\u017cu SW Research przeprowadzonym dla rp.pl zapytano Polak\u00f3w, czy ich zdaniem Polska powinna ubiega\u0107 si\u0119 o reparacje wojenne od Niemiec.<\/p>\n<p data-v-01d4021f=\"\">Za takim rozwi\u0105zaniem opowiedzia\u0142o si\u0119 46,9 proc. badanych. Przeciwnego zdania by\u0142o 32,5 proc. respondent\u00f3w, natomiast 20,6 proc. ankietowanych nie potrafi\u0142o zaj\u0105\u0107 stanowiska w tej sprawie.<\/p>\n<p data-v-01d4021f=\"\">Najcz\u0119\u015bciej zwolennikami ubiegania si\u0119 o reparacje s\u0105 osoby w wieku 35<\/p>\n<p data-v-01d4021f=\"\">&#8211; powiedzia\u0142 Przemys\u0142aw Weso\u0142owski, prezes zarz\u0105du agencji badawczej SW Research, komentuj\u0105c wyniki badania.\u00a0<\/p>\n<p data-v-01d4021f=\"\">as\/\u017ar. wPolityce.pl za PAP i RP.pl<\/p>\n","protected":false},"excerpt":{"rendered":"Prezydent Karol Nawrocki domaga si\u0119 od Niemiec za\u0142atwienia sprawy reparacji wojennych. Okazuje si\u0119, \u017ce w tej kwestii ma&hellip;\n","protected":false},"author":2,"featured_media":668843,"comment_status":"","ping_status":"","sticky":false,"template":"","format":"standard","meta":{"footnotes":"","_share_on_mastodon":"0"},"categories":[62712],"tags":[121116,690,88380,127822,13347,72917,907,99789,4362,2462,1005,380,423,231,127821,123474,3654],"class_list":["post-668842","post","type-post","status-publish","format-standard","has-post-thumbnail","category-karol-nawrocki","tag-analizy-polityczne","tag-karol-nawrocki","tag-komentarze-polityczne","tag-kulisy-polityki","tag-opozycja","tag-partie-polityczne","tag-polityka","tag-polityka-krajowa","tag-polityka-zagraniczna","tag-polska-polityka","tag-prezydent","tag-rzad","tag-sejm","tag-sondaze","tag-wiadomosci-polityczne","tag-wpolityce-pl","tag-wybory"],"share_on_mastodon":{"url":"https:\/\/pubeurope.com\/@pl\/117217642706552514","error":""},"_links":{"self":[{"href":"https:\/\/www.europesays.com\/pl\/wp-json\/wp\/v2\/posts\/668842","targetHints":{"allow":["GET"]}}],"collection":[{"href":"https:\/\/www.europesays.com\/pl\/wp-json\/wp\/v2\/posts"}],"about":[{"href":"https:\/\/www.europesays.com\/pl\/wp-json\/wp\/v2\/types\/post"}],"author":[{"embeddable":true,"href":"https:\/\/www.europesays.com\/pl\/wp-json\/wp\/v2\/users\/2"}],"replies":[{"embeddable":true,"href":"https:\/\/www.europesays.com\/pl\/wp-json\/wp\/v2\/comments?post=668842"}],"version-history":[{"count":0,"href":"https:\/\/www.europesays.com\/pl\/wp-json\/wp\/v2\/posts\/668842\/revisions"}],"wp:featuredmedia":[{"embeddable":true,"href":"https:\/\/www.europesays.com\/pl\/wp-json\/wp\/v2\/media\/668843"}],"wp:attachment":[{"href":"https:\/\/www.europesays.com\/pl\/wp-json\/wp\/v2\/media?parent=668842"}],"wp:term":[{"taxonomy":"category","embeddable":true,"href":"https:\/\/www.europesays.com\/pl\/wp-json\/wp\/v2\/categories?post=668842"},{"taxonomy":"post_tag","embeddable":true,"href":"https:\/\/www.europesays.com\/pl\/wp-json\/wp\/v2\/tags?post=668842"}],"curies":[{"name":"wp","href":"https:\/\/api.w.org\/{rel}","templated":true}]}}