{"id":668848,"date":"2026-09-05T09:12:16","date_gmt":"2026-09-05T09:12:16","guid":{"rendered":"https:\/\/www.europesays.com\/pl\/668848\/"},"modified":"2026-09-05T09:12:16","modified_gmt":"2026-09-05T09:12:16","slug":"specjalne-autobusy-na-mecz-jagiellonii-beda-dodatkowe-linie-aktualnosci-wiadomosci-bialystok-online-portal-miejski-bialystok-bialystok","status":"publish","type":"post","link":"https:\/\/www.europesays.com\/pl\/668848\/","title":{"rendered":"Specjalne autobusy na mecz Jagiellonii. B\u0119d\u0105 dodatkowe linie, Aktualno\u015bci, Wiadomo\u015bci Bia\u0142ystok Online Portal Miejski Bia\u0142ystok (Bialystok)"},"content":{"rendered":"\n<p>            <img decoding=\"async\" class=\"art-figimg\" src=\"https:\/\/www.europesays.com\/pl\/wp-content\/uploads\/2026\/09\/150683-e.jpg\" width=\"375\" height=\"250\" alt=\"Specjalne autobusy na mecz Jagiellonii. B\u0119d\u0105 dodatkowe linie\" loading=\"lazy\" fetchpriority=\"high\"\/><br \/>\n            Fot: pixabay.com<\/p>\n<p class=\"art-lid\">W niedziel\u0119, 6 wrze\u015bnia, Jagiellonia Bia\u0142ystok zmierzy si\u0119 ze \u015al\u0105skiem Wroc\u0142aw. W zwi\u0105zku z meczem na stadionie przy ul. S\u0142onecznej uruchomione zostan\u0105 dodatkowe linie autobusowe.<\/p>\n<p class=\"art-cont\">Przed spotkaniem kibice b\u0119d\u0105 mogli skorzysta\u0107 z linii J. Autobusy odjad\u0105 z przystanku Centrum Przydworcowe w kierunku stadionu o godz. 18:45, 19:05, 19:25 i 19:45.<\/p>\n<p>Po zako\u0144czeniu meczu uruchomione zostan\u0105 linie J1, J2, J3, J4, J5 i J6. Ich odjazdy zaplanowano oko\u0142o godz. 22:15.<\/p>\n<p>Na wszystkich dodatkowych liniach b\u0119dzie obowi\u0105zywa\u0142a standardowa taryfa biletowa.<\/p>\n<p class=\"art-autimg\">\n<p>                            <img decoding=\"async\" class=\"art-autimgi\" src=\"https:\/\/www.europesays.com\/pl\/wp-content\/uploads\/2026\/09\/1788599535_491_avatar_1x.jpg\" alt=\"Katarzyna Kozio\u0142\" width=\"64\" height=\"64\" loading=\"lazy\"\/><\/p>\n<p class=\"art-autname\">Katarzyna Kozio\u0142<\/p>\n<p>24@bialystokonline.pl<\/p>\n<p>Przeczytaj tak\u017ce<\/p>\n<p>&#13;<br \/>\n&#13;<br \/>\n&#13;<br \/>\n<img loading=\"lazy\" decoding=\"async\" src=\"https:\/\/www.europesays.com\/pl\/wp-content\/uploads\/2026\/09\/1788599536_685_adlog.gif\" width=\"0\" height=\"0\" alt=\"\" style=\"width: 0px; height: 0px;\"\/><\/p>\n<p>Popularne dzisiaj<\/p>\n","protected":false},"excerpt":{"rendered":"Fot: pixabay.com W niedziel\u0119, 6 wrze\u015bnia, Jagiellonia Bia\u0142ystok zmierzy si\u0119 ze \u015al\u0105skiem Wroc\u0142aw. W zwi\u0105zku z meczem na&hellip;\n","protected":false},"author":2,"featured_media":668849,"comment_status":"","ping_status":"","sticky":false,"template":"","format":"standard","meta":{"footnotes":"","_share_on_mastodon":"0"},"categories":[51614],"tags":[1057,2151,51731,113,51730,3754,51738,51735,4041,1096,1089,399,5809,17334,9880,51736,2921,3840,3749,51734,8736,1232,120,7116,17265,19285,42,5083,38,40,39,41,6309,1756,8815,38950,123,697,129755,129756,800,4278,1323,51737,2879,253],"class_list":["post-668848","post","type-post","status-publish","format-standard","has-post-thumbnail","category-bialystok","tag-autobusy","tag-bialystok","tag-bialystokonline","tag-biznes","tag-bstok","tag-dom","tag-drobne","tag-firm","tag-firmy","tag-hotele","tag-imprezy","tag-informacje","tag-jagiellonia","tag-katalog","tag-kibice","tag-kina","tag-koncert","tag-lokale","tag-mecz","tag-miejski","tag-mieszkanie","tag-motoryzacja","tag-nauka","tag-ogloszenia","tag-on-line","tag-online","tag-pl","tag-podlasie","tag-poland","tag-polish","tag-polska","tag-polski","tag-portal","tag-praca","tag-repertuar","tag-rozklad","tag-rozrywka","tag-slask-wroclaw","tag-specjalne-autobusy-na-mecz-jagiellonii-beda-dodatkowe-linie","tag-stadionaktualnosci","tag-teatr","tag-turystyka","tag-uroda","tag-urzedy","tag-zakupy","tag-zdrowie"],"share_on_mastodon":{"url":"","error":"Validation failed: Text character limit of 500 exceeded"},"_links":{"self":[{"href":"https:\/\/www.europesays.com\/pl\/wp-json\/wp\/v2\/posts\/668848","targetHints":{"allow":["GET"]}}],"collection":[{"href":"https:\/\/www.europesays.com\/pl\/wp-json\/wp\/v2\/posts"}],"about":[{"href":"https:\/\/www.europesays.com\/pl\/wp-json\/wp\/v2\/types\/post"}],"author":[{"embeddable":true,"href":"https:\/\/www.europesays.com\/pl\/wp-json\/wp\/v2\/users\/2"}],"replies":[{"embeddable":true,"href":"https:\/\/www.europesays.com\/pl\/wp-json\/wp\/v2\/comments?post=668848"}],"version-history":[{"count":0,"href":"https:\/\/www.europesays.com\/pl\/wp-json\/wp\/v2\/posts\/668848\/revisions"}],"wp:featuredmedia":[{"embeddable":true,"href":"https:\/\/www.europesays.com\/pl\/wp-json\/wp\/v2\/media\/668849"}],"wp:attachment":[{"href":"https:\/\/www.europesays.com\/pl\/wp-json\/wp\/v2\/media?parent=668848"}],"wp:term":[{"taxonomy":"category","embeddable":true,"href":"https:\/\/www.europesays.com\/pl\/wp-json\/wp\/v2\/categories?post=668848"},{"taxonomy":"post_tag","embeddable":true,"href":"https:\/\/www.europesays.com\/pl\/wp-json\/wp\/v2\/tags?post=668848"}],"curies":[{"name":"wp","href":"https:\/\/api.w.org\/{rel}","templated":true}]}}