{"id":668862,"date":"2026-09-05T09:23:29","date_gmt":"2026-09-05T09:23:29","guid":{"rendered":"https:\/\/www.europesays.com\/pl\/668862\/"},"modified":"2026-09-05T09:23:29","modified_gmt":"2026-09-05T09:23:29","slug":"wroclaw-rekordowe-lato-i-ponad-2-miliony-pasazerow-w-trzy-miesiace","status":"publish","type":"post","link":"https:\/\/www.europesays.com\/pl\/668862\/","title":{"rendered":"Wroc\u0142aw: Rekordowe lato i ponad 2 miliony pasa\u017cer\u00f3w w trzy miesi\u0105ce"},"content":{"rendered":"<p>2 070 322 pasa\u017cer\u00f3w skorzysta\u0142o z Portu Lotniczego Wroc\u0142aw w okresie od pocz\u0105tku czerwca do ko\u0144ca sierpnia 2026 roku. To o ponad 14 proc. wi\u0119cej ni\u017c podczas ubieg\u0142orocznych wakacji. Rekordowy okaza\u0142 si\u0119 r\u00f3wnie\u017c sam sierpie\u0144 \u2013 z wynikiem 725 660 podr\u00f3\u017cnych zosta\u0142 najlepszym miesi\u0105cem w historii wroc\u0142awskiego lotniska. <\/p>\n<p>Tegoroczny sezon wakacyjny przyni\u00f3s\u0142 kolejne rekordy we Wroc\u0142awiu. W czerwcu, lipcu i sierpniu lotnisko obs\u0142u\u017cy\u0142o \u0142\u0105cznie 2 070 322 pasa\u017cer\u00f3w. W analogicznym okresie ubieg\u0142ego roku by\u0142o ich 1 812 450, co oznacza wzrost o ponad 14 proc.<\/p>\n<p>W\u015br\u00f3d pasa\u017cer\u00f3w korzystaj\u0105cych z oferty przewo\u017anik\u00f3w niskokosztowych najwi\u0119kszym zainteresowaniem cieszy\u0142y si\u0119 kierunki w Hiszpanii, Portugalii, W\u0142oszech oraz na Malcie. Wysoki popyt na podr\u00f3\u017ce zagraniczne utrzymywa\u0142 si\u0119 przez ca\u0142e lato, a bardzo dobre wyniki osi\u0105ga\u0142y zar\u00f3wno popularne wakacyjne destynacje, jak i po\u0142\u0105czenia do najwi\u0119kszych europejskich hub\u00f3w przesiadkowych.<\/p>\n<p>Bardzo mocny sezon zanotowa\u0142 r\u00f3wnie\u017c segment po\u0142\u0105cze\u0144 czarterowych. Po raz pierwszy w historii Portu Lotniczego Wroc\u0142aw liczba pasa\u017cer\u00f3w korzystaj\u0105cych z lot\u00f3w organizowanych przez biura podr\u00f3\u017cy przekroczy\u0142a w okresie od czerwca do sierpnia 540 tysi\u0119cy os\u00f3b. Najpopularniejszymi kierunkami by\u0142y turecka Antalya, egipska Marsa Alam oraz grecki Heraklion.<\/p>\n<p>\u2013  Ponad dwa miliony pasa\u017cer\u00f3w obs\u0142u\u017conych w ci\u0105gu trzech wakacyjnych miesi\u0119cy to wynik rekordowy, ale jednocze\u015bnie bardzo wyra\u017any sygna\u0142, \u017ce w obecnej bryle terminala zbli\u017camy si\u0119 ju\u017c do granic mo\u017cliwo\u015bci obs\u0142ugi ruchu w szczytach. Naszym priorytetem jest utrzymanie standardu, do kt\u00f3rego przyzwyczaili\u015bmy pasa\u017cer\u00f3w. Dlatego ju\u017c jesieni\u0105 rozpoczynamy prace przygotowuj\u0105ce lotnisko do nast\u0119pnego sezonu letniego \u2013 tak, aby wraz z dalszym wzrostem liczby podr\u00f3\u017cnych zwi\u0119ksza\u0107 r\u00f3wnie\u017c przepustowo\u015b\u0107 i komfort ich obs\u0142ugi \u2013 m\u00f3wi Karol Przywara, prezes zarz\u0105du Portu Lotniczego Wroc\u0142aw.<\/p>\n<p>Sierpie\u0144 najlepszym miesi\u0105cem w historii<br \/>Rekordowy wynik ca\u0142ego sezonu przypiecz\u0119towa\u0142 sierpie\u0144. W ci\u0105gu 31 dni z us\u0142ug Portu Lotniczego Wroc\u0142aw skorzysta\u0142o 725 660 pasa\u017cer\u00f3w. To o ponad 12 tysi\u0119cy wi\u0119cej ni\u017c w lipcu 2026 roku, kt\u00f3ry do tej pory by\u0142 najlepszym miesi\u0105cem w historii lotniska. Dodatkowo w ostatni weekend sierpnia wroc\u0142awskie lotnisko obs\u0142u\u017cy\u0142o pasa\u017cera nr 4 000 000. <\/p>\n<p>O bardzo du\u017cym zainteresowaniu wakacyjn\u0105 siatk\u0105 po\u0142\u0105cze\u0144 \u015bwiadczy r\u00f3wnie\u017c \u015brednie wype\u0142nienie samolot\u00f3w przewo\u017anik\u00f3w niskokosztowych, kt\u00f3re w sierpniu wynios\u0142o a\u017c 93%. Najch\u0119tniej wybieranymi po\u0142\u0105czeniami regularnymi przewo\u017anik\u00f3w niskokosztowych w ostatnim miesi\u0105cu wakacji by\u0142y loty z Wroc\u0142awia do Barcelony, Alicante, Rzymu, Pary\u017ca oraz na Malt\u0119.<\/p>\n<p>Jednym z najwi\u0119kszych czarterowych hit\u00f3w ko\u0144ca wakacji okaza\u0142o si\u0119 bezpo\u015brednie po\u0142\u0105czenie ze stolicy Dolnego \u015al\u0105ska na Madagaskar, realizowane szerokokad\u0142ubowym Boeingiem 787 Dreamliner. Loty na t\u0119 egzotyczn\u0105 wysp\u0119 b\u0119d\u0105 odbywa\u0142y si\u0119 raz w tygodniu, w poniedzia\u0142ki, niemal przez ca\u0142y wrzesie\u0144.<\/p>\n<p>Pi\u0119\u0107 nowo\u015bci na zim\u0119<br \/>Zako\u0144czenie letniego sezonu nie oznacza ko\u0144ca nowo\u015bci w siatce po\u0142\u0105cze\u0144 Portu Lotniczego Wroc\u0142aw. W rozk\u0142adzie zimowym pojawi si\u0119 a\u017c pi\u0119\u0107 nowych kierunk\u00f3w. Ryanair zaoferuje pasa\u017cerom bezpo\u015brednie loty z Wroc\u0142awia do Madrytu i Marrakeszu; Wizz Air uruchomi po\u0142\u0105czenia do Hurghady i Bilbao, natomiast obaj przewo\u017anicy polec\u0105 ze stolicy Dolnego \u015al\u0105ska do Turynu.<\/p>\n","protected":false},"excerpt":{"rendered":"2 070 322 pasa\u017cer\u00f3w skorzysta\u0142o z Portu Lotniczego Wroc\u0142aw w okresie od pocz\u0105tku czerwca do ko\u0144ca sierpnia 2026&hellip;\n","protected":false},"author":2,"featured_media":668863,"comment_status":"","ping_status":"","sticky":false,"template":"","format":"standard","meta":{"footnotes":"","_share_on_mastodon":"0"},"categories":[51607],"tags":[26181,53169,53170,42,38,40,39,41,39932,53172,53173,57458,57460,60895,57459,1853,53352],"class_list":["post-668862","post","type-post","status-publish","format-standard","has-post-thumbnail","category-wroclaw","tag-liczba-pasazerow","tag-lotniska-krajowe","tag-lotniska-regionalne","tag-pl","tag-poland","tag-polish","tag-polska","tag-polski","tag-port-lotniczy-wroclaw","tag-sezon-letni","tag-siatka-letnia","tag-statystyki-lotnicze","tag-statystyki-lotnisk","tag-statystyki-miesieczne","tag-statystyki-pasazerskie","tag-wroclaw","tag-wroclaw-airport"],"share_on_mastodon":{"url":"https:\/\/pubeurope.com\/@pl\/117217709723708891","error":""},"_links":{"self":[{"href":"https:\/\/www.europesays.com\/pl\/wp-json\/wp\/v2\/posts\/668862","targetHints":{"allow":["GET"]}}],"collection":[{"href":"https:\/\/www.europesays.com\/pl\/wp-json\/wp\/v2\/posts"}],"about":[{"href":"https:\/\/www.europesays.com\/pl\/wp-json\/wp\/v2\/types\/post"}],"author":[{"embeddable":true,"href":"https:\/\/www.europesays.com\/pl\/wp-json\/wp\/v2\/users\/2"}],"replies":[{"embeddable":true,"href":"https:\/\/www.europesays.com\/pl\/wp-json\/wp\/v2\/comments?post=668862"}],"version-history":[{"count":0,"href":"https:\/\/www.europesays.com\/pl\/wp-json\/wp\/v2\/posts\/668862\/revisions"}],"wp:featuredmedia":[{"embeddable":true,"href":"https:\/\/www.europesays.com\/pl\/wp-json\/wp\/v2\/media\/668863"}],"wp:attachment":[{"href":"https:\/\/www.europesays.com\/pl\/wp-json\/wp\/v2\/media?parent=668862"}],"wp:term":[{"taxonomy":"category","embeddable":true,"href":"https:\/\/www.europesays.com\/pl\/wp-json\/wp\/v2\/categories?post=668862"},{"taxonomy":"post_tag","embeddable":true,"href":"https:\/\/www.europesays.com\/pl\/wp-json\/wp\/v2\/tags?post=668862"}],"curies":[{"name":"wp","href":"https:\/\/api.w.org\/{rel}","templated":true}]}}