{"id":668880,"date":"2026-09-05T09:33:17","date_gmt":"2026-09-05T09:33:17","guid":{"rendered":"https:\/\/www.europesays.com\/pl\/668880\/"},"modified":"2026-09-05T09:33:17","modified_gmt":"2026-09-05T09:33:17","slug":"dzis-zamozni-jutro-przyjda-po-pomoc-oto-dlaczego-trzeba-zrownac-skladki-analiza","status":"publish","type":"post","link":"https:\/\/www.europesays.com\/pl\/668880\/","title":{"rendered":"Dzi\u015b zamo\u017cni, jutro przyjd\u0105 po pomoc. Oto dlaczego trzeba zr\u00f3wna\u0107 sk\u0142adki [ANALIZA]"},"content":{"rendered":"<p><a href=\"https:\/\/www.google.com\/preferences\/source?q=money.pl\" target=\"_blank\" rel=\"nofollow noopener\" class=\"preferred-source-banner\" id=\"preferred-source-banner\" data-vab-box=\"preferred_source_banner\"><\/p>\n<p class=\"preferred-source-banner-title\">Dodaj Money.pl &#8211; portal finansowy jako preferowane \u017ar\u00f3d\u0142o w Google<\/p>\n<p class=\"preferred-source-banner-subtitle\">Nasze tre\u015bci b\u0119d\u0105 cz\u0119\u015bciej wy\u015bwietla\u0107 si\u0119 w Twoich wynikach Google<\/p>\n<p><\/a> <\/p>\n<p>Poni\u017csza analiza jest cz\u0119\u015bci\u0105 24. edycji &#8222;<a href=\"https:\/\/www.money.pl\/wiadomosci\/ring-ekonomiczny.html\" rel=\"noopener noreferrer nofollow\" target=\"_blank\">Ringu ekonomicznego<\/a>&#8221; money.pl. To format dyskusji na wa\u017cne, ale kontrowersyjne tematy spo\u0142eczne i\u00a0ekonomiczne. Tym razem szukamy odpowiedzi na pytanie, czy system preferencji podatkowych i\u00a0sk\u0142adkowych dla os\u00f3b prowadz\u0105cych jednoosobow\u0105 dzia\u0142alno\u015b\u0107 gospodarcz\u0105 dobrze pe\u0142ni swoj\u0105 funkcj\u0119, kt\u00f3r\u0105 jest wspieranie przedsi\u0119biorczo\u015bci. Punktem wyj\u015bcia by\u0142a sonda na ten temat w\u015br\u00f3d ponad 40\u00a0ekonomist\u00f3w z\u00a0uczelni, think-tank\u00f3w oraz instytucji finansowych i\u00a0organizacji biznesowych. Niekt\u00f3re jej wyniki przedstawiamy poni\u017cej, pozosta\u0142e opisali\u015bmy dwa tygodnie temu. R\u00f3wnolegle publikujemy opinie dw\u00f3ch uczestnik\u00f3w ankiety: <a href=\"https:\/\/www.money.pl\/podatki\/niskie-skladki-samozatrudnionych-to-pulapka-nie-przywilej-opinia-7325841339541600a.html\" rel=\"noopener noreferrer nofollow\" target=\"_blank\">prof. Marka G\u00f3ry<\/a> ze Szko\u0142y G\u0142\u00f3wnej Handlowej w\u00a0Warszawie oraz <a href=\"https:\/\/www.money.pl\/gospodarka\/kiedy-drobne-poprawki-podatkowe-juz-nie-wystarczaja-czas-postawic-nowy-dom-opinia-7325943912757408a.html\" rel=\"noopener noreferrer nofollow\" target=\"_blank\">dr. Marka Dietla<\/a> z\u00a0tej samej uczelni.<\/p>\n<p>Ca\u0142kowity klin podatkowo-sk\u0142adkowy, kt\u00f3ry obci\u0105\u017ca w\u00a0Polsce pracownika najemnego o\u00a0przeci\u0119tnym wynagrodzeniu, si\u0119ga oko\u0142o 40\u00a0proc. To oznacza, \u017ce jego roczne wynagrodzenie netto (na r\u0119k\u0119) jest o\u00a0tyle mniejsze ni\u017c koszt jego zatrudnienia dla pracodawcy. W\u00a0przypadku osoby o\u00a0wy\u017cszym wynagrodzeniu, na przyk\u0142ad trzykrotnie przekraczaj\u0105cym przeci\u0119tne, tak mierzony klin wynosi ju\u017c blisko 50\u00a0proc.<\/p>\n<p> <img role=\"presentation\" class=\"absolute left-1\/2 top-1\/2 max-h-[80%] max-w-[100px] -translate-x-1\/2 -translate-y-1\/2\" src=\"https:\/\/v.wpimg.pl\/ZXJfd3AudTkrBBIAbg54LGhcRlAxHQUrPgJGH2MAeGJoSQ1eIBI_K2UHAEVuBTY5KQMMXC0RPyoVERQdMgM9ejc\" loading=\"lazy\" decoding=\"async\"\/> <\/p>\n<p>Dla por\u00f3wnania, dla osoby pracuj\u0105cej na w\u0142asny rachunek, kt\u00f3ra osi\u0105ga takie przychody jak pracownik najemny z\u00a0pensj\u0105 trzykrotnie przewy\u017cszaj\u0105c\u0105 przeci\u0119tne wynagrodzenie, klin podatkowo-sk\u0142adkowy to zaledwie 27\u00a0proc. \u2013 przy za\u0142o\u017ceniu, \u017ce p\u0142aci liniowy PIT 19\u00a0proc. i\u00a0nie ma \u017cadnych koszt\u00f3w dzia\u0142alno\u015bci. W\u00a0przypadku samozatrudnionych p\u0142ac\u0105cych rycza\u0142t od przychod\u00f3w ewidencjonowanych obci\u0105\u017cenie podatkami i\u00a0sk\u0142adkami mo\u017ce by\u0107 jeszcze ni\u017csze. Przy stawce rycza\u0142tu na poziomie 12\u00a0proc., wykorzystywanej np. przez cz\u0119\u015b\u0107 informatyk\u00f3w, klin nie si\u0119ga nawet 21\u00a0proc.<\/p>\n<p> Najwi\u0119ksze b\u0142\u0119dy przy wysy\u0142aniu CV\u00a0i\u00a0szukaniu pracy &#8211;\u00a0Filip Sobel II\u00a0Pierwsza Praca #6\u00a0 <\/p>\n<p>To zr\u00f3\u017cnicowanie klina podatkowo-sk\u0142adkowego w\u00a0Polsce w\u00a0zale\u017cno\u015bci od formy zatrudnienia, a\u00a0nie w\u00a0zale\u017cno\u015bci od poziomu dochod\u00f3w, wynika zar\u00f3wno z\u00a0odmiennych stawek podatk\u00f3w, jak i\u00a0z\u00a0r\u00f3\u017cnic w\u00a0sposobie naliczania sk\u0142adek na ubezpieczenia spo\u0142eczne. Cho\u0107 samo poj\u0119cie &#8222;klina&#8221; to rozr\u00f3\u017cnienie zaciera, istniej\u0105 powody, aby ulgi podatkowe i\u00a0ulgi sk\u0142adkowe dla przedsi\u0119biorc\u00f3w analizowa\u0107 niezale\u017cnie od siebie.<\/p>\n<p> <img role=\"presentation\" class=\"absolute left-1\/2 top-1\/2 max-h-[80%] max-w-[100px] -translate-x-1\/2 -translate-y-1\/2\" src=\"https:\/\/v.wpimg.pl\/ZXJfd3AudTkrBBIAbg54LGhcRlAxHQUrPgJGH2MAeGJoSQ1eIBI_K2UHAEVuBTY5KQMMXC0RPyoVERQdMgM9ejc\" loading=\"lazy\" decoding=\"async\"\/> <a href=\"https:\/\/www.money.pl\/podatki\/zdegenerowany-system-rzad-wykonal-pierwszy-krok-aby-go-naprawic-analiza-7320858407954560a.html\" class=\"teaser-inline\" rel=\"nofollow noopener\" target=\"_blank\">  <img decoding=\"async\" src=\"https:\/\/www.europesays.com\/pl\/wp-content\/uploads\/2026\/09\/NWU3MTgyYTY0UTtnSAJsI3cJbz0OW2J1IBF3dkhIfG9lS2IyDhUrJTBDInoACzsnNEQ9ehcVYTYlWmIiVlYqPiZDITUeVis6N1Yp.jpeg\" loading=\"lazy\" class=\"wp-media-image cropped\" alt=\"&quot;Zdegenerowany system&quot;. Rz\u0105d wykona\u0142 pierwszy krok, aby go naprawi\u0107 [ANALIZA]\"\/><\/p>\n<p>&#8222;Zdegenerowany system&#8221;. Rz\u0105d wykona\u0142 pierwszy krok, aby go naprawi\u0107 [ANALIZA]<\/p>\n<p><\/a> <\/p>\n<p>Tak post\u0105pili\u015bmy w\u00a0ankiecie w\u015br\u00f3d szerokiego grona ekonomist\u00f3w, kt\u00f3ra by\u0142a punktem wyj\u015bcia do tej edycji &#8222;Ringu ekonomicznego&#8221; money.pl. Ponad 40\u00a0uczestnikom tej sondy zadali\u015bmy osobne pytanie dotycz\u0105ce preferencji sk\u0142adkowych, kt\u00f3rymi ciesz\u0105 si\u0119 w\u00a0Polsce samozatrudnieni.<\/p>\n<p>Preferencje dla samozatrudnionych sta\u0142y si\u0119 zbyt hojne<\/p>\n<p>Pierwsz\u0105 cz\u0119\u015b\u0107 wynik\u00f3w <a href=\"https:\/\/www.money.pl\/podatki\/zdegenerowany-system-rzad-wykonal-pierwszy-krok-aby-go-naprawic-analiza-7320858407954560a.html?utm_source=article&amp;utm_medium=inactive_card_refresh\" rel=\"noopener noreferrer nofollow\" target=\"_blank\">opisali\u015bmy<\/a> dwa tygodnie temu. Jak t\u0142umaczyli\u015bmy, ulgi podatkowe dla os\u00f3b prowadz\u0105cych jednoosobow\u0105 dzia\u0142alno\u015b\u0107 gospodarcz\u0105 w\u00a0teorii maj\u0105 stanowi\u0107 zach\u0119t\u0119 do przedsi\u0119biorczo\u015bci. Ankietowani przez nas ekonomi\u015bci w\u00a0zdecydowanej wi\u0119kszo\u015bci uwa\u017caj\u0105 jednak, \u017ce w\u00a0Polsce ulgi te sta\u0142y si\u0119 zbyt hojne i\u00a0zamiast wspiera\u0107 przedsi\u0119biorczo\u015b\u0107, s\u0105 furtk\u0105 do uchylania si\u0119 od podatk\u00f3w przez najlepiej wynagradzanych pracownik\u00f3w najemnych. Szczeg\u00f3lnie krytycznie ekonomi\u015bci zapatruj\u0105 si\u0119 na dost\u0119pno\u015b\u0107 rycza\u0142tu od przychod\u00f3w ewidencjonowanych. A\u017c 84\u00a0proc. uczestnik\u00f3w naszej sondy s\u0105dzi, \u017ce zastosowanie tej formy rozlicze\u0144 podatkowych nale\u017cy ograniczy\u0107.<\/p>\n<p> <img role=\"presentation\" class=\"absolute left-1\/2 top-1\/2 max-h-[80%] max-w-[100px] -translate-x-1\/2 -translate-y-1\/2\" src=\"https:\/\/v.wpimg.pl\/ZXJfd3AudTkrBBIAbg54LGhcRlAxHQUrPgJGH2MAeGJoSQ1eIBI_K2UHAEVuBTY5KQMMXC0RPyoVERQdMgM9ejc\" loading=\"lazy\" decoding=\"async\"\/>     <img decoding=\"async\" src=\"https:\/\/www.europesays.com\/pl\/wp-content\/uploads\/2026\/09\/YzI5MzljdhsoVztJQxF7DmsPbxMFSHVYPBd3WEMJdkt_BX0CXVlhTGZTJBYJGDwKJhsqCBkaOA05Gz0WQwspE2ZDfFUIAyoKJVQ0.jpeg\" width=\"1600\" height=\"1386\" loading=\"lazy\" class=\"wp-media-image\" alt=\"Ekonomi\u015bci s\u0105 krytyczni wobec szerokiej dost\u0119pno\u015bci rycza\u0142tu od \" data-lightbox=\"true\" data-source=\"\u00a9 money.pl | Angelika S\u0119torek\" data-caption=\"Ekonomi\u015bci s\u0105 w wi\u0119kszo\u015bci krytyczni wobec szerokiej dost\u0119pno\u015bci rycza\u0142tu od przychod\u00f3w ewidencjonowanych, z kt\u00f3rego korzystaj\u0105 m.in. lekarze oraz informatycy\"\/>Ekonomi\u015bci s\u0105 w wi\u0119kszo\u015bci krytyczni wobec szerokiej dost\u0119pno\u015bci rycza\u0142tu od przychod\u00f3w ewidencjonowanych, z kt\u00f3rego korzystaj\u0105 m.in. lekarze oraz informatycy \u00a9 money.pl | Angelika S\u0119torek <\/p>\n<p>Co z\u00a0preferencjami sk\u0142adkowymi? To pytanie jest o\u00a0tyle uzasadnione, \u017ce cz\u0119\u015bciowo le\u017cy u\u00a0\u017ar\u00f3de\u0142 rosn\u0105cej <a href=\"https:\/\/www.money.pl\/gospodarka\/to-nie-jest-kraj-dla-malych-przedsiebiorcow-te-dane-mowia-wszystko-analiza-7174010530929184a.html\" rel=\"noopener noreferrer nofollow\" target=\"_blank\">popularno\u015bci pracy na w\u0142asny rachunek<\/a>. Dotyczy to w\u00a0szczeg\u00f3lno\u015bci samozatrudnionych, kt\u00f3rzy rozliczaj\u0105 si\u0119 rycza\u0142tem. W\u00a02025\u00a0r. by\u0142o ich niemal 1,1 mln, o\u00a0po\u0142ow\u0119 wi\u0119cej ni\u017c w\u00a02021\u00a0r. Skok liczby takich podatnik\u00f3w w\u00a0du\u017cej mierze zwi\u0105zany jest ze zmianami zasad obliczania sk\u0142adki zdrowotnej, kt\u00f3re wesz\u0142y w\u00a0\u017cycie z\u00a0pocz\u0105tkiem 2022\u00a0r. W\u00a0przypadku &#8222;rycza\u0142towc\u00f3w&#8221; obci\u0105\u017cenie to ma charakter kwotowy. W\u00a0tym roku jego maksymalna wysoko\u015b\u0107 \u2013 dla JDG o\u00a0przychodach powy\u017cej 300\u00a0tys. z\u0142 rocznie \u2013 wynosi niespe\u0142na 1500\u00a0z\u0142 miesi\u0119cznie. Samozatrudniony p\u0142ac\u0105cy podatek liniowy przy takim przychodzie p\u0142aci co najmniej 1630\u00a0z\u0142, a\u00a0pracownik etatowy co najmniej 2500\u00a0z\u0142 (za przych\u00f3d przyjmujemy koszt pracodawcy). To minimum, bo w\u00a0obu przypadkach dalszy wzrost przychod\u00f3w powoduje te\u017c wzrost <a href=\"https:\/\/www.money.pl\/finanse\/nfz-dostanie-41-mld-zl-system-oparty-o-skladke-juz-sie-wyczerpal-7321868950685888a.html\" rel=\"noopener noreferrer nofollow\" target=\"_blank\">sk\u0142adki zdrowotnej<\/a>.<\/p>\n<p> <img role=\"presentation\" class=\"absolute left-1\/2 top-1\/2 max-h-[80%] max-w-[100px] -translate-x-1\/2 -translate-y-1\/2\" src=\"https:\/\/v.wpimg.pl\/ZXJfd3AudTkrBBIAbg54LGhcRlAxHQUrPgJGH2MAeGJoSQ1eIBI_K2UHAEVuBTY5KQMMXC0RPyoVERQdMgM9ejc\" loading=\"lazy\" decoding=\"async\"\/> <\/p>\n<p>Do tego wszystkie osoby prowadz\u0105ce jednoosobow\u0105 dzia\u0142alno\u015b\u0107 gospodarcz\u0105 maj\u0105 pewn\u0105 swobod\u0119 decydowania o\u00a0wysoko\u015bci sk\u0142adek emerytalnych. Pomijaj\u0105c pierwsze lata dzia\u0142alno\u015bci, minimaln\u0105 podstaw\u0105 wymiaru tych sk\u0142adek jest 60\u00a0proc. prognozowanego przeci\u0119tnego wynagrodzenia w\u00a0gospodarce w\u00a0danym roku. Pracownicy etatowi odprowadzaj\u0105 sk\u0142adki od przychodu (pomniejszonego o\u00a0pozosta\u0142e sk\u0142adki ponoszone przez obie strony umowy).<\/p>\n<p>Te preferencje sk\u0142adkowe budz\u0105 jeszcze silniejszy sprzeciw uczestnik\u00f3w &#8222;Ringu ekonomicznego&#8221; ni\u017c preferencje podatkowe. A\u017c 86\u00a0proc. z\u00a0nich zgodzi\u0142o si\u0119 z\u00a0twierdzeniem, \u017ce &#8222;Zasady odprowadzania sk\u0142adek na NFZ oraz sk\u0142adek emerytalnych powinny by\u0107 jednolite dla wszystkich podatnik\u00f3w PIT, w\u00a0tym jednoosobowych dzia\u0142alno\u015bci gospodarczych&#8221;. Przeciwnego zdania by\u0142o 7\u00a0proc. respondent\u00f3w.<\/p>\n<p> <img role=\"presentation\" class=\"absolute left-1\/2 top-1\/2 max-h-[80%] max-w-[100px] -translate-x-1\/2 -translate-y-1\/2\" src=\"https:\/\/v.wpimg.pl\/ZXJfd3AudTkrBBIAbg54LGhcRlAxHQUrPgJGH2MAeGJoSQ1eIBI_K2UHAEVuBTY5KQMMXC0RPyoVERQdMgM9ejc\" loading=\"lazy\" decoding=\"async\"\/>     <img decoding=\"async\" src=\"https:\/\/www.europesays.com\/pl\/wp-content\/uploads\/2026\/09\/MWE3MjVmYjYkUTtZeRZvI2cJbwM_T2F1MBF3SHkOYmZzA30SZ151YWpVJAYzHygnKh0qGCMdLCA1HT0GeQw9PmpFfEUyBD4nKVI0.jpeg\" width=\"1600\" height=\"1386\" loading=\"lazy\" class=\"wp-media-image\" alt=\"W ocenie wi\u0119kszo\u015bci ekonomist\u00f3w ankietowanych przez money.pl, sk\" data-lightbox=\"true\" data-source=\"\u00a9 money.pl | Angelika S\u0119torek\" data-caption=\"W ocenie wi\u0119kszo\u015bci ekonomist\u00f3w ankietowanych przez money.pl, sk\u0142adki na ubezpieczenia spo\u0142eczne powinny by\u0107 powi\u0105zane z dochodem, a nie z form\u0105 \u015bwiadczenia pracy\"\/>W ocenie wi\u0119kszo\u015bci ekonomist\u00f3w ankietowanych przez money.pl, sk\u0142adki na ubezpieczenia spo\u0142eczne powinny by\u0107 powi\u0105zane z dochodem, a nie z form\u0105 \u015bwiadczenia pracy \u00a9 money.pl | Angelika S\u0119torek<\/p>\n<p>Biedni pomog\u0105 bogatym? Paradoks unikania sk\u0142adek<\/p>\n<p>Argumenty na rzecz jednolitych dla wszystkich podatnik\u00f3w zasad sk\u0142adkowych s\u0105 nieco inne w\u00a0odniesieniu do sk\u0142adek emerytalnych i\u00a0do pozosta\u0142ych, w\u00a0szczeg\u00f3lno\u015bci sk\u0142adek na NFZ. Wynika to z\u00a0faktu, \u017ce te pierwsze w\u00a0polskim systemie emerytalnym s\u0105 form\u0105 oszcz\u0119dzania na okres niezdolno\u015bci do pracy. Cho\u0107 g\u0142\u00f3wny filar powszechnego systemu ma charakter solidarno\u015bciowy (bie\u017c\u0105ce \u015bwiadczenia wyp\u0142acane s\u0105 ze sk\u0142adek obecnie pracuj\u0105cych), to jednocze\u015bnie ka\u017cdy ubezpieczony odprowadza sk\u0142adki na sw\u00f3j w\u0142asny rachunek.<\/p>\n<p> <a href=\"https:\/\/www.money.pl\/finanse\/ojciec-polskiego-systemu-emerytalnego-alarmuje-bedziemy-musieli-pracowac-dluzej-7317016076789760a.html\" class=\"teaser-inline\" rel=\"nofollow noopener\" target=\"_blank\">  <img decoding=\"async\" src=\"https:\/\/www.europesays.com\/pl\/wp-content\/uploads\/2026\/09\/YzJiZGU4dhsrCyx0ek97DmhTeC48FnVYP0tgZXoFa0J6EXUhPFg8CC8ZNWkyRiwKKx4qaSVYdhs6AHUxZBs9EzkZNiYsGzwXKAw-.jpeg\" loading=\"lazy\" class=\"wp-media-image cropped\" alt=\"&quot;Ojciec&quot; polskiego systemu emerytalnego alarmuje. B\u0119dziemy musieli pracowa\u0107 d\u0142u\u017cej\"\/><\/p>\n<p>&#8222;Ojciec&#8221; polskiego systemu emerytalnego alarmuje. B\u0119dziemy musieli pracowa\u0107 d\u0142u\u017cej<\/p>\n<p><\/a> <img role=\"presentation\" class=\"absolute left-1\/2 top-1\/2 max-h-[80%] max-w-[100px] -translate-x-1\/2 -translate-y-1\/2\" src=\"https:\/\/v.wpimg.pl\/ZXJfd3AudTkrBBIAbg54LGhcRlAxHQUrPgJGH2MAeGJoSQ1eIBI_K2UHAEVuBTY5KQMMXC0RPyoVERQdMgM9ejc\" loading=\"lazy\" decoding=\"async\"\/> <\/p>\n<p>Wy\u0142omem w\u00a0tym systemie jest tzw. emerytura minimalna, przys\u0142uguj\u0105ca osobom, kt\u00f3re odprowadza\u0142y sk\u0142adki przez odpowiednio d\u0142ugi czas (20 lub 25\u00a0lat w\u00a0zale\u017cno\u015bci od p\u0142ci), ale ich suma nie wystarcza na sfinansowanie \u015bwiadczenia chroni\u0105cego przed skrajnym ub\u00f3stwem. Do tych emerytur reszta spo\u0142ecze\u0144stwa dop\u0142aca z\u00a0podatk\u00f3w og\u00f3lnych. Ju\u017c dzi\u015b wiadomo, \u017ce w\u00a0przysz\u0142o\u015bci z\u00a0tej formy dofinansowania \u015bwiadcze\u0144 emerytalnych korzysta\u0107 b\u0119dzie musia\u0142o wiele os\u00f3b pracuj\u0105cych na w\u0142asny rachunek.<\/p>\n<p>&#8211; Dane pokazuj\u0105, \u017ce du\u017co samozatrudnionych odprowadza minimalne sk\u0142adki na emerytur\u0119, co b\u0119dzie skutkowa\u0142o ich bardzo niskimi \u015bwiadczeniami w\u00a0przysz\u0142o\u015bci i\u00a0wi\u0119kszymi obci\u0105\u017ceniami dla pa\u0144stwa \u2013 zauwa\u017ca <a href=\"https:\/\/www.money.pl\/gospodarka\/cena-za-media-spolecznosciowe-wolniejszy-wzrost-gospodarki-7053232654728128a.html\" rel=\"noopener noreferrer nofollow\" target=\"_blank\">dr \u0141ukasz Rachel<\/a>, ekonomista z\u00a0University College London.<\/p>\n<p>Samozatrudnieni, jak zauwa\u017cyli\u015bmy, teoretycznie mog\u0105 przyj\u0105\u0107 wy\u017csz\u0105 podstaw\u0119 wymiaru sk\u0142adek emerytalnych ni\u017c minimalna. W\u00a0praktyce robi to u\u0142amek z\u00a0nich. <\/p>\n<p>W odpowiedzi na pytanie money.pl biuro prasowe ZUS poda\u0142o, \u017ce &#8222;spo\u015br\u00f3d ubezpieczonych prowadz\u0105cych pozarolnicz\u0105 dzia\u0142alno\u015b\u0107 gospodarcz\u0105 i op\u0142acaj\u0105cych sk\u0142adki za siebie 0,4 proc. zadeklarowa\u0142o podstaw\u0119 wymiaru sk\u0142adek na ubezpieczenia emerytalne i rentowe powy\u017cej 60 proc. prognozowanego przeci\u0119tnego wynagrodzenia miesi\u0119cznego. Taka tendencja utrzymuje si\u0119 od d\u0142u\u017cszego czasu&#8221;.<\/p>\n<p>Oczywi\u015bcie, w\u015br\u00f3d samozatrudnionych du\u017ca cz\u0119\u015b\u0107 osi\u0105ga wysokie dochody i\u00a0buduje oszcz\u0119dno\u015bci na w\u0142asn\u0105 r\u0119k\u0119, poza powszechnym systemem emerytalnym. Ale nawet oni w\u00a0przysz\u0142o\u015bci zg\u0142osz\u0105 si\u0119 do ZUS po emerytur\u0119 z\u00a0tego systemu. Je\u015bli oka\u017ce si\u0119, \u017ce kwalifikuj\u0105 si\u0119 do \u015bwiadczenia minimalnego, z\u00a0dop\u0142at\u0105 od reszty podatnik\u00f3w, nikt nie b\u0119dzie weryfikowa\u0142 tego, czy maj\u0105 inne \u017ar\u00f3d\u0142a utrzymania. B\u0119dzie to za\u015b skutkowa\u0142o paradoksaln\u0105 sytuacj\u0105: spora grupa zamo\u017cnych os\u00f3b, kt\u00f3ra w\u00a0trakcie swojej aktywno\u015bci zawodowej osi\u0105ga\u0142a wysokie dochody, m.in. dzi\u0119ki temu, \u017ce odprowadza\u0142a niskie podatki i\u00a0sk\u0142adki, b\u0119dzie korzysta\u0142a z\u00a0transfer\u00f3w od reszty spo\u0142ecze\u0144stwa, przeznaczonych w\u00a0za\u0142o\u017ceniu dla skrajnie ubogich senior\u00f3w.<\/p>\n<p>Lepiej motywowa\u0107 ni\u017c zmusza\u0107<\/p>\n<p>Gdyby warunkiem otrzymania emerytury minimalnej by\u0142 nie tylko odpowiedni sta\u017c sk\u0142adkowy, ale te\u017c brak dochod\u00f3w z\u00a0innych \u017ar\u00f3de\u0142, ulgowego traktowania przedsi\u0119biorc\u00f3w mo\u017cna by broni\u0107. <\/p>\n<p>&#8211; Poniewa\u017c sk\u0142adki emerytalne s\u0105 powi\u0105zane z\u00a0przysz\u0142ymi uprawnieniami emerytalnymi, to mo\u017cna je traktowa\u0107 jako przymusowe oszcz\u0119dno\u015bci na staro\u015b\u0107. Osoby na etacie s\u0105 zatem mocniej &#8222;przymuszane&#8221; do oszcz\u0119dzania ni\u017c osoby prowadz\u0105ce JDG. Innymi s\u0142owy, wsparcie JDG w\u00a0postaci ni\u017cszych sk\u0142adek mo\u017cna interpretowa\u0107 jako pozostawienie przedsi\u0119biorcom wi\u0119kszej odpowiedzialno\u015bci za samodzielne budowanie oszcz\u0119dno\u015bci emerytalnych \u2013 t\u0142umaczy prof. Micha\u0142 Rubaszek ze Szko\u0142y G\u0142\u00f3wnej Handlowej.<\/p>\n<p> <a href=\"https:\/\/www.money.pl\/podatki\/system-podatkowy-jest-pelen-absurdow-istnieje-proste-rozwiazanie-opinia-7320871011764352a.html\" class=\"teaser-inline\" rel=\"nofollow noopener\" target=\"_blank\">  <img decoding=\"async\" src=\"https:\/\/www.europesays.com\/pl\/wp-content\/uploads\/2026\/09\/Zjg4MGM0dQsGVjt0Ykt4HkUOby4kEnZIEhZ3ZWIBaFJXTGIhJFw_GAJEImkqQi8aBkM9aT1cdQsXXWIxfB8-AxREISY0Hz8HBVEp.jpeg\" loading=\"lazy\" class=\"wp-media-image cropped\" alt=\"System podatkowy jest pe\u0142en absurd\u00f3w. Istnieje proste rozwi\u0105zanie [OPINIA]\"\/><\/p>\n<p>System podatkowy jest pe\u0142en absurd\u00f3w. Istnieje proste rozwi\u0105zanie [OPINIA]<\/p>\n<p><\/a> <\/p>\n<p>Zdaniem Kamila Sobolewskiego, g\u0142\u00f3wnego ekonomisty Pracodawc\u00f3w RP, aby zmotywowa\u0107 samozatrudnionych do p\u0142acenia sk\u0142adek emerytalnych proporcjonalnych do ich dochod\u00f3w, nale\u017ca\u0142oby usun\u0105\u0107 te\u017c inne ni\u017c emerytura minimalna czynniki, kt\u00f3re zaburzaj\u0105 w\u00a0Polsce zwi\u0105zek mi\u0119dzy sum\u0105 odprowadzonych sk\u0142adek a\u00a0przysz\u0142ym \u015bwiadczeniem. Chodzi m.in. o\u00a0w\u0142\u0105czenie do powszechnego systemu emerytalnego wszystkich grup zawodowych.<\/p>\n<p>Sk\u0142adka zdrowotna ma inny charakter ni\u017c sk\u0142adka emerytalna. Jej wysoko\u015b\u0107 nie jest bezpo\u015brednio powi\u0105zana z\u00a0warto\u015bci\u0105 us\u0142ug, kt\u00f3re ubezpieczony mo\u017ce otrzyma\u0107. Z\u00a0tego powodu uchodzi za parapodatek, od kt\u00f3rego ludzie w\u00a0miar\u0119 mo\u017cliwo\u015bci si\u0119 uchylaj\u0105. Nie oznacza to jednak, \u017ce pa\u0144stwo powinno to tolerowa\u0107, a\u00a0tym bardziej do tego zach\u0119ca\u0107.<\/p>\n<p>&#8211; Sk\u0142adki na NFZ stanowi\u0105 \u017ar\u00f3d\u0142o finansowania publicznej opieki zdrowotnej w\u00a0formule solidarno\u015bciowej. Uwa\u017cam zatem, \u017ce osoby osi\u0105gaj\u0105ce takie same dochody powinny w\u00a0identycznym stopniu finansowa\u0107 ten system, niezale\u017cnie od formy zatrudnienia \u2013 m\u00f3wi prof. Rubaszek. Prof. Andrzej Cie\u015blik z\u00a0Wydzia\u0142u Nauk Ekonomicznych Uniwersytetu Warszawskiego dodaje w\u00a0tym kontek\u015bcie, \u017ce warto rozwa\u017cy\u0107 wprowadzenie kwotowej, r\u00f3wnej dla wszystkich podatnik\u00f3w sk\u0142adki zdrowotnej.<\/p>\n","protected":false},"excerpt":{"rendered":"Dodaj Money.pl &#8211; portal finansowy jako preferowane \u017ar\u00f3d\u0142o w Google Nasze tre\u015bci b\u0119d\u0105 cz\u0119\u015bciej wy\u015bwietla\u0107 si\u0119 w Twoich&hellip;\n","protected":false},"author":2,"featured_media":668881,"comment_status":"","ping_status":"","sticky":false,"template":"","format":"standard","meta":{"footnotes":"","_share_on_mastodon":"0"},"categories":[16],"tags":[113,112,42,38,40,39,41],"class_list":["post-668880","post","type-post","status-publish","format-standard","has-post-thumbnail","category-biznes","tag-biznes","tag-business","tag-pl","tag-poland","tag-polish","tag-polska","tag-polski"],"share_on_mastodon":{"url":"https:\/\/pubeurope.com\/@pl\/117217749541589137","error":""},"_links":{"self":[{"href":"https:\/\/www.europesays.com\/pl\/wp-json\/wp\/v2\/posts\/668880","targetHints":{"allow":["GET"]}}],"collection":[{"href":"https:\/\/www.europesays.com\/pl\/wp-json\/wp\/v2\/posts"}],"about":[{"href":"https:\/\/www.europesays.com\/pl\/wp-json\/wp\/v2\/types\/post"}],"author":[{"embeddable":true,"href":"https:\/\/www.europesays.com\/pl\/wp-json\/wp\/v2\/users\/2"}],"replies":[{"embeddable":true,"href":"https:\/\/www.europesays.com\/pl\/wp-json\/wp\/v2\/comments?post=668880"}],"version-history":[{"count":0,"href":"https:\/\/www.europesays.com\/pl\/wp-json\/wp\/v2\/posts\/668880\/revisions"}],"wp:featuredmedia":[{"embeddable":true,"href":"https:\/\/www.europesays.com\/pl\/wp-json\/wp\/v2\/media\/668881"}],"wp:attachment":[{"href":"https:\/\/www.europesays.com\/pl\/wp-json\/wp\/v2\/media?parent=668880"}],"wp:term":[{"taxonomy":"category","embeddable":true,"href":"https:\/\/www.europesays.com\/pl\/wp-json\/wp\/v2\/categories?post=668880"},{"taxonomy":"post_tag","embeddable":true,"href":"https:\/\/www.europesays.com\/pl\/wp-json\/wp\/v2\/tags?post=668880"}],"curies":[{"name":"wp","href":"https:\/\/api.w.org\/{rel}","templated":true}]}}