{"id":668902,"date":"2026-09-05T09:47:13","date_gmt":"2026-09-05T09:47:13","guid":{"rendered":"https:\/\/www.europesays.com\/pl\/668902\/"},"modified":"2026-09-05T09:47:13","modified_gmt":"2026-09-05T09:47:13","slug":"19-latka-przyniosla-granat-i-blisko-200-sztuk-amunicji-do-komendy-wezwano-saperow","status":"publish","type":"post","link":"https:\/\/www.europesays.com\/pl\/668902\/","title":{"rendered":"19-latka przynios\u0142a granat i blisko 200 sztuk amunicji do komendy. Wezwano saper\u00f3w"},"content":{"rendered":"<p>                                    Niebezpieczne znalezisko trafi\u0142o do komendy<\/p>\n<p>Mieszkanka \u015awidnika nie wiedzia\u0142a, jak powinna post\u0105pi\u0107 ze znalezionymi przedmiotami. Zdecydowa\u0142a si\u0119 wi\u0119c osobi\u015bcie dostarczy\u0107 je funkcjonariuszom.<\/p>\n<p>\u2014 Do Komendy Powiatowej Policji w \u015awidniku zg\u0142osi\u0142a si\u0119 19-letnia mieszkanka miasta, kt\u00f3ra przynios\u0142a ze sob\u0105 plastikowe pude\u0142ko zawieraj\u0105ce przedmioty pochodz\u0105ce z okresu II wojny \u015bwiatowej. Jak o\u015bwiadczy\u0142a, znalaz\u0142a je podczas sprz\u0105tania gara\u017cu po swoim zmar\u0142ym dziadku. W pude\u0142ku znajdowa\u0142a si\u0119 mi\u0119dzy innymi amunicja, \u0142uski oraz granat r\u0119czny \u2014 przekaza\u0142a aspirant sztabowy Elwira Domaradzka z Komendy Powiatowej Policji w \u015awidniku.<\/p>\n<p>Na miejsce skierowano funkcjonariusza maj\u0105cego odpowiednie przeszkolenie w rozpoznawaniu i zabezpieczaniu niebezpiecznych przedmiot\u00f3w.<\/p>\n<p>\u2014 Po dokonaniu rozpoznania ustalono, \u017ce granat nie posiada zapalnika. Nie by\u0142o zatem konieczno\u015bci ewakuacji komendy \u2014 wyja\u015bni\u0142a policjantka.<\/p>\n<p>Znalezisko przej\u0119li saperzy<\/p>\n<p>Do \u015bwidnickiej komendy przyjecha\u0142a specjalistyczna grupa saperska. Przedmioty zosta\u0142y przej\u0119te i przewiezione w miejsce, w kt\u00f3rym mog\u0142y zosta\u0107 bezpiecznie zneutralizowane.<\/p>\n<p>\u2014 Przedmioty zosta\u0142y zabezpieczone, a nast\u0119pnie do Komendy Powiatowej Policji w \u015awidniku przyjecha\u0142a specjalistyczna grupa saperska. Saperzy zabezpieczyli i zabrali znalezisko w celu jego dalszej, bezpiecznej neutralizacji \u2014 poinformowa\u0142a aspirant sztabowy Elwira Domaradzka.<\/p>\n<p>Policja ostrzega: nie dotykaj i nie przeno\u015b<\/p>\n<p>Funkcjonariusze podkre\u015blaj\u0105, \u017ce samodzielne przenoszenie niewybuch\u00f3w lub starej amunicji mo\u017ce by\u0107 niebezpieczne. Wiek i wygl\u0105d takich przedmiot\u00f3w nie przes\u0105dzaj\u0105 o tym, \u017ce utraci\u0142y one swoje w\u0142a\u015bciwo\u015bci.<\/p>\n<p>\u2014 Przypominamy, \u017ce znalezionych niewybuch\u00f3w, amunicji czy innych przedmiot\u00f3w mog\u0105cych pochodzi\u0107 z okresu wojennego nie nale\u017cy dotyka\u0107 ani samodzielnie przenosi\u0107. Cho\u0107 znaleziony przedmiot mo\u017ce wygl\u0105da\u0107 na stary, skorodowany lub niekompletny, w dalszym ci\u0105gu mo\u017ce stanowi\u0107 zagro\u017cenie \u2014 zaznaczy\u0142a przedstawicielka \u015bwidnickiej policji.<\/p>\n<p>Po zauwa\u017ceniu przedmiotu przypominaj\u0105cego niewybuch nale\u017cy pozostawi\u0107 go w miejscu znalezienia i zachowa\u0107 bezpieczn\u0105 odleg\u0142o\u015b\u0107.<\/p>\n<p>\u2014 W przypadku takiego znaleziska nale\u017cy pozostawi\u0107 je na miejscu, oddali\u0107 si\u0119 w bezpieczne miejsce i powiadomi\u0107 Policj\u0119, dzwoni\u0105c pod numer 112. Funkcjonariusze zabezpiecz\u0105 miejsce i wezw\u0105 odpowiednich specjalist\u00f3w.<\/p>\n<p><img aria-describedby=\"caption-attachment-526210\" loading=\"lazy\" decoding=\"async\" class=\"wp-image-526210 size-medium\" src=\"https:\/\/www.europesays.com\/pl\/wp-content\/uploads\/2026\/09\/358-297162-640x480.jpg\" alt=\"19-latka przynios\u0142a granat i blisko 200 sztuk amunicji do komendy. Wezwano saper\u00f3w\" width=\"500\" height=\"375\"  \/><\/p>\n<p id=\"caption-attachment-526210\" class=\"wp-caption-text\">fot. Policja \u015awidnik<\/p>\n<p>\u0179r\u00f3d\u0142o: Policja \u015awidnik<\/p>\n<p>\n                                    <a href=\"https:\/\/www.google.com\/preferences\/source?q=lublin112.pl\" target=\"_blank\" rel=\"noopener noreferrer nofollow\" onclick=\"if (!window.__cfRLUnblockHandlers) return false; gtag(&#039;event&#039;, &#039;google_preferred_source_click&#039;, {&#010;                                           &#039;link_url&#039;: this.href,&#010;                                           &#039;link_text&#039;: &#039;Ustaw lublin112.pl jako preferowane \u017ar\u00f3d\u0142o&#039;&#010;                                       });\" style=\"text-align:center;display:block;\" data-cf-modified-2fa61e0a9c6300aa9651e1ea-=\"\"><br \/>\n                                        <img decoding=\"async\" src=\"https:\/\/www.europesays.com\/pl\/wp-content\/uploads\/2026\/09\/1788601633_21_lublin112-google-source.webp\" alt=\"Ustaw lublin112.pl jako preferowane \u017ar\u00f3d\u0142o w Google\" style=\"max-width: 70%;\"\/><br \/>\n                                    <\/a><br \/>\n                                    <\/p>\n","protected":false},"excerpt":{"rendered":"Niebezpieczne znalezisko trafi\u0142o do komendy Mieszkanka \u015awidnika nie wiedzia\u0142a, jak powinna post\u0105pi\u0107 ze znalezionymi przedmiotami. Zdecydowa\u0142a si\u0119 wi\u0119c&hellip;\n","protected":false},"author":2,"featured_media":668903,"comment_status":"","ping_status":"","sticky":false,"template":"","format":"standard","meta":{"footnotes":"","_share_on_mastodon":"0"},"categories":[51612],"tags":[12283,129764,3375,129765,1081,21075,42,38,414,40,39,41,56447,4321],"class_list":["post-668902","post","type-post","status-publish","format-standard","has-post-thumbnail","category-lublin","tag-amunicja","tag-granat-reczny","tag-ii-wojna-swiatowa","tag-kpp-swidnik","tag-lublin","tag-niewybuch","tag-pl","tag-poland","tag-policja","tag-polish","tag-polska","tag-polski","tag-saperzy","tag-swidnik"],"share_on_mastodon":{"url":"https:\/\/pubeurope.com\/@pl\/117217803908086125","error":""},"_links":{"self":[{"href":"https:\/\/www.europesays.com\/pl\/wp-json\/wp\/v2\/posts\/668902","targetHints":{"allow":["GET"]}}],"collection":[{"href":"https:\/\/www.europesays.com\/pl\/wp-json\/wp\/v2\/posts"}],"about":[{"href":"https:\/\/www.europesays.com\/pl\/wp-json\/wp\/v2\/types\/post"}],"author":[{"embeddable":true,"href":"https:\/\/www.europesays.com\/pl\/wp-json\/wp\/v2\/users\/2"}],"replies":[{"embeddable":true,"href":"https:\/\/www.europesays.com\/pl\/wp-json\/wp\/v2\/comments?post=668902"}],"version-history":[{"count":0,"href":"https:\/\/www.europesays.com\/pl\/wp-json\/wp\/v2\/posts\/668902\/revisions"}],"wp:featuredmedia":[{"embeddable":true,"href":"https:\/\/www.europesays.com\/pl\/wp-json\/wp\/v2\/media\/668903"}],"wp:attachment":[{"href":"https:\/\/www.europesays.com\/pl\/wp-json\/wp\/v2\/media?parent=668902"}],"wp:term":[{"taxonomy":"category","embeddable":true,"href":"https:\/\/www.europesays.com\/pl\/wp-json\/wp\/v2\/categories?post=668902"},{"taxonomy":"post_tag","embeddable":true,"href":"https:\/\/www.europesays.com\/pl\/wp-json\/wp\/v2\/tags?post=668902"}],"curies":[{"name":"wp","href":"https:\/\/api.w.org\/{rel}","templated":true}]}}