{"id":668912,"date":"2026-09-05T09:52:35","date_gmt":"2026-09-05T09:52:35","guid":{"rendered":"https:\/\/www.europesays.com\/pl\/668912\/"},"modified":"2026-09-05T09:52:35","modified_gmt":"2026-09-05T09:52:35","slug":"rekordowe-wyniki-portu-lotniczego-wroclaw-lotnisko-podsumowalo-statystyki-za-sezon-wakacyjny-2026-roku-wroclaw","status":"publish","type":"post","link":"https:\/\/www.europesays.com\/pl\/668912\/","title":{"rendered":"Rekordowe wyniki Portu Lotniczego Wroc\u0142aw. Lotnisko podsumowa\u0142o statystyki za sezon wakacyjny 2026 roku &#8211; Wroc\u0142aw"},"content":{"rendered":"<p class=\"sc-qt42kz-1 jFnKOK\">Wroc\u0142awskie lotnisko podsumowa\u0142o statystyki za sezon wakacyjny 2026 roku. W okresie od czerwca do sierpnia Port Lotniczy Wroc\u0142aw obs\u0142u\u017cy\u0142 rekordow\u0105 liczb\u0119 2 070 322 podr\u00f3\u017cnych. Wynik ten oznacza wzrost o ponad 14% w por\u00f3wnaniu do analogicznego okresu w 2025 roku, kiedy z us\u0142ug lotniska skorzysta\u0142o 1 812 450 os\u00f3b.<\/p>\n<p class=\"sc-qt42kz-1 jFnKOK\">Najwy\u017csze nat\u0119\u017cenie ruchu odnotowano w sierpniu 2026 roku, kiedy przez terminal przesz\u0142o 725 660 pasa\u017cer\u00f3w. By\u0142o to o ponad 12 tysi\u0119cy os\u00f3b wi\u0119cej ni\u017c w lipcu 2026 roku, kt\u00f3ry do tamtej pory pozostawa\u0142 rekordowym miesi\u0105cem w historii dolno\u015bl\u0105skiego portu. Dodatkowo, w ostatni weekend sierpnia na lotnisku odprawiono czteromilionowego pasa\u017cera od pocz\u0105tku roku. Dynamiczny wzrost ruchu powoduje jednak, \u017ce obecna bry\u0142a terminala w godzinach szczytu zbli\u017ca si\u0119 do granic swojej przepustowo\u015bci. W zwi\u0105zku z tym jesieni\u0105 maj\u0105 rozpocz\u0105\u0107 si\u0119 pierwsze prace przygotowuj\u0105ce infrastruktur\u0119 do obs\u0142ugi kolejnego sezonu letniego.<\/p>\n<p><a class=\"sc-5fvoa0-0 fjNBAt\" href=\"https:\/\/investmap.pl\/wroclaw-rozbudowa-terminala-i-nowy-port-lotniczy.i905\/zdjecia\/592506\" rel=\"nofollow noopener\" target=\"_blank\"><\/p>\n<p>Fot. Port Lotniczy Wroc\u0142aw<\/p>\n<p class=\"sc-qt42kz-1 jFnKOK\">W strukturze ruchu lotniczego znacz\u0105cy udzia\u0142 mia\u0142y loty czarterowe organizowane przez biura podr\u00f3\u017cy, z kt\u00f3rych od czerwca do sierpnia skorzysta\u0142o ponad 540 tysi\u0119cy pasa\u017cer\u00f3w. Najpopularniejszymi kierunkami w tym segmencie by\u0142y Antalya w Turcji, Marsa Alam w Egipcie oraz grecki Heraklion. W przypadku regularnych po\u0142\u0105cze\u0144 niskokosztowych \u015brednie wype\u0142nienie samolot\u00f3w w sierpniu wynios\u0142o 93%. Podr\u00f3\u017cni najcz\u0119\u015bciej wybierali loty do Barcelony, Alicante, Rzymu, Pary\u017ca oraz na Malt\u0119. Du\u017cym zainteresowaniem cieszy\u0142y si\u0119 r\u00f3wnie\u017c kierunki w Portugalii oraz loty do g\u0142\u00f3wnych europejskich hub\u00f3w przesiadkowych. Nowo\u015bci\u0105 w ko\u0144c\u00f3wce sezonu by\u0142y bezpo\u015brednie loty na Madagaskar, realizowane raz w tygodniu (w poniedzia\u0142ki) szerokokad\u0142ubowym Boeingiem 787 Dreamliner.<\/p>\n<p><a class=\"sc-5fvoa0-0 fjNBAt\" href=\"https:\/\/investmap.pl\/wroclaw-rozbudowa-terminala-i-nowy-port-lotniczy.i905\/zdjecia\/592507\" rel=\"nofollow noopener\" target=\"_blank\"><\/p>\n<p>Fot. Port Lotniczy Wroc\u0142aw<\/p>\n<p class=\"sc-qt42kz-1 jFnKOK\">Wroc\u0142awski port lotniczy przygotowuje si\u0119 ju\u017c do wdro\u017cenia zimowej siatki po\u0142\u0105cze\u0144, w kt\u00f3rej znajdzie si\u0119 pi\u0119\u0107 nowych kierunk\u00f3w. Irlandzki przewo\u017anik Ryanair uruchomi bezpo\u015brednie loty z Wroc\u0142awia do Madrytu i Marrakeszu. <\/p>\n<p class=\"sc-qt42kz-1 jFnKOK\">Z kolei w\u0119gierski Wizz Air zaoferuje pasa\u017cerom loty do Hurghady w Egipcie oraz do hiszpa\u0144skiego Bilbao. Ponadto obie linie lotnicze wprowadz\u0105 do swojej oferty ze stolicy Dolnego \u015al\u0105ska po\u0142\u0105czenie do Turynu we W\u0142oszech.<\/p>\n<p class=\"sc-qt42kz-1 jFnKOK\">Prace przygotowawcze, kt\u00f3re rozpoczn\u0105 si\u0119 jesieni\u0105, maj\u0105 na celu reorganizacj\u0119 proces\u00f3w obs\u0142ugi oraz zwi\u0119kszenie przepustowo\u015bci terminala przed kolejn\u0105 fal\u0105 wzmo\u017conego ruchu pasa\u017cerskiego. Dzia\u0142ania te pozwol\u0105 utrzyma\u0107 dotychczasowe standardy obs\u0142ugi przy stale rosn\u0105cej liczbie operacji lotniczych we Wroc\u0142awiu.<\/p>\n<p><a class=\"sc-5fvoa0-0 fjNBAt\" href=\"https:\/\/investmap.pl\/wroclaw-rozbudowa-terminala-i-nowy-port-lotniczy.i905\/zdjecia\/691770\" rel=\"nofollow noopener\" target=\"_blank\"><\/p>\n<p>Fot. Port Lotniczy Wroc\u0142aw<\/p>\n","protected":false},"excerpt":{"rendered":"Wroc\u0142awskie lotnisko podsumowa\u0142o statystyki za sezon wakacyjny 2026 roku. W okresie od czerwca do sierpnia Port Lotniczy Wroc\u0142aw&hellip;\n","protected":false},"author":2,"featured_media":668913,"comment_status":"","ping_status":"","sticky":false,"template":"","format":"standard","meta":{"footnotes":"","_share_on_mastodon":"0"},"categories":[51607],"tags":[129767,42,38,40,39,41,39932,1853,53352,129766],"class_list":["post-668912","post","type-post","status-publish","format-standard","has-post-thumbnail","category-wroclaw","tag-latamyzwroclawia","tag-pl","tag-poland","tag-polish","tag-polska","tag-polski","tag-port-lotniczy-wroclaw","tag-wroclaw","tag-wroclaw-airport","tag-wroclawskie-lotnisko"],"share_on_mastodon":{"url":"https:\/\/pubeurope.com\/@pl\/117217823805226964","error":""},"_links":{"self":[{"href":"https:\/\/www.europesays.com\/pl\/wp-json\/wp\/v2\/posts\/668912","targetHints":{"allow":["GET"]}}],"collection":[{"href":"https:\/\/www.europesays.com\/pl\/wp-json\/wp\/v2\/posts"}],"about":[{"href":"https:\/\/www.europesays.com\/pl\/wp-json\/wp\/v2\/types\/post"}],"author":[{"embeddable":true,"href":"https:\/\/www.europesays.com\/pl\/wp-json\/wp\/v2\/users\/2"}],"replies":[{"embeddable":true,"href":"https:\/\/www.europesays.com\/pl\/wp-json\/wp\/v2\/comments?post=668912"}],"version-history":[{"count":0,"href":"https:\/\/www.europesays.com\/pl\/wp-json\/wp\/v2\/posts\/668912\/revisions"}],"wp:featuredmedia":[{"embeddable":true,"href":"https:\/\/www.europesays.com\/pl\/wp-json\/wp\/v2\/media\/668913"}],"wp:attachment":[{"href":"https:\/\/www.europesays.com\/pl\/wp-json\/wp\/v2\/media?parent=668912"}],"wp:term":[{"taxonomy":"category","embeddable":true,"href":"https:\/\/www.europesays.com\/pl\/wp-json\/wp\/v2\/categories?post=668912"},{"taxonomy":"post_tag","embeddable":true,"href":"https:\/\/www.europesays.com\/pl\/wp-json\/wp\/v2\/tags?post=668912"}],"curies":[{"name":"wp","href":"https:\/\/api.w.org\/{rel}","templated":true}]}}