{"id":668930,"date":"2026-09-05T10:02:13","date_gmt":"2026-09-05T10:02:13","guid":{"rendered":"https:\/\/www.europesays.com\/pl\/668930\/"},"modified":"2026-09-05T10:02:13","modified_gmt":"2026-09-05T10:02:13","slug":"skarbowka-bierze-sie-za-abonament-rtv-padaja-rekordowe-kwoty","status":"publish","type":"post","link":"https:\/\/www.europesays.com\/pl\/668930\/","title":{"rendered":"Skarb\u00f3wka bierze si\u0119 za abonament RTV. Padaj\u0105 rekordowe kwoty"},"content":{"rendered":"<p>Zaleg\u0142o\u015bci z tytu\u0142u abonamentu RTV mog\u0105 przerodzi\u0107 si\u0119 w bardzo wysokie kwoty, je\u015bli op\u0142aty nie s\u0105 regulowane przez lata. W pierwszych siedmiu miesi\u0105cach 2026 r. w jednym przypadku fiskus wyegzekwowa\u0142 \u0142\u0105cznie 137 tys. z\u0142 &#8211; informuje biznes.interia.pl.<\/p>\n<p>    <img decoding=\"async\" src=\"https:\/\/www.europesays.com\/pl\/wp-content\/uploads\/2026\/09\/ZTk5Y2U3dTUKVy8Bekh4IEkPe1s8EXZ2HhdjEHoCaGRbTW8FYBw8PQdQK1clXHQzGUApUyJDdCQHGjhCPBwsZURRMEElXzstRFA0.jpeg\" width=\"1200\" height=\"675\" loading=\"eager\" fetchpriority=\"high\" class=\"wp-media-image\" alt=\"Zbli\u017ca si\u0119 termin p\u0142atno\u015bci za abonament RTV\"\/>Masz telewizor w domu? Rekordzista zap\u0142aci\u0142 137 tys. z\u0142<\/p>\n<p>\u0179r\u00f3d\u0142o zdj\u0119\u0107: \u00a9 Adobe Stock | Tomasz Warszewski<\/p>\n<p>  <img loading=\"lazy\" decoding=\"async\" src=\"https:\/\/www.europesays.com\/pl\/wp-content\/uploads\/2026\/09\/1788602533_915_YzI1NjgxdhsoUzhZSAN7DmsLbAMOWnVYPBN0SEhMaQJ9AWEMDhQ8CCxBIUQACiwKKEY-RBcUdhs5WGEcVlc9EzpBIgseVzwXK1Qq.jpeg\"  alt=\"Malwina Gadawa\" height=\"40\" width=\"40\" class=\"rounded-full select-none text-[--color-gray-700] bg-[--bg-content] wp-author-avatar\"\/>64 komentarze S\u0142uchaj  Udost\u0119pnij na Facebooku    Udost\u0119pnij na X   Udost\u0119pnij na WhatsApp   Kopiuj link <\/p>\n<p>D\u017awi\u0119k zosta\u0142 wygenerowany automatycznie i mo\u017ce zawiera\u0107 b\u0142\u0119dy<\/p>\n","protected":false},"excerpt":{"rendered":"Zaleg\u0142o\u015bci z tytu\u0142u abonamentu RTV mog\u0105 przerodzi\u0107 si\u0119 w bardzo wysokie kwoty, je\u015bli op\u0142aty nie s\u0105 regulowane przez&hellip;\n","protected":false},"author":2,"featured_media":668931,"comment_status":"","ping_status":"","sticky":false,"template":"","format":"standard","meta":{"footnotes":"","_share_on_mastodon":"0"},"categories":[16],"tags":[113,112,42,38,40,39,41],"class_list":["post-668930","post","type-post","status-publish","format-standard","has-post-thumbnail","category-biznes","tag-biznes","tag-business","tag-pl","tag-poland","tag-polish","tag-polska","tag-polski"],"share_on_mastodon":{"url":"https:\/\/pubeurope.com\/@pl\/117217863178750745","error":""},"_links":{"self":[{"href":"https:\/\/www.europesays.com\/pl\/wp-json\/wp\/v2\/posts\/668930","targetHints":{"allow":["GET"]}}],"collection":[{"href":"https:\/\/www.europesays.com\/pl\/wp-json\/wp\/v2\/posts"}],"about":[{"href":"https:\/\/www.europesays.com\/pl\/wp-json\/wp\/v2\/types\/post"}],"author":[{"embeddable":true,"href":"https:\/\/www.europesays.com\/pl\/wp-json\/wp\/v2\/users\/2"}],"replies":[{"embeddable":true,"href":"https:\/\/www.europesays.com\/pl\/wp-json\/wp\/v2\/comments?post=668930"}],"version-history":[{"count":0,"href":"https:\/\/www.europesays.com\/pl\/wp-json\/wp\/v2\/posts\/668930\/revisions"}],"wp:featuredmedia":[{"embeddable":true,"href":"https:\/\/www.europesays.com\/pl\/wp-json\/wp\/v2\/media\/668931"}],"wp:attachment":[{"href":"https:\/\/www.europesays.com\/pl\/wp-json\/wp\/v2\/media?parent=668930"}],"wp:term":[{"taxonomy":"category","embeddable":true,"href":"https:\/\/www.europesays.com\/pl\/wp-json\/wp\/v2\/categories?post=668930"},{"taxonomy":"post_tag","embeddable":true,"href":"https:\/\/www.europesays.com\/pl\/wp-json\/wp\/v2\/tags?post=668930"}],"curies":[{"name":"wp","href":"https:\/\/api.w.org\/{rel}","templated":true}]}}