{"id":668940,"date":"2026-09-05T10:07:08","date_gmt":"2026-09-05T10:07:08","guid":{"rendered":"https:\/\/www.europesays.com\/pl\/668940\/"},"modified":"2026-09-05T10:07:08","modified_gmt":"2026-09-05T10:07:08","slug":"sondaz-reparacje-wojenne-od-niemiec-polacy-zabrali-glos","status":"publish","type":"post","link":"https:\/\/www.europesays.com\/pl\/668940\/","title":{"rendered":"Sonda\u017c: Reparacje wojenne od Niemiec. Polacy zabrali g\u0142os"},"content":{"rendered":"\n<p>&#13;<br \/>\nW nowym sonda\u017cu SW Research dla\u00a0portalu rp.pl, ankietowanych zapytano, czy\u00a0Polska powinna ubiega\u0107 si\u0119 o\u00a0reparacje wojenne od\u00a0Niemiec. &#13;\n<\/p>\n<p>Reparacje wojenne od\u00a0Niemiec. Jest sonda\u017c<\/p>\n<p>&#13;<br \/>\n46,9 proc. badanych odpowiedzia\u0142o, \u017ce\u00a0tak. &#13;\n<\/p>\n<p>&#13;<br \/>\nOdpowiedzi &#8222;nie&#8221; udzieli\u0142o 32,5 proc. respondent\u00f3w. &#13;\n<\/p>\n<p>&#13;<br \/>\n20,6 proc. Polak\u00f3w nie\u00a0ma\u00a0zdania w\u00a0sprawie reparacji od\u00a0Niemiec. &#13;\n<\/p>\n<p>&#13;<br \/>\nPrzemys\u0142aw Weso\u0142owski, prezes zarz\u0105du agencji badawczej SW Research, komentuj\u0105c wyniki sonda\u017cu, zauwa\u017cy\u0142, \u017ce\u00a0najcz\u0119\u015bciej zwolennikami ubiegania si\u0119 o\u00a0reparacje s\u0105 osoby w\u00a0wieku 35\u201349 lat (55 proc.), a\u00a0najrzadziej osoby do\u00a024. roku \u017cycia (31 proc.). W\u015br\u00f3d ankietowanych w\u00a0grupie wiekowej 18-24 przeciwnik\u00f3w ubiegania si\u0119 o\u00a0reparacje (43,1 proc.) jest wi\u0119cej ni\u017c\u00a0zwolennik\u00f3w \u2013\u00a0w\u00a0ka\u017cdej innej grupie wiekowej liczba zwolennik\u00f3w ubiegania si\u0119 o\u00a0reparacje jest wi\u0119ksza, ni\u017c\u00a0przeciwnik\u00f3w takiego dzia\u0142ania. &#13;\n<\/p>\n<p>Nawrocki na\u00a0Westerplatte apelowa\u0142 o\u00a0reparacje od\u00a0Niemiec<\/p>\n<p>&#13;<br \/>\nPrezydent Karol Nawrocki na\u00a0Westerplatte podczas obchod\u00f3w 87. rocznicy wybuchu II\u00a0wojny \u015bwiatowej zaapelowa\u0142 do\u00a0kanclerza Niemiec <a href=\"https:\/\/dorzeczy.pl\/opinie\/937147\/nawrocki-na-westerplatte-wywolal-burze-niemcy-demony-prezydenta.html\" rel=\"nofollow noopener\" target=\"_blank\">o za\u0142atwienie sprawy reparacji.<\/a> &#13;\n<\/p>\n<p>&#13;<br \/>\nKarol Nawrocki zwr\u00f3ci\u0142 si\u0119 do\u00a0kanclerza Niemiec i\u00a0narodu niemieckiego, by\u00a0za\u0142atwi\u0107 spraw\u0119 reparacji i\u00a0zado\u015b\u0107uczynienia po\u00a0II\u00a0wojnie \u015bwiatowej \u2013\u00a0jak m\u00f3wi\u0142 \u2013\u00a0&#8222;z\u00a0my\u015bl\u0105 o\u00a0sprawiedliwo\u015bci historycznej, ale\u00a0i\u00a0z my\u015bl\u0105 o\u00a0przysz\u0142o\u015bci&#8221;. &#13;\n<\/p>\n<p>&#13;<br \/>\nPrezydent podkre\u015bli\u0142, \u017ce\u00a0&#8222;prawdziwa, twarda, sojusznicza deklaracja wobec Polski wymaga tego, aby\u00a0nasi sojusznicy z\u00a0Berlina i\u00a0nasi s\u0105siedzi wyp\u0142acili nam zado\u015b\u0107uczynienie, kt\u00f3re Polska przeka\u017ce na\u00a0polskie si\u0142y zbrojne, na\u00a0polski przemys\u0142 zbrojeniowy; \u017ceby\u015bmy nie\u00a0musieli bra\u0107 zachodnich kredyt\u00f3w; aby\u015bmy dostali to, co\u00a0nam si\u0119 nale\u017cy&#8221;. &#13;\n<\/p>\n<p>&#13;<br \/>\n\u2013 Wzywam te\u017c z\u00a0Westerplatte, z\u00a0serca si\u0119 zwracam, do\u00a0pana premiera, do\u00a0pana ministra, do\u00a0pana marsza\u0142ka, do\u00a0wszystkich stronnictw w\u00a0polskim parlamencie, do\u00a0narodu polskiego. B\u0105d\u017amy razem w\u00a0tym dziele \u2013\u00a0m\u00f3wi\u0142 podczas obchod\u00f3w 87. rocznicy wybuchu II\u00a0wojny \u015bwiatowej. &#13;\n<\/p>\n<p>&#13;<br \/>\nSonda\u017c zosta\u0142 przeprowadzony przez agencj\u0119 badawcz\u0105 SW Research w\u015br\u00f3d u\u017cytkownik\u00f3w panelu on-line SW Panel w\u00a0dniach 2-3 wrze\u015bnia 2026 roku. Analiz\u0105 obj\u0119to grup\u0119 800 internaut\u00f3w powy\u017cej 18. roku \u017cycia. Pr\u00f3ba zosta\u0142a dobrana w\u00a0spos\u00f3b losowo-kwotowy. Struktura pr\u00f3by zosta\u0142a skorygowana przy u\u017cyciu wagi analitycznej tak, by\u00a0odpowiada\u0142a strukturze Polak\u00f3w powy\u017cej 18. roku \u017cycia pod\u00a0wzgl\u0119dem kluczowych cech zwi\u0105zanych z\u00a0przedmiotem badania. Przy konstrukcji wagi uwzgl\u0119dniono zmienne spo\u0142eczno-demograficzne. &#13;\n<\/p>\n<p>&#13;<br \/>\n   Czytaj te\u017c:<br \/><a href=\"https:\/\/dorzeczy.pl\/opinie\/937978\/reparacje-od-niemiec-reparacje-jako-sprawa-polskiej-racji-stanu.html\" rel=\"follow nofollow noopener\" data-schema=\"DORZECZY\" data-image=\"https:\/\/img.dorzeczy.pl\/_thumb\/a9\/4e\/f708645ec5831fe68466fdb7695f.jpeg\" target=\"_blank\">Reparacje jako sprawa polskiej racji stanu<\/a>   Czytaj te\u017c:<br \/><a href=\"https:\/\/dorzeczy.pl\/opinie\/936514\/nawrocki-to-jest-prawda-z-ktora-wielki-problem-maja-rzadzacy.html\" rel=\"follow nofollow noopener\" data-schema=\"DORZECZY\" data-image=\"https:\/\/img.dorzeczy.pl\/_thumb\/94\/20\/0d5ed16d3b499bf81d085c950f87.jpeg\" target=\"_blank\">Prezydent: To\u00a0jest prawda, z\u00a0kt\u00f3r\u0105 wielki problem maj\u0105 dzisiaj rz\u0105dz\u0105cy<\/a> &#13;<\/p>\n","protected":false},"excerpt":{"rendered":"&#13; W nowym sonda\u017cu SW Research dla\u00a0portalu rp.pl, ankietowanych zapytano, czy\u00a0Polska powinna ubiega\u0107 si\u0119 o\u00a0reparacje wojenne od\u00a0Niemiec. &#13;&hellip;\n","protected":false},"author":2,"featured_media":668941,"comment_status":"","ping_status":"","sticky":false,"template":"","format":"standard","meta":{"footnotes":"","_share_on_mastodon":"0"},"categories":[62712],"tags":[98,3375,690,49,295,103,102,1005,689,366,55602],"class_list":["post-668940","post","type-post","status-publish","format-standard","has-post-thumbnail","category-karol-nawrocki","tag-dorzeczy","tag-ii-wojna-swiatowa","tag-karol-nawrocki","tag-kraj","tag-niemcy","tag-obserwator-mediow","tag-opinie","tag-prezydent","tag-reparacje-wojenne","tag-sondaz","tag-westerplatte"],"share_on_mastodon":{"url":"https:\/\/pubeurope.com\/@pl\/117217882454327422","error":""},"_links":{"self":[{"href":"https:\/\/www.europesays.com\/pl\/wp-json\/wp\/v2\/posts\/668940","targetHints":{"allow":["GET"]}}],"collection":[{"href":"https:\/\/www.europesays.com\/pl\/wp-json\/wp\/v2\/posts"}],"about":[{"href":"https:\/\/www.europesays.com\/pl\/wp-json\/wp\/v2\/types\/post"}],"author":[{"embeddable":true,"href":"https:\/\/www.europesays.com\/pl\/wp-json\/wp\/v2\/users\/2"}],"replies":[{"embeddable":true,"href":"https:\/\/www.europesays.com\/pl\/wp-json\/wp\/v2\/comments?post=668940"}],"version-history":[{"count":0,"href":"https:\/\/www.europesays.com\/pl\/wp-json\/wp\/v2\/posts\/668940\/revisions"}],"wp:featuredmedia":[{"embeddable":true,"href":"https:\/\/www.europesays.com\/pl\/wp-json\/wp\/v2\/media\/668941"}],"wp:attachment":[{"href":"https:\/\/www.europesays.com\/pl\/wp-json\/wp\/v2\/media?parent=668940"}],"wp:term":[{"taxonomy":"category","embeddable":true,"href":"https:\/\/www.europesays.com\/pl\/wp-json\/wp\/v2\/categories?post=668940"},{"taxonomy":"post_tag","embeddable":true,"href":"https:\/\/www.europesays.com\/pl\/wp-json\/wp\/v2\/tags?post=668940"}],"curies":[{"name":"wp","href":"https:\/\/api.w.org\/{rel}","templated":true}]}}