{"id":668958,"date":"2026-09-05T10:21:41","date_gmt":"2026-09-05T10:21:41","guid":{"rendered":"https:\/\/www.europesays.com\/pl\/668958\/"},"modified":"2026-09-05T10:21:41","modified_gmt":"2026-09-05T10:21:41","slug":"przeglad-prasy-wroclaw-5-09-szybkie-podsumowanie-z-piatku","status":"publish","type":"post","link":"https:\/\/www.europesays.com\/pl\/668958\/","title":{"rendered":"Przegl\u0105d prasy Wroc\u0142aw (5.09). Szybkie podsumowanie z pi\u0105tku"},"content":{"rendered":"<p><img decoding=\"async\" loading=\"eager\" fetchpriority=\"high\" class=\"atomsArticleGalleryImage__mainImg\" src=\"https:\/\/www.europesays.com\/pl\/wp-content\/uploads\/2026\/09\/1788603701_489_il20260624_970030747_medium.jpg\" alt=\"Pora na przegl&#x105;d prasy? Z nami wczorajsz&#x105; pras&#xF3;wk&#x119; regionaln&#x105; z pi&#x105;tku zrobisz najszybciej.\" width=\"1920\" height=\"1280\"\/><\/p>\n<p>\n        Pora na przegl\u0105d prasy? Z nami wczorajsz\u0105 pras\u00f3wk\u0119 regionaln\u0105 z pi\u0105tku zrobisz najszybciej.<\/p>\n<p>          fot. Luis Baneres\/ Getty Images\n        <\/p>\n<p>Przygotowali\u015bmy dla Ciebie porann\u0105 pras\u00f3wk\u0119. Zobacz artyku\u0142y, kt\u00f3re nasi czytelnicy czytali najch\u0119tniej wczoraj, 4.09, we Wroc\u0142awiu. Sprawd\u017a, czy nie min\u0119\u0142o Ci\u0119 nic wa\u017cnego. Czy czyta\u0142e\u015b artyku\u0142: \u201eNa koncert zespo\u0142u KULT z Kazikiem wybieraj\u0105 si\u0119 w sobot\u0119 jeleniog\u00f3rzanie i mieszka\u0144cy wielu innych miejscowo\u015bci. B\u0119dzie huczna zabawa\u201d?<\/p>\n","protected":false},"excerpt":{"rendered":"Pora na przegl\u0105d prasy? Z nami wczorajsz\u0105 pras\u00f3wk\u0119 regionaln\u0105 z pi\u0105tku zrobisz najszybciej. fot. Luis Baneres\/ Getty Images&hellip;\n","protected":false},"author":2,"featured_media":668959,"comment_status":"","ping_status":"","sticky":false,"template":"","format":"standard","meta":{"footnotes":"","_share_on_mastodon":"0"},"categories":[51607],"tags":[42,38,40,39,41,74764,74763,1853],"class_list":["post-668958","post","type-post","status-publish","format-standard","has-post-thumbnail","category-wroclaw","tag-pl","tag-poland","tag-polish","tag-polska","tag-polski","tag-przeglad-prasy","tag-wiadomosci-z-kraju","tag-wroclaw"],"share_on_mastodon":{"url":"https:\/\/pubeurope.com\/@pl\/117217938477012553","error":""},"_links":{"self":[{"href":"https:\/\/www.europesays.com\/pl\/wp-json\/wp\/v2\/posts\/668958","targetHints":{"allow":["GET"]}}],"collection":[{"href":"https:\/\/www.europesays.com\/pl\/wp-json\/wp\/v2\/posts"}],"about":[{"href":"https:\/\/www.europesays.com\/pl\/wp-json\/wp\/v2\/types\/post"}],"author":[{"embeddable":true,"href":"https:\/\/www.europesays.com\/pl\/wp-json\/wp\/v2\/users\/2"}],"replies":[{"embeddable":true,"href":"https:\/\/www.europesays.com\/pl\/wp-json\/wp\/v2\/comments?post=668958"}],"version-history":[{"count":0,"href":"https:\/\/www.europesays.com\/pl\/wp-json\/wp\/v2\/posts\/668958\/revisions"}],"wp:featuredmedia":[{"embeddable":true,"href":"https:\/\/www.europesays.com\/pl\/wp-json\/wp\/v2\/media\/668959"}],"wp:attachment":[{"href":"https:\/\/www.europesays.com\/pl\/wp-json\/wp\/v2\/media?parent=668958"}],"wp:term":[{"taxonomy":"category","embeddable":true,"href":"https:\/\/www.europesays.com\/pl\/wp-json\/wp\/v2\/categories?post=668958"},{"taxonomy":"post_tag","embeddable":true,"href":"https:\/\/www.europesays.com\/pl\/wp-json\/wp\/v2\/tags?post=668958"}],"curies":[{"name":"wp","href":"https:\/\/api.w.org\/{rel}","templated":true}]}}