{"id":668968,"date":"2026-09-05T10:27:13","date_gmt":"2026-09-05T10:27:13","guid":{"rendered":"https:\/\/www.europesays.com\/pl\/668968\/"},"modified":"2026-09-05T10:27:13","modified_gmt":"2026-09-05T10:27:13","slug":"zaciety-boj-ukrainki-z-rosjanka-zobacz-co-stalo-sie-po-meczu","status":"publish","type":"post","link":"https:\/\/www.europesays.com\/pl\/668968\/","title":{"rendered":"Zaci\u0119ty b\u00f3j Ukrainki z Rosjank\u0105. Zobacz, co sta\u0142o si\u0119 po meczu"},"content":{"rendered":"\n<p class=\"contentpart contentpart--default contentpart--text\" data-position=\"0\">W jednym z najciekawiej zapowiadaj\u0105cych si\u0119 mecz\u00f3w III rundy kobiecego <a href=\"https:\/\/sportowefakty.wp.pl\/tenis\/us-open\" rel=\"nofollow noopener\" target=\"_blank\">US Open<\/a>\u00a0rozstawiona z numerem 9. <a href=\"https:\/\/sportowefakty.wp.pl\/tenis\/olena-switolina\" rel=\"nofollow noopener\" target=\"_blank\">Elina Switolina<\/a>\u00a0zmierzy\u0142a si\u0119 z 21. na tym turnieju <a href=\"https:\/\/sportowefakty.wp.pl\/tenis\/anna-kalinskaja\" rel=\"nofollow noopener\" target=\"_blank\">Ann\u0105 Kalinsk\u0105<\/a>. To ni\u017cej notowana Rosjanka zdo\u0142a\u0142a awansowa\u0107 do 1\/8 fina\u0142u, wygrywaj\u0105c w trzech setach 6:3, 2:6, 6:3.<\/p>\n<p class=\"contentpart contentpart--default contentpart--text\" data-position=\"1\">Po zako\u0144czeniu mecz\u00f3w zawodniczki tradycyjnie dzi\u0119kuj\u0105 sobie za rywalizacj\u0119 przy siatce. Switolina, podobnie jak kilka innych ukrai\u0144skich tenisistek, konsekwentnie unika jednak u\u015bcisk\u00f3w d\u0142oni z przeciwniczkami z Rosji i Bia\u0142orusi, co jest oczywi\u015bcie zwi\u0105zane z trwaj\u0105c\u0105 od lutego 2022 roku rosyjsk\u0105 inwazj\u0105 na jej ojczyzn\u0119.<\/p>\n<p>  <img decoding=\"async\" src=\"https:\/\/v.wpimg.pl\/X3dwLnN2d1IFFTpdYUl6R0ZNbgcnEHQREVV2TGEGbUtRT2MdOlZ2RBQUKABgQjQcDRotCStBd1IAAWMeIlM7VgwYIAorQAdEFFk_GCkQJQ\" alt=\"\" width=\"45\" height=\"58\" loading=\"lazy\"\/>  <\/p>\n<p class=\"contentpart contentpart--default contentpart--text\" data-position=\"2\">ZOBACZ WIDEO: Odmieniona Maja Chwali\u0144ska. Na to czekali\u015bmy<\/p>\n<p class=\"contentpart contentpart--default contentpart--text\" data-position=\"4\">Nie inaczej by\u0142o te\u017c po meczu III rundy US Open. Switolina pierwsza znalaz\u0142a si\u0119 przy siatce, jednak ani my\u015bla\u0142a czeka\u0107 na Kalinsk\u0105. Zamiast tego ruszy\u0142a prosto do s\u0119dziego, u\u015bcisn\u0119\u0142a jego d\u0142o\u0144, a po chwili znalaz\u0142a si\u0119 przy swojej \u0142awce.<\/p>\n<p class=\"contentpart contentpart--default contentpart--text\" data-position=\"5\">Kalinska nie wygl\u0105da\u0142a na przej\u0119t\u0105 tym faktem. Kilka sekund p\u00f3\u017aniej sama podzi\u0119kowa\u0142a arbitrowi, a nast\u0119pnie z u\u015bmiechem macha\u0142a do kibic\u00f3w. Opisan\u0105 sytuacj\u0119 mo\u017cecie zobaczy\u0107 w ko\u0144cowym fragmencie zamieszczonego poni\u017cej skr\u00f3tu z meczu.<\/p>\n<p class=\"contentpart contentpart--default contentpart--text\" data-position=\"7\">Rosjanka w trakcie kr\u00f3tkiego wywiadu udzielonego na korcie nie kry\u0142a rado\u015bci z awansu.\u00a0-Jestem w szoku. To dla mnie bardzo cenne zwyci\u0119stwo. Mecz by\u0142 bardzo wyr\u00f3wnany. Do ostatniej pi\u0142ki wszystko si\u0119 zmienia\u0142o i raz jedna, raz druga mia\u0142a przewag\u0119 &#8211; podsumowa\u0142a sw\u00f3j wyst\u0119p.<\/p>\n<p>  <img decoding=\"async\" src=\"https:\/\/v.wpimg.pl\/X3dwLnN2d1IFFTpdYUl6R0ZNbgcnEHQREVV2TGEGbUtRT2MdOlZ2RBQUKABgQjQcDRotCStBd1IAAWMeIlM7VgwYIAorQAdEFFk_GCkQJQ\" alt=\"\" width=\"45\" height=\"58\" loading=\"lazy\"\/>  <\/p>\n<p class=\"contentpart contentpart--default contentpart--text\" data-position=\"8\">Kalinska o awans do \u0107wier\u0107fina\u0142u US Open powalczy z Emm\u0105 Navarro. Rozstawiona z numerem 26 Amerykanka w trzeciej rundzie wyeliminowa\u0142a turniejow\u0105 &#8222;si\u00f3demk\u0119&#8221; Karolin\u0119 Muchov\u0105.<\/p>\n","protected":false},"excerpt":{"rendered":"W jednym z najciekawiej zapowiadaj\u0105cych si\u0119 mecz\u00f3w III rundy kobiecego US Open\u00a0rozstawiona z numerem 9. Elina Switolina\u00a0zmierzy\u0142a si\u0119&hellip;\n","protected":false},"author":2,"featured_media":668969,"comment_status":"","ping_status":"","sticky":false,"template":"","format":"standard","meta":{"footnotes":"","_share_on_mastodon":"0"},"categories":[24],"tags":[9216,4832,42,38,40,39,41,87,127,126,156,415,102709,157],"class_list":["post-668968","post","type-post","status-publish","format-standard","has-post-thumbnail","category-sport","tag-anna-kalinska","tag-elina-switolina","tag-pl","tag-poland","tag-polish","tag-polska","tag-polski","tag-rosja","tag-sport","tag-sports","tag-tenis","tag-ukraina","tag-us-open","tag-wta"],"share_on_mastodon":{"url":"https:\/\/pubeurope.com\/@pl\/117217962461341982","error":""},"_links":{"self":[{"href":"https:\/\/www.europesays.com\/pl\/wp-json\/wp\/v2\/posts\/668968","targetHints":{"allow":["GET"]}}],"collection":[{"href":"https:\/\/www.europesays.com\/pl\/wp-json\/wp\/v2\/posts"}],"about":[{"href":"https:\/\/www.europesays.com\/pl\/wp-json\/wp\/v2\/types\/post"}],"author":[{"embeddable":true,"href":"https:\/\/www.europesays.com\/pl\/wp-json\/wp\/v2\/users\/2"}],"replies":[{"embeddable":true,"href":"https:\/\/www.europesays.com\/pl\/wp-json\/wp\/v2\/comments?post=668968"}],"version-history":[{"count":0,"href":"https:\/\/www.europesays.com\/pl\/wp-json\/wp\/v2\/posts\/668968\/revisions"}],"wp:featuredmedia":[{"embeddable":true,"href":"https:\/\/www.europesays.com\/pl\/wp-json\/wp\/v2\/media\/668969"}],"wp:attachment":[{"href":"https:\/\/www.europesays.com\/pl\/wp-json\/wp\/v2\/media?parent=668968"}],"wp:term":[{"taxonomy":"category","embeddable":true,"href":"https:\/\/www.europesays.com\/pl\/wp-json\/wp\/v2\/categories?post=668968"},{"taxonomy":"post_tag","embeddable":true,"href":"https:\/\/www.europesays.com\/pl\/wp-json\/wp\/v2\/tags?post=668968"}],"curies":[{"name":"wp","href":"https:\/\/api.w.org\/{rel}","templated":true}]}}