{"id":668974,"date":"2026-09-05T10:30:13","date_gmt":"2026-09-05T10:30:13","guid":{"rendered":"https:\/\/www.europesays.com\/pl\/668974\/"},"modified":"2026-09-05T10:30:13","modified_gmt":"2026-09-05T10:30:13","slug":"gigant-z-usa-wraca-do-polski-po-30-latach-ma-na-swiecie-9-tys-lokali","status":"publish","type":"post","link":"https:\/\/www.europesays.com\/pl\/668974\/","title":{"rendered":"Gigant z USA wraca do Polski po 30 latach. Ma na \u015bwiecie 9 tys. lokali"},"content":{"rendered":"<p>Taco Bell, ameryka\u0144ska sie\u0107 fast food, planuje otworzy\u0107 trzy lokale w Polsce do ko\u0144ca 2026 r. W kolejnym roku zamierza zwi\u0119kszy\u0107 tempo ekspansji. B\u0119dzie to drugie podej\u015bcie do polskiego rynku &#8211; 30 lat temu Taco Bell zamkn\u0119\u0142o restauracj\u0119 po zaledwie kilku miesi\u0105cach.<\/p>\n<p>    <img decoding=\"async\" src=\"https:\/\/www.europesays.com\/pl\/wp-content\/uploads\/2026\/09\/ZDI2ZTY1dSUoUCxndkp4MGsIeD0wE3ZmPBBgdnYAaHR5SmxjbB48LSVXKDEpXnQjO0cqNS5BdDQlHTskMB4sdWZWMycpXTs9Zlc3.jpeg\" width=\"1200\" height=\"675\" loading=\"eager\" fetchpriority=\"high\" class=\"wp-media-image\" alt=\"Taco Bell zadebiutuje w Polsce w IV kwartale tego roku\"\/>Taco Bell zadebiutuje w Polsce w IV kwartale tego roku<\/p>\n<p>\u0179r\u00f3d\u0142o zdj\u0119\u0107: \u00a9 Adobe Stock<\/p>\n<p>  <img loading=\"lazy\" decoding=\"async\" src=\"https:\/\/www.europesays.com\/pl\/wp-content\/uploads\/2026\/09\/1788604213_510_NzAzMWIxYRsgGDtkZgNsDmNAbz4gWmJYNFh3dWZMfgJ1SmIxIBQrCCQKInkuCjsKIA09eTkUYRsxE2IheFcqEzIKITYwVysXIx8p.jpeg\"  alt=\"Maria Glinka\" height=\"40\" width=\"40\" class=\"rounded-full select-none text-[--color-gray-700] bg-[--bg-content] wp-author-avatar\"\/>8 komentarzy  Udost\u0119pnij na Facebooku    Udost\u0119pnij na X   Udost\u0119pnij na WhatsApp   Kopiuj link <\/p>\n","protected":false},"excerpt":{"rendered":"Taco Bell, ameryka\u0144ska sie\u0107 fast food, planuje otworzy\u0107 trzy lokale w Polsce do ko\u0144ca 2026 r. W kolejnym&hellip;\n","protected":false},"author":2,"featured_media":668975,"comment_status":"","ping_status":"","sticky":false,"template":"","format":"standard","meta":{"footnotes":"","_share_on_mastodon":"0"},"categories":[16],"tags":[113,112,42,38,40,39,41],"class_list":["post-668974","post","type-post","status-publish","format-standard","has-post-thumbnail","category-biznes","tag-biznes","tag-business","tag-pl","tag-poland","tag-polish","tag-polska","tag-polski"],"share_on_mastodon":{"url":"https:\/\/pubeurope.com\/@pl\/117217974690741202","error":""},"_links":{"self":[{"href":"https:\/\/www.europesays.com\/pl\/wp-json\/wp\/v2\/posts\/668974","targetHints":{"allow":["GET"]}}],"collection":[{"href":"https:\/\/www.europesays.com\/pl\/wp-json\/wp\/v2\/posts"}],"about":[{"href":"https:\/\/www.europesays.com\/pl\/wp-json\/wp\/v2\/types\/post"}],"author":[{"embeddable":true,"href":"https:\/\/www.europesays.com\/pl\/wp-json\/wp\/v2\/users\/2"}],"replies":[{"embeddable":true,"href":"https:\/\/www.europesays.com\/pl\/wp-json\/wp\/v2\/comments?post=668974"}],"version-history":[{"count":0,"href":"https:\/\/www.europesays.com\/pl\/wp-json\/wp\/v2\/posts\/668974\/revisions"}],"wp:featuredmedia":[{"embeddable":true,"href":"https:\/\/www.europesays.com\/pl\/wp-json\/wp\/v2\/media\/668975"}],"wp:attachment":[{"href":"https:\/\/www.europesays.com\/pl\/wp-json\/wp\/v2\/media?parent=668974"}],"wp:term":[{"taxonomy":"category","embeddable":true,"href":"https:\/\/www.europesays.com\/pl\/wp-json\/wp\/v2\/categories?post=668974"},{"taxonomy":"post_tag","embeddable":true,"href":"https:\/\/www.europesays.com\/pl\/wp-json\/wp\/v2\/tags?post=668974"}],"curies":[{"name":"wp","href":"https:\/\/api.w.org\/{rel}","templated":true}]}}