{"id":669004,"date":"2026-09-05T10:48:35","date_gmt":"2026-09-05T10:48:35","guid":{"rendered":"https:\/\/www.europesays.com\/pl\/669004\/"},"modified":"2026-09-05T10:48:35","modified_gmt":"2026-09-05T10:48:35","slug":"slask-wroclaw-ma-nowego-wahadlowego-kim-jest-jan-jurcec","status":"publish","type":"post","link":"https:\/\/www.europesays.com\/pl\/669004\/","title":{"rendered":"\u015al\u0105sk Wroc\u0142aw ma nowego wahad\u0142owego! Kim jest Jan Jur\u010dec?"},"content":{"rendered":"<p>\u015al\u0105sk Wroc\u0142aw znalaz\u0142 nast\u0119pc\u0119 Micha\u0142a Rosiaka. Jan Jur\u010dec nie jest jednak wy\u0142\u0105cznie pi\u0142karzem sprowadzonym do za\u0142atania dziury na prawym wahadle. 25-letni Chorwat z polskim paszportem ma za sob\u0105 gr\u0119 w Austrii i Ukrainie, wyst\u0119py w m\u0142odzie\u017cowej reprezentacji swojego kraju, prac\u0119 z Miroslavem Klose, a kilka lat temu by\u0142 ju\u017c blisko trafienia do Polski. Co najwa\u017cniejsze, jego profil wydaje si\u0119 bardzo dobrze odpowiada\u0107 temu, czego Ante \u0160imund\u017ea potrzebuje na prawej stronie boiska. Jur\u010dec trafi do \u015al\u0105ska z ukrai\u0144skiego Krywbasu Krzywy R\u00f3g. Wroc\u0142awianie zap\u0142ac\u0105 za niego 250 tysi\u0119cy euro. Chorwat podpisze ze \u015al\u0105skiem trzyletni kontrakt.<br \/>\n&#13;<\/p>\n<p>W tym artykule przeczytasz:<\/p>\n<p>                O kulisach transferu Jana Jur\u010deca do \u015al\u0105ska Wroc\u0142awKim jest nowy wahad\u0142owy \u015al\u0105skaJak\u0105 drog\u0119 przeby\u0142 zanim trafi\u0142 do Wroc\u0142awia<br \/>\n            &#13;<\/p>\n<p>Historia Jana Jur\u010deca jest o tyle ciekawa, \u017ce \u015al\u0105sk nie sprowadza klasycznego bocznego obro\u0144cy wychowanego od najm\u0142odszych lat do gry w defensywie. Urodzony 27 listopada 2000 roku w Zagrzebiu zawodnik pierwsze pi\u0142karskie kroki stawia\u0142 w Lokomotivie Zagrzeb, a na poziomie seniorskim przebi\u0142 si\u0119 w NK Kusto\u0161ija. W\u0142a\u015bnie tam wyst\u0119powa\u0142 jeszcze przede wszystkim jako prawy pomocnik lub skrzyd\u0142owy.<\/p>\n<p>Trzeba przyzna\u0107, ze robi\u0142 to naprawd\u0119 skutecznie. W sezonie 2021\/22 w 26 ligowych spotkaniach zdoby\u0142 osiem bramek i by\u0142 najskuteczniejszym zawodnikiem Kusto\u0161iji. \u0141\u0105cznie jego bilans w tym klubie zamkn\u0105\u0142 si\u0119 w 69 wyst\u0119pach, 12 golach i siedmiu asystach. To w\u0142a\u015bnie wtedy coraz wyra\u017aniej by\u0142o wida\u0107, \u017ce Jur\u010dec mo\u017ce dawa\u0107 zespo\u0142owi znacznie wi\u0119cej ni\u017c tylko gr\u0119 przy linii bocznej.<\/p>\n<p>Z biegiem czasu by\u0142 przesuwany coraz ni\u017cej. Ze skrzyd\u0142owego sta\u0142 si\u0119 prawym obro\u0144c\u0105, ale ofensywne nawyki pozosta\u0142y. Ta ewolucja ma dzi\u015b spore znaczenie, bo 25-latek najlepiej wygl\u0105da w roli, kt\u00f3ra pozwala mu korzysta\u0107 z ca\u0142ej d\u0142ugo\u015bci prawego sektora.<\/p>\n<p>Austria, Bundesliga i Miroslav Klose<\/p>\n<p>Dobre wyst\u0119py na zapleczu chorwackiej ekstraklasy otworzy\u0142y Jur\u010decowi drzwi do mocniejszej ligi. Latem 2022 roku podpisa\u0142 kontrakt z SCR Altach i przeni\u00f3s\u0142 si\u0119 do austriackiej Bundesligi. W barwach tego klubu uzbiera\u0142 62 spotkania we wszystkich rozgrywkach, a przez cz\u0119\u015b\u0107 pobytu jego trenerem by\u0142 Miroslav Klose.<\/p>\n<p>Ich wsp\u00f3\u0142praca mia\u0142a zreszt\u0105 ciekawy polski akcent. Jur\u010dec, kt\u00f3rego matka jest Polk\u0105, zdradzi\u0142 chorwackim mediom, \u017ce z legendarnym niemieckim napastnikiem rozmawia\u0142 po polsku. Klose urodzi\u0142 si\u0119 w Opolu i r\u00f3wnie\u017c zna j\u0119zyk polski, wi\u0119c dla obu by\u0142 to zupe\u0142nie naturalny spos\u00f3b komunikacji.<\/p>\n<p>Nie zosta\u0142 w Austrii gwiazd\u0105, ale zebra\u0142 tam bardzo warto\u015bciowe do\u015bwiadczenie. Gra\u0142 w lidze bardziej wymagaj\u0105cej pod wzgl\u0119dem tempa i intensywno\u015bci ni\u017c chorwacka druga liga, a przy okazji jego profil stopniowo przesuwa\u0142 si\u0119 w stron\u0119 zawodnika defensywnego. Nadal potrafi\u0142 pojawi\u0107 si\u0119 wy\u017cej, lecz coraz cz\u0119\u015bciej odpowiada\u0142 za ca\u0142\u0105 praw\u0105 flank\u0119.<\/p>\n<p>Jeszcze przed transferem do Altach by\u0142 blisko przyjazdu na testy do Wis\u0142y P\u0142ock. P\u0142ocki klub by\u0142 przygotowany do testowania zawodnika, ale zanim do tego dosz\u0142o, pojawi\u0142a si\u0119 propozycja z Austrii. Cztery lata p\u00f3\u017aniej Jur\u010dec wraca do Polski ju\u017c jako zupe\u0142nie inny pi\u0142karz. Bardziej do\u015bwiadczony, ograny na wy\u017cszym poziomie i przede wszystkim ukszta\u0142towany pozycyjnie.<\/p>\n<p><img loading=\"lazy\" decoding=\"async\" class=\"size-full wp-image-68571\" src=\"https:\/\/www.europesays.com\/pl\/wp-content\/uploads\/2026\/09\/Jurcec-Altach.jpg\" alt=\"Jan Jur\u010dec - \u015al\u0105sk Wroc\u0142aw\" width=\"1920\" height=\"1281\"  \/>Fot. SCR Altach<br \/>\nW Ukrainie wywalczy\u0142 mocn\u0105 pozycj\u0119<\/p>\n<p>Po rozstaniu z Altach przez kilka miesi\u0119cy pozostawa\u0142 bez klubu. W marcu 2025 roku podpisa\u0142 kontrakt z Krywbasem Krzywy R\u00f3g i szybko wywalczy\u0142 miejsce w podstawowym sk\u0142adzie.<\/p>\n<p>W poprzednim sezonie ukrai\u0144skiej ekstraklasy rozegra\u0142 30 spotka\u0144, zdoby\u0142 bramk\u0119 i zaliczy\u0142 pi\u0119\u0107 asyst. Obecne rozgrywki r\u00f3wnie\u017c rozpocz\u0105\u0142 jako podstawowy zawodnik. Zagra\u0142 od pierwszej do ostatniej minuty w czterech pierwszych kolejkach i zd\u0105\u017cy\u0142 trafi\u0107 z rzutu karnego przeciwko Karpatom Lw\u00f3w. Do Wroc\u0142awia nie przychodzi wi\u0119c zawodnik wymagaj\u0105cy kilku tygodni odbudowy fizycznej, lecz pi\u0142karz znajduj\u0105cy si\u0119 w pe\u0142nym rytmie meczowym.<\/p>\n<p>Chorwacki \u201eGermanijak\u201d, kt\u00f3ry jako pierwszy szerzej informowa\u0142 o jego transferze do \u015al\u0105ska, okre\u015bla\u0142 Jur\u010deca nawet jako jednego z najlepszych prawych obro\u0144c\u00f3w ligi ukrai\u0144skiej. Tak\u0105 opini\u0119 nale\u017cy oczywi\u015bcie traktowa\u0107 jako ocen\u0119, a nie wynik obiektywnego rankingu, ale faktem pozostaje jego bardzo mocna pozycja w Krywbasie.<\/p>\n<p>Polskie korzenie. W kadrze Chorwacji debiutowa\u0142 przeciwko Polsce<\/p>\n<p>Jur\u010dec jest Chorwatem, ale jego zwi\u0105zki z Polsk\u0105 nie zaczynaj\u0105 si\u0119 wraz z transferem do Wroc\u0142awia. Jego matka jest Polk\u0105, a sam zawodnik posiada r\u00f3wnie\u017c polskie obywatelstwo. To oczywi\u015bcie upraszcza jego sytuacj\u0119 formaln\u0105, ale dodaje te\u017c ca\u0142ej historii ciekawego kontekstu.<\/p>\n<p>W przesz\u0142o\u015bci wyst\u0119powa\u0142 w reprezentacji Chorwacji do lat 21. Debiutowa\u0142 17 listopada 2022 roku i zrobi\u0142 to w\u0142a\u015bnie przeciwko Polsce prowadzonej w\u00f3wczas przez Micha\u0142a Probierza. Chorwaci wygrali 3:1, a Jur\u010dec rozpocz\u0105\u0142 spotkanie w podstawowym sk\u0142adzie. Oficjalna baza chorwackiej federacji potwierdza tak\u017ce jego kolejny wyst\u0119p przeciwko Austrii.<\/p>\n<p>Profil niemal stworzony pod wahad\u0142o<\/p>\n<p>Najwa\u017cniejsze pytanie dla kibic\u00f3w \u015al\u0105ska brzmi jednak nie \u201egdzie gra\u0142?\u201d, ale \u201eco mo\u017ce da\u0107 dru\u017cynie?\u201d.<\/p>\n<p>Jur\u010dec mierzy 177 centymetr\u00f3w i na pierwszy rzut oka nie ma warunk\u00f3w fizycznych typowych dla zawodnika bazuj\u0105cego na sile. Jest jednak dobrze zbudowany, stabilny w kontakcie i nie unika bezpo\u015brednich pojedynk\u00f3w. Jego najwi\u0119kszymi atutami s\u0105 szybko\u015b\u0107, zwrotno\u015b\u0107 oraz wytrzyma\u0142o\u015b\u0107. Potrafi bardzo intensywnie pracowa\u0107 przez ca\u0142e spotkanie, szybko doskakiwa\u0107 do przeciwnika i reagowa\u0107 na pojawiaj\u0105ce si\u0119 przestrzenie.<\/p>\n<p>W defensywie bazuje przede wszystkim na mobilno\u015bci i agresywnym skracaniu dystansu. Dobrze zabezpiecza przestrze\u0144, jest dynamiczny w pojedynkach i nie boi si\u0119 fizycznego kontaktu. Nie chodzi jednak tylko o sam\u0105 szybko\u015b\u0107. Jur\u010dec potrafi wykorzysta\u0107 j\u0105 r\u00f3wnie\u017c do naprawienia sytuacji, w kt\u00f3rej zesp\u00f3\u0142 straci ustawienie albo przeciwnik znajdzie miejsce za lini\u0105 pomocy.<\/p>\n<p>To zestaw cech szczeg\u00f3lnie warto\u015bciowy w\u0142a\u015bnie na wahadle. W systemie \u015al\u0105ska nie b\u0119dzie przecie\u017c oczekiwa\u0142o si\u0119 od niego wy\u0142\u0105cznie zabezpieczenia w\u0142asnej po\u0142owy. Ma regularnie pokonywa\u0107 kilkadziesi\u0105t metr\u00f3w, uczestniczy\u0107 w pressingu, wraca\u0107 za akcj\u0105 i chwil\u0119 p\u00f3\u017aniej ponownie pojawia\u0107 si\u0119 wysoko pod bramk\u0105 rywala.<\/p>\n<p><img loading=\"lazy\" decoding=\"async\" class=\"size-full wp-image-68572\" src=\"https:\/\/www.europesays.com\/pl\/wp-content\/uploads\/2026\/09\/Jurcec-fot.-Facebook-NK-Kustosija.jpg\" alt=\"Jan Jur\u010dec - \u015al\u0105sk Wroc\u0142aw\" width=\"1280\" height=\"720\"  \/>Fot. NK Kusto\u0161ija<br \/>\nNie b\u0119dzie kolejnym rozgrywaj\u0105cym bo nie musi nim by\u0107<\/p>\n<p>W ofensywie r\u00f3wnie\u017c warto dobrze okre\u015bli\u0107 oczekiwania. Jur\u010dec nie jest zawodnikiem, kt\u00f3ry b\u0119dzie prowadzi\u0142 gr\u0119 \u015al\u0105ska, wygrywa\u0142 mecze technik\u0105 czy regularnie tworzy\u0142 przewag\u0119 efektownym dryblingiem. Nie nale\u017cy te\u017c oczekiwa\u0107 od niego kreatywno\u015bci charakterystycznej dla klasycznej \u201edziesi\u0105tki\u201d czy ofensywnego skrzyd\u0142owego.<\/p>\n<p>Jego gra jest znacznie bardziej konkretna.<\/p>\n<p>Potrafi zaatakowa\u0107 woln\u0105 przestrze\u0144, przyspieszy\u0107 z pi\u0142k\u0105 i wykorzysta\u0107 zmian\u0119 tempa. Nie ogranicza si\u0119 przy tym do biegania przy linii. Potrafi zej\u015b\u0107 do \u015brodka, dzi\u0119ki czemu mo\u017ce otworzy\u0107 korytarz partnerowi ustawionemu szerzej. Co wa\u017cne, potrafi r\u00f3wnie\u017c do\u015brodkowa\u0107 lew\u0105 nog\u0105, wi\u0119c obro\u0144ca nie mo\u017ce za ka\u017cdym razem zamyka\u0107 mu jednej strony i liczy\u0107, \u017ce w ten spos\u00f3b zako\u0144czy akcj\u0119.<\/p>\n<p>Jur\u010dec nie musi by\u0107 efektowny, \u017ceby by\u0107 efektywny. Podejmuje zazwyczaj proste decyzje, ale w\u0142a\u015bnie w roli wahad\u0142owego mo\u017ce to by\u0107 zalet\u0105. Dostanie przestrze\u0144 to j\u0105 zaatakuje. Mo\u017ce dogra\u0107 to dogra. Trzeba zamkn\u0105\u0107 akcj\u0119 na dalszym s\u0142upku to on znajdzie si\u0119 tam odpowiednio szybko.<\/p>\n<p>\u015al\u0105sk potrzebowa\u0142 w\u0142a\u015bnie takiego profilu<\/p>\n<p>Odej\u015bcie Micha\u0142a Rosiaka do Twente sprawi\u0142o, \u017ce prawa strona sta\u0142a si\u0119 jedn\u0105 z najbardziej oczywistych pozycji wymagaj\u0105cych uzupe\u0142nienia. Jur\u010dec nie musi by\u0107 kopi\u0105 swojego poprzednika i trudno oczekiwa\u0107, \u017ce od pierwszego spotkania da \u015al\u0105skowi dok\u0142adnie to samo. Profilowo wydaje si\u0119 jednak kandydatem bardzo logicznym.<\/p>\n<p>Jest w dobrym wieku, ma do\u015bwiadczenie z kilku r\u00f3\u017cnych lig, pozostaje w rytmie meczowym i mo\u017ce wyst\u0119powa\u0107 zar\u00f3wno jako klasyczny prawy obro\u0144ca, jak i wahad\u0142owy czy \u2013 w razie potrzeby \u2013 wy\u017cej ustawiony zawodnik prawej strony. Do tego dochodz\u0105 polski paszport oraz do\u015bwiadczenie m\u0142odzie\u017cowej reprezentacji Chorwacji.<\/p>\n<p>Najbardziej interesuj\u0105ce jest jednak to, jak jego cechy wpisuj\u0105 si\u0119 w spos\u00f3b gry \u015al\u0105ska. Szybko\u015b\u0107, intensywno\u015b\u0107, wytrzyma\u0142o\u015b\u0107, zdolno\u015b\u0107 do pracy na du\u017cej przestrzeni i dyscyplina taktyczna to dok\u0142adnie te elementy, kt\u00f3re na wahadle s\u0105 szczeg\u00f3lnie istotne.<\/p>\n<p>Jan Jur\u010dec mo\u017ce natomiast okaza\u0107 si\u0119 jednym z tych ruch\u00f3w, kt\u00f3rych sens najlepiej wida\u0107 dopiero na boisku. Je\u015bli szybko odnajdzie si\u0119 w systemie Ante \u0160imund\u017ey, \u015al\u0105sk mo\u017ce dosta\u0107 nie tylko nast\u0119pc\u0119 Rosiaka, ale zawodnika gotowego obsadzi\u0107 praw\u0105 stron\u0119 na d\u0142u\u017cej.<\/p>\n","protected":false},"excerpt":{"rendered":"\u015al\u0105sk Wroc\u0142aw znalaz\u0142 nast\u0119pc\u0119 Micha\u0142a Rosiaka. Jan Jur\u010dec nie jest jednak wy\u0142\u0105cznie pi\u0142karzem sprowadzonym do za\u0142atania dziury na&hellip;\n","protected":false},"author":2,"featured_media":669005,"comment_status":"","ping_status":"","sticky":false,"template":"","format":"standard","meta":{"footnotes":"","_share_on_mastodon":"0"},"categories":[51607],"tags":[274,129782,42,38,40,39,41,697,110960,2817,1853],"class_list":["post-669004","post","type-post","status-publish","format-standard","has-post-thumbnail","category-wroclaw","tag-ekstraklasa","tag-jan-jurcec","tag-pl","tag-poland","tag-polish","tag-polska","tag-polski","tag-slask-wroclaw","tag-slaskekstraklasa","tag-transfery","tag-wroclaw"],"share_on_mastodon":{"url":"https:\/\/pubeurope.com\/@pl\/117218043776672396","error":""},"_links":{"self":[{"href":"https:\/\/www.europesays.com\/pl\/wp-json\/wp\/v2\/posts\/669004","targetHints":{"allow":["GET"]}}],"collection":[{"href":"https:\/\/www.europesays.com\/pl\/wp-json\/wp\/v2\/posts"}],"about":[{"href":"https:\/\/www.europesays.com\/pl\/wp-json\/wp\/v2\/types\/post"}],"author":[{"embeddable":true,"href":"https:\/\/www.europesays.com\/pl\/wp-json\/wp\/v2\/users\/2"}],"replies":[{"embeddable":true,"href":"https:\/\/www.europesays.com\/pl\/wp-json\/wp\/v2\/comments?post=669004"}],"version-history":[{"count":0,"href":"https:\/\/www.europesays.com\/pl\/wp-json\/wp\/v2\/posts\/669004\/revisions"}],"wp:featuredmedia":[{"embeddable":true,"href":"https:\/\/www.europesays.com\/pl\/wp-json\/wp\/v2\/media\/669005"}],"wp:attachment":[{"href":"https:\/\/www.europesays.com\/pl\/wp-json\/wp\/v2\/media?parent=669004"}],"wp:term":[{"taxonomy":"category","embeddable":true,"href":"https:\/\/www.europesays.com\/pl\/wp-json\/wp\/v2\/categories?post=669004"},{"taxonomy":"post_tag","embeddable":true,"href":"https:\/\/www.europesays.com\/pl\/wp-json\/wp\/v2\/tags?post=669004"}],"curies":[{"name":"wp","href":"https:\/\/api.w.org\/{rel}","templated":true}]}}