{"id":669020,"date":"2026-09-05T10:57:13","date_gmt":"2026-09-05T10:57:13","guid":{"rendered":"https:\/\/www.europesays.com\/pl\/669020\/"},"modified":"2026-09-05T10:57:13","modified_gmt":"2026-09-05T10:57:13","slug":"masz-telewizor-albo-radio-lepiej-tego-nie-ignoruj-rekordzista-zaplacil-137-tys-zl","status":"publish","type":"post","link":"https:\/\/www.europesays.com\/pl\/669020\/","title":{"rendered":"Masz telewizor albo radio? Lepiej tego nie ignoruj. Rekordzista zap\u0142aci\u0142 137 tys. z\u0142"},"content":{"rendered":"<p>Abonament RTV jest nale\u017cny za ka\u017cdy odbiornik zdolny do odbioru programu publicznych nadawc\u00f3w. Odbiornik powinien by\u0107 zarejestrowany, a op\u0142at\u0119 nale\u017cy wnosi\u0107 do 25. dnia ka\u017cdego miesi\u0105ca.<\/p>\n<p><a href=\"https:\/\/www.fakt.pl\/pieniadze\/kas-skontrolowala-stacje-paliw-wykryto-naruszenia-cen-w-programie-cpn\/44pvtn7\" id=\"4f9c345a-c172-46f1-b86f-7aecff2d6c6a\" rel=\"nofollow noopener\" target=\"_blank\">Perfidny proceder na stacjach? Skarb\u00f3wka wkroczy\u0142a do akcji<\/a><a href=\"https:\/\/www.fakt.pl\/\" title=\"Strona G\u0142\u00f3wna\" aria-label=\"Strona G\u0142\u00f3wna\" data-astro-prefetch=\"tap\" class=\"ods-a-logo-main-desktop\" rel=\"nofollow noopener\" target=\"_blank\"><img src=\"https:\/\/cdn.fakt.pl\/img\/Logo_desktop_Fakt.svg\" class=\"ods-a-logo-main-desktop__image\" alt=\"Logo\" width=\"107\" height=\"86\" fetchpriority=\"high\" decoding=\"sync\" style=\"height:86px\"\/><\/a><\/p>\n<p class=\"ods-m-google-article__text\">Czytaj nas cz\u0119\u015bciej w Google<\/p>\n<p><a href=\"https:\/\/google.com\/preferences\/source?q=fakt.pl\" target=\"_blank\" rel=\"noopener noreferrer nofollow\" aria-label=\"Dodaj w Google\" title=\"Dodaj w Google\" class=\"ods-a-button ods-a-button__primary ods-a-button__default ods-a-button-l\">Dodaj w Google<\/a>Dalszy ci\u0105g artyku\u0142u pod materia\u0142em wideo<\/p>\n<p>W 2026 r. miesi\u0119czna op\u0142ata wynosi 9,50 z\u0142 za radio oraz 30,50 z\u0142 za telewizor lub odbiornik radiowo-telewizyjny. Od 2027 r. stawki maj\u0105 wzrosn\u0105\u0107 odpowiednio do 10,80 z\u0142 i 34,50 z\u0142.<\/p>\n<p>Cho\u0107 pojedyncza miesi\u0119czna op\u0142ata nie wydaje si\u0119 wysoka, wieloletnie zaleg\u0142o\u015bci mog\u0105 oznacza\u0107 dla d\u0142u\u017cnika bardzo powa\u017cne konsekwencje finansowe.<\/p>\n<p>Zaleg\u0142y abonament RTV. Skarb\u00f3wka mo\u017ce zaj\u0105\u0107 pensj\u0119 lub konto<\/p>\n<p>W przypadku nieuregulowania nale\u017cno\u015bci Poczta Polska w pierwszej kolejno\u015bci kieruje do d\u0142u\u017cnika wezwanie do zap\u0142aty. Je\u017celi zaleg\u0142o\u015b\u0107 nadal nie zostanie uregulowana, wystawiany jest tytu\u0142 wykonawczy. Nast\u0119pnie spraw\u0105 mo\u017ce zaj\u0105\u0107 si\u0119 urz\u0105d skarbowy.<\/p>\n<p>Organy egzekucyjne maj\u0105 kilka mo\u017cliwo\u015bci odzyskania pieni\u0119dzy. Zaleg\u0142o\u015b\u0107 mo\u017ce zosta\u0107 pobrana m.in. z wynagrodzenia, emerytury lub renty, rachunku bankowego czy nadp\u0142aty podatku. W gr\u0119 mo\u017ce wchodzi\u0107 r\u00f3wnie\u017c egzekucja za po\u015brednictwem komornika.<\/p>\n<p>Ministerstwo Finans\u00f3w zwraca uwag\u0119, \u017ce na tym etapie organy egzekucyjne nie oceniaj\u0105 zasadno\u015bci samego zobowi\u0105zania.<\/p>\n<p>&#8222;Organy egzekucyjne prowadz\u0105 post\u0119powania egzekucyjne na podstawie tytu\u0142\u00f3w wykonawczych wystawionych przez wierzycieli. Organy egzekucyjne nie s\u0105 uprawnione do badania zasadno\u015bci i wymagalno\u015bci obowi\u0105zku obj\u0119tego tytu\u0142em wykonawczym, a tym samym nie badaj\u0105 zasadno\u015bci wysoko\u015bci kwot obj\u0119tych tytu\u0142ami wykonawczymi przekazanymi im do realizacji przez wierzyciela&#8221; \u2014 podkre\u015bla resort.<\/p>\n<p>Rekordowe d\u0142ugi za abonament RTV. Zachodniopomorskie na pierwszym miejscu<\/p>\n<p>Ministerstwo Finans\u00f3w przekaza\u0142o portalowi Interia Biznes dane dotycz\u0105ce najwy\u017cszych kwot wyegzekwowanych przez organy Krajowej Administracji Skarbowej od stycznia do lipca 2026 r. Rekord pad\u0142 w wojew\u00f3dztwie zachodniopomorskim. Od jednego d\u0142u\u017cnika odzyskano a\u017c 137 tys. z\u0142.<\/p>\n<p>Drugie miejsce zajmuje wojew\u00f3dztwo dolno\u015bl\u0105skie, gdzie najwy\u017csza wyegzekwowana kwota wynios\u0142a 49 tys. z\u0142. W kolejnych regionach r\u00f3wnie\u017c pojawiaj\u0105 si\u0119 wysokie nale\u017cno\u015bci: 38 tys. z\u0142 na Mazowszu, 35 tys. z\u0142 w wojew\u00f3dztwie \u0142\u00f3dzkim i 33 tys. z\u0142 w wojew\u00f3dztwie kujawsko-pomorskim.<\/p>\n<p><a href=\"https:\/\/www.fakt.pl\/pieniadze\/afera-z-zegarkiem-dla-prezesa-pkol-fiskus-moze-zazadac-130-tys-zl\/fmkt87x\" id=\"901aff91-bed1-4172-99f8-b397e8e712e1\" rel=\"nofollow noopener\" target=\"_blank\">Mia\u0142 dosta\u0107 luksusowy zegarek. Skarb\u00f3wka mo\u017ce za\u017c\u0105da\u0107 129 tys. z\u0142 podatku<\/a><a href=\"https:\/\/www.fakt.pl\/pieniadze\/krajowa-administracja-skarbowa-masowo-blokuje-konta-firm-mamy-nowe-dane\/1hnjh78\" id=\"2b11da5d-6cbb-4f8d-a8e9-a7b77276a6e9\" rel=\"nofollow noopener\" target=\"_blank\">Skarb\u00f3wka blokuje konta. Firmy trac\u0105 dost\u0119p do pieni\u0119dzy na d\u0142ugo<\/a><a href=\"https:\/\/www.fakt.pl\/pieniadze\/urzad-skarbowy-wydal-wazny-komunikat-zacznie-sie-o-godz-19\/f108tfg\" id=\"91a82c7b-0640-4389-9a56-942e8a3958ce\" rel=\"nofollow noopener\" target=\"_blank\">Wa\u017cny komunikat dla Polak\u00f3w. Nie zdziw si\u0119 wieczorem<\/a><\/p>\n","protected":false},"excerpt":{"rendered":"Abonament RTV jest nale\u017cny za ka\u017cdy odbiornik zdolny do odbioru programu publicznych nadawc\u00f3w. Odbiornik powinien by\u0107 zarejestrowany, a&hellip;\n","protected":false},"author":2,"featured_media":669021,"comment_status":"","ping_status":"","sticky":false,"template":"","format":"standard","meta":{"footnotes":"","_share_on_mastodon":"0"},"categories":[16],"tags":[113,61195,112,7495,46,129559,60771,504,42,21220,38,40,39,41,7998,47,7196,111182],"class_list":["post-669020","post","type-post","status-publish","format-standard","has-post-thumbnail","category-biznes","tag-biznes","tag-bottomfeed_styl","tag-business","tag-ministerstwo_finansow","tag-omp","tag-omp_tst3","tag-organy","tag-pieniadze","tag-pl","tag-poczta_polska","tag-poland","tag-polish","tag-polska","tag-polski","tag-radio","tag-screening_general","tag-telewizor","tag-topbar_tst1"],"share_on_mastodon":{"url":"https:\/\/pubeurope.com\/@pl\/117218079487407189","error":""},"_links":{"self":[{"href":"https:\/\/www.europesays.com\/pl\/wp-json\/wp\/v2\/posts\/669020","targetHints":{"allow":["GET"]}}],"collection":[{"href":"https:\/\/www.europesays.com\/pl\/wp-json\/wp\/v2\/posts"}],"about":[{"href":"https:\/\/www.europesays.com\/pl\/wp-json\/wp\/v2\/types\/post"}],"author":[{"embeddable":true,"href":"https:\/\/www.europesays.com\/pl\/wp-json\/wp\/v2\/users\/2"}],"replies":[{"embeddable":true,"href":"https:\/\/www.europesays.com\/pl\/wp-json\/wp\/v2\/comments?post=669020"}],"version-history":[{"count":0,"href":"https:\/\/www.europesays.com\/pl\/wp-json\/wp\/v2\/posts\/669020\/revisions"}],"wp:featuredmedia":[{"embeddable":true,"href":"https:\/\/www.europesays.com\/pl\/wp-json\/wp\/v2\/media\/669021"}],"wp:attachment":[{"href":"https:\/\/www.europesays.com\/pl\/wp-json\/wp\/v2\/media?parent=669020"}],"wp:term":[{"taxonomy":"category","embeddable":true,"href":"https:\/\/www.europesays.com\/pl\/wp-json\/wp\/v2\/categories?post=669020"},{"taxonomy":"post_tag","embeddable":true,"href":"https:\/\/www.europesays.com\/pl\/wp-json\/wp\/v2\/tags?post=669020"}],"curies":[{"name":"wp","href":"https:\/\/api.w.org\/{rel}","templated":true}]}}