{"id":669062,"date":"2026-09-05T11:28:12","date_gmt":"2026-09-05T11:28:12","guid":{"rendered":"https:\/\/www.europesays.com\/pl\/669062\/"},"modified":"2026-09-05T11:28:12","modified_gmt":"2026-09-05T11:28:12","slug":"bedzie-zwrot-ws-upadlego-biznesu-palikota-syndyk-prowadzi-rozmowy","status":"publish","type":"post","link":"https:\/\/www.europesays.com\/pl\/669062\/","title":{"rendered":"B\u0119dzie zwrot ws. upad\u0142ego biznesu Palikota? Syndyk prowadzi rozmowy"},"content":{"rendered":"<p><a href=\"https:\/\/www.google.com\/preferences\/source?q=finanse.wp.pl\" target=\"_blank\" rel=\"nofollow noopener\" class=\"preferred-source-banner\" id=\"preferred-source-banner\" data-vab-box=\"preferred_source_banner\"><\/p>\n<p class=\"preferred-source-banner-title\">Dodaj WP Finanse jako preferowane \u017ar\u00f3d\u0142o w Google<\/p>\n<p class=\"preferred-source-banner-subtitle\">Nasze tre\u015bci b\u0119d\u0105 cz\u0119\u015bciej wy\u015bwietla\u0107 si\u0119 w Twoich wynikach Google<\/p>\n<p><\/a> <\/p>\n<p>Manufaktura Piwa, W\u00f3dki i\u00a0Wina og\u0142osi\u0142a <a href=\"https:\/\/finanse.wp.pl\/niemiecki-gigant-meblowy-upadl-jest-zwrot-duze-zainteresowanie-7325408352942240a\" rel=\"noopener noreferrer nofollow\" target=\"_blank\">upad\u0142o\u015b\u0107<\/a> w\u00a02024\u00a0r. Leszek Kolczy\u0144ski, syndyk masy upad\u0142o\u015bciowej, przekaza\u0142 &#8222;Faktowi&#8221;, \u017ce mimo up\u0142ywu czasu nie dosz\u0142o jeszcze do fina\u0142u rozm\u00f3w handlowych, kt\u00f3re mog\u0142yby przes\u0105dzi\u0107 o\u00a0dalszych losach sp\u00f3\u0142ki.<\/p>\n<blockquote><p>Prawdopodobie\u0144stwo pozytywnego dla masy ich zako\u0144czenia oceniamy jako niewielkie. Natomiast wszyscy pozostali wcze\u015bniejsi kontrahenci zako\u0144czyli negocjacje &#8211; wskaza\u0142.<\/p><\/blockquote>\n<p> Rozw\u00f3j Plus kolejnym &#8222;rzecznikiem najbogatszych&#8221;? Schreiber odpowiada  <img role=\"presentation\" class=\"absolute left-1\/2 top-1\/2 max-h-[80%] max-w-[100px] -translate-x-1\/2 -translate-y-1\/2\" src=\"https:\/\/v.wpimg.pl\/ZXJfd3AudTkrBBIAbg54LGhcRlAxHQUrPgJGH2MAeGJoSQ1eIBI_K2UHAEVuBTY5KQMMXC0RPyoVERQdMgM9ejc\" loading=\"lazy\" decoding=\"async\"\/><\/p>\n<p>Dw\u00f3ch potencjalnych ch\u0119tnych na upad\u0142y biznes Palikota<\/p>\n<p>Syndyk poinformowa\u0142, \u017ce na stole pozostaj\u0105 mo\u017cliwe kierunki wsp\u00f3\u0142pracy, bo rozmowy tocz\u0105 si\u0119 z\u00a0dwoma potencjalnymi kontrahentami. Nie ujawniono jednak, kim s\u0105 zainteresowane podmioty ani jakiego rodzaju porozumienie mia\u0142oby zosta\u0107 zawarte. Jeden inwestor ma by\u0107 zainteresowany zorganizowan\u0105 cz\u0119\u015bci\u0105 przedsi\u0119biorstwa, a\u00a0drugi &#8211; dzier\u017caw\u0105 jednej hali.<\/p>\n<p>Na razie jednak nie podpisano \u017cadnej umowy. &#8211; Tym samym ryzyko umorzenia post\u0119powania zwi\u0119ksza si\u0119, bowiem sprzeda\u017c ruchomo\u015bci niezabezpieczonych nie daje gwarancji regulowania bie\u017c\u0105cych zobowi\u0105za\u0144 masy &#8211; podkre\u015bli\u0142 syndyk.<\/p>\n<p>W\u00a0planach syndyka jest rozdzielenie maj\u0105tku browaru na potrzeby <a href=\"https:\/\/finanse.wp.pl\/znana-siec-sprzedana-za-1-zl-ma-w-polsce-ponad-300-sklepow-7292798347102656a\" rel=\"noopener noreferrer nofollow\" target=\"_blank\">sprzeda\u017cy<\/a> i\u00a0zamierza zawnioskowa\u0107 o\u00a0to do s\u0119dziego-komisarza. Osobno mia\u0142aby zosta\u0107 zbyta nieruchomo\u015b\u0107, a\u00a0osobno jej wyposa\u017cenie. Na znalezienie kupc\u00f3w zosta\u0142o coraz mniej czasu.<\/p>\n<p> <img role=\"presentation\" class=\"absolute left-1\/2 top-1\/2 max-h-[80%] max-w-[100px] -translate-x-1\/2 -translate-y-1\/2\" src=\"https:\/\/v.wpimg.pl\/ZXJfd3AudTkrBBIAbg54LGhcRlAxHQUrPgJGH2MAeGJoSQ1eIBI_K2UHAEVuBTY5KQMMXC0RPyoVERQdMgM9ejc\" loading=\"lazy\" decoding=\"async\"\/> <\/p>\n<p>&#8211; Je\u015bli tej zgody nie otrzymamy szybko lub ta sprzeda\u017c si\u0119 nie powiedzie, dalsze prowadzenie post\u0119powania nie b\u0119dzie mo\u017cliwe ze wzgl\u0119du na brak \u015brodk\u00f3w &#8211; podkre\u015bli\u0142.<\/p>\n<p>Syndyk nadal porz\u0105dkuje kwestie zwi\u0105zane z\u00a0wierzycielami. Wykaz obejmuj\u0105cy obligatariuszy zosta\u0142 ju\u017c przygotowany, jednak wniesiono wobec niego za\u017calenie, kt\u00f3re jest obecnie rozpatrywane. Przygotowanie pozosta\u0142ych danych komplikuje brak dokumentacji ksi\u0119gowej sp\u00f3\u0142ki.<\/p>\n<p> <a href=\"https:\/\/finanse.wp.pl\/nie-ma-chetnych-na-browar-palikota-syndyk-rozwaza-kolejny-krok-7312363527706976a\" class=\"teaser-inline\" rel=\"nofollow noopener\" target=\"_blank\">  <img decoding=\"async\" src=\"https:\/\/www.europesays.com\/pl\/wp-content\/uploads\/2026\/09\/NTgwODBjYTUGFTl3bRFsIEVNbS0rSGJ2ElV1Zm1bfGxXD2AiKwYrJgIHIGolGDskBgA_ajIGYTUXHmAyc0UqPRQHIyU7RSs5BRIr.jpeg\" loading=\"lazy\" class=\"wp-media-image cropped\" alt=\"Sprzeda\u017c browaru Palikota zako\u0144czy\u0142a si\u0119 fiaskiem. Co dalej?\"\/><\/p>\n<p>Sprzeda\u017c browaru Palikota zako\u0144czy\u0142a si\u0119 fiaskiem. Co dalej?<\/p>\n<p><\/a> <img role=\"presentation\" class=\"absolute left-1\/2 top-1\/2 max-h-[80%] max-w-[100px] -translate-x-1\/2 -translate-y-1\/2\" src=\"https:\/\/v.wpimg.pl\/ZXJfd3AudTkrBBIAbg54LGhcRlAxHQUrPgJGH2MAeGJoSQ1eIBI_K2UHAEVuBTY5KQMMXC0RPyoVERQdMgM9ejc\" loading=\"lazy\" decoding=\"async\"\/><\/p>\n<p>Upadek browaru Tenczynek. Zarzuty dla Palikota<\/p>\n<p>Wszystko zacz\u0119\u0142o si\u0119 od przej\u0119cia w\u00a02018\u00a0r. <a href=\"https:\/\/www.money.pl\/biznes\/szukam-winnic-skazany-za-reklame-alkoholu-palikot-rozkreca-kolejne-biznesy-7320483155359936a.html\" rel=\"noopener noreferrer nofollow\" target=\"_blank\">Browaru Tenczynek<\/a>, kt\u00f3rego tradycje si\u0119gaj\u0105 niemal pi\u0119ciu wiek\u00f3w. Nale\u017c\u0105ca do biznesu Janusza Palikota sp\u00f3\u0142ka kupi\u0142a go w\u00f3wczas od Marka Jakubiaka, a\u00a0nast\u0119pnie zacz\u0119\u0142a rozwija\u0107 kolejne przedsi\u0119wzi\u0119cia zwi\u0105zane z\u00a0produkcj\u0105 alkoholi. W\u015br\u00f3d nich znalaz\u0142y si\u0119 m.in. Tenczy\u0144ska Okovita, Alembik Polska oraz Tenczynek Bezalkoholowe.<\/p>\n<p>Palikot pr\u00f3bowa\u0142 jednocze\u015bnie zwi\u0119kszy\u0107 rozpoznawalno\u015b\u0107 projektu i\u00a0pozyska\u0107 nowych inwestor\u00f3w. W\u00a0tym celu nawi\u0105zywa\u0142 wsp\u00f3\u0142prac\u0119 z\u00a0celebrytami. Jednym z\u00a0najbardziej znanych przyk\u0142ad\u00f3w by\u0142a sp\u00f3\u0142ka Przyja\u017a\u0144 i\u00a0Piwo utworzona wsp\u00f3lnie z\u00a0Kub\u0105 Wojew\u00f3dzkim.<\/p>\n<p> <a href=\"https:\/\/www.money.pl\/gospodarka\/palikot-ma-na-oku-nowy-biznes-oglosil-publicznie-o-co-chodzi-7319466826901696a.html\" class=\"teaser-inline\" rel=\"nofollow noopener\" target=\"_blank\">  <img decoding=\"async\" src=\"https:\/\/www.europesays.com\/pl\/wp-content\/uploads\/2026\/09\/Yjg4YTQ0dgsGVi9nfkt7HkUOez04EnVIEhZjdn4Ba1JXTHYyOFw8GAJENno2QiwaBkMpeiFcdgsXXXYiYB89AxRENTUoHzwHBVE9.jpeg\" loading=\"lazy\" class=\"wp-media-image cropped\" alt=\"Palikot ma na oku nowy biznes. Og\u0142osi\u0142 publicznie, o co chodzi\"\/><\/p>\n<p>Palikot ma na oku nowy biznes. Og\u0142osi\u0142 publicznie, o co chodzi<\/p>\n<p><\/a> <img role=\"presentation\" class=\"absolute left-1\/2 top-1\/2 max-h-[80%] max-w-[100px] -translate-x-1\/2 -translate-y-1\/2\" src=\"https:\/\/v.wpimg.pl\/ZXJfd3AudTkrBBIAbg54LGhcRlAxHQUrPgJGH2MAeGJoSQ1eIBI_K2UHAEVuBTY5KQMMXC0RPyoVERQdMgM9ejc\" loading=\"lazy\" decoding=\"async\"\/> <\/p>\n<p>Du\u017cym problemem okaza\u0142 si\u0119 jednak spos\u00f3b, w\u00a0jaki grupa zdobywa\u0142a pieni\u0105dze na dalszy rozw\u00f3j. Zamiast opiera\u0107 si\u0119 przede wszystkim na finansowaniu bankowym i\u00a0kapitale inwestycyjnym, si\u0119ga\u0142a po \u015brodki od indywidualnych inwestor\u00f3w. Pieni\u0105dze pozyskiwano m.in. w\u00a0ramach emisji udzia\u0142\u00f3w, crowdfundingu udzia\u0142owego oraz po\u017cyczek spo\u0142eczno\u015bciowych. Inwestorom przedstawiano perspektyw\u0119 dalszego rozwoju grupy i\u00a0korzystnych warunk\u00f3w finansowych.<\/p>\n<p>W\u00a02023\u00a0r. sytuacja finansowa grupy Manufaktury Piwa, W\u00f3dki i\u00a0Wina zacz\u0119\u0142a si\u0119 gwa\u0142townie pogarsza\u0107. Sp\u00f3\u0142ki przesta\u0142y regulowa\u0107 odsetki nale\u017cne inwestorom, a\u00a0p\u00f3\u017aniej pojawi\u0142y si\u0119 r\u00f3wnie\u017c problemy z\u00a0wyp\u0142atami dla pracownik\u00f3w browaru i\u00a0lokali. Wed\u0142ug szacunk\u00f3w syndyka suma zg\u0142oszonych wierzytelno\u015bci przekroczy\u0142a ju\u017c 240\u00a0mln z\u0142.<\/p>\n<p>Kryzys zako\u0144czy\u0142 si\u0119 wkroczeniem prokuratury i\u00a0s\u0142u\u017cb. <a href=\"https:\/\/www.money.pl\/gospodarka\/palikot-o-finansowej-katastrofie-moglem-oglosic-upadlosc-7223602110933536a.html\" rel=\"noopener noreferrer nofollow\" target=\"_blank\">W\u00a0pa\u017adzierniku 2024\u00a0r. CBA zatrzyma\u0142o Palikota na polecenie wroc\u0142awskiej prokuratury<\/a>. Trafi\u0142 on do aresztu tymczasowego, a\u00a0\u015bledczy przedstawili mu zarzuty dotycz\u0105ce doprowadzenia tysi\u0119cy inwestor\u00f3w do niekorzystnego rozporz\u0105dzenia maj\u0105tkiem na oko\u0142o 70\u00a0mln z\u0142.<\/p>\n<p> <img role=\"presentation\" class=\"absolute left-1\/2 top-1\/2 max-h-[80%] max-w-[100px] -translate-x-1\/2 -translate-y-1\/2\" src=\"https:\/\/v.wpimg.pl\/ZXJfd3AudTkrBBIAbg54LGhcRlAxHQUrPgJGH2MAeGJoSQ1eIBI_K2UHAEVuBTY5KQMMXC0RPyoVERQdMgM9ejc\" loading=\"lazy\" decoding=\"async\"\/> <\/p>\n<p>Palikot nie przyznaje si\u0119 do zarzut\u00f3w. <a href=\"https:\/\/www.money.pl\/biznes\/janusz-palikot-buduje-nowy-biznes-a-co-ze-sledztwem-juz-dziewiec-zarzutow-7282237435906080a.html?pvclid=01M1RDK3HBA4C9FB3SD3ZAJ3E7&amp;XkQ=o98FBtvP1haHBsCTQ9eXFxaXxsUTVRZBlcaVRsJTRUaHE1ZG1BcTQMaWQEJDQAPX10BW19eWAAPC1wJWQAKXg0AWlwLX1gLDAwCW1gIVl0BVQgPWAwPXQ8JWwECGQoaQxtMBlRdHE1ZAkkaVQgPVwENVgAPXkQ\" rel=\"noopener noreferrer nofollow\" target=\"_blank\">Opu\u015bci\u0142 areszt po wp\u0142aceniu 2\u00a0mln z\u0142 por\u0119czenia maj\u0105tkowego<\/a>.<\/p>\n<p>\u017ar\u00f3d\u0142o: &#8222;Fakt&#8221;, money.pl<\/p>\n","protected":false},"excerpt":{"rendered":"Dodaj WP Finanse jako preferowane \u017ar\u00f3d\u0142o w Google Nasze tre\u015bci b\u0119d\u0105 cz\u0119\u015bciej wy\u015bwietla\u0107 si\u0119 w Twoich wynikach Google&hellip;\n","protected":false},"author":2,"featured_media":669063,"comment_status":"","ping_status":"","sticky":false,"template":"","format":"standard","meta":{"footnotes":"","_share_on_mastodon":"0"},"categories":[16],"tags":[113,112,42,38,40,39,41],"class_list":["post-669062","post","type-post","status-publish","format-standard","has-post-thumbnail","category-biznes","tag-biznes","tag-business","tag-pl","tag-poland","tag-polish","tag-polska","tag-polski"],"share_on_mastodon":{"url":"https:\/\/pubeurope.com\/@pl\/117218202620446033","error":""},"_links":{"self":[{"href":"https:\/\/www.europesays.com\/pl\/wp-json\/wp\/v2\/posts\/669062","targetHints":{"allow":["GET"]}}],"collection":[{"href":"https:\/\/www.europesays.com\/pl\/wp-json\/wp\/v2\/posts"}],"about":[{"href":"https:\/\/www.europesays.com\/pl\/wp-json\/wp\/v2\/types\/post"}],"author":[{"embeddable":true,"href":"https:\/\/www.europesays.com\/pl\/wp-json\/wp\/v2\/users\/2"}],"replies":[{"embeddable":true,"href":"https:\/\/www.europesays.com\/pl\/wp-json\/wp\/v2\/comments?post=669062"}],"version-history":[{"count":0,"href":"https:\/\/www.europesays.com\/pl\/wp-json\/wp\/v2\/posts\/669062\/revisions"}],"wp:featuredmedia":[{"embeddable":true,"href":"https:\/\/www.europesays.com\/pl\/wp-json\/wp\/v2\/media\/669063"}],"wp:attachment":[{"href":"https:\/\/www.europesays.com\/pl\/wp-json\/wp\/v2\/media?parent=669062"}],"wp:term":[{"taxonomy":"category","embeddable":true,"href":"https:\/\/www.europesays.com\/pl\/wp-json\/wp\/v2\/categories?post=669062"},{"taxonomy":"post_tag","embeddable":true,"href":"https:\/\/www.europesays.com\/pl\/wp-json\/wp\/v2\/tags?post=669062"}],"curies":[{"name":"wp","href":"https:\/\/api.w.org\/{rel}","templated":true}]}}