{"id":669072,"date":"2026-09-05T11:33:11","date_gmt":"2026-09-05T11:33:11","guid":{"rendered":"https:\/\/www.europesays.com\/pl\/669072\/"},"modified":"2026-09-05T11:33:11","modified_gmt":"2026-09-05T11:33:11","slug":"prezydent-polski-wezmie-udzial-w-pogrzebie-krola-norwegii","status":"publish","type":"post","link":"https:\/\/www.europesays.com\/pl\/669072\/","title":{"rendered":"Prezydent Polski we\u017amie udzia\u0142 w pogrzebie kr\u00f3la Norwegii"},"content":{"rendered":"\n<p>&#13;<br \/>\n<a href=\"https:\/\/dorzeczy.pl\/swiat\/934900\/nie-zyje-krol-norwegii-harald-v-mial-89-lat.html\" rel=\"nofollow noopener\" target=\"_blank\">Harald V zmar\u0142 w\u00a0pi\u0105tek<\/a> (28 sierpnia) o\u00a0godz. 6:35 w\u00a0Szpitalu Uniwersyteckim w\u00a0Oslo. Informacj\u0119 potwierdzi\u0142 norweski dw\u00f3r. Kr\u00f3l od\u00a017 sierpnia przebywa\u0142 w\u00a0szpitalu, gdzie by\u0142 leczony z\u00a0powodu problem\u00f3w zdrowotnych. &#13;\n<\/p>\n<p>&#13;<br \/>\nTego samego dnia prezydent Karol Nawrocki z\u0142o\u017cy\u0142 kondolencje rodzinie kr\u00f3lewskiej i\u00a0ca\u0142emu narodowi Norwegii. &#13;\n<\/p>\n<p>&#13;<br \/>\n&#8222;Z\u00a0g\u0142\u0119bokim smutkiem przyj\u0105\u0142em wiadomo\u015b\u0107 o\u00a0\u015bmierci Jego Kr\u00f3lewskiej Mo\u015bci Kr\u00f3la Norwegii Haralda V. W\u00a0tych trudnych chwilach \u0142\u0105cz\u0119 si\u0119 w\u00a0modlitwie oraz\u00a0sk\u0142adam wyrazy g\u0142\u0119bokiego wsp\u00f3\u0142czucia Rodzinie Kr\u00f3lewskiej oraz\u00a0ca\u0142emu Narodowi Norweskiemu&#8221; \u2013\u00a0napisa\u0142 w\u00a0serwisie X. &#13;\n<\/p>\n<p>&#13;<br \/>\nZ kolei w\u00a0sobot\u0119 szef prezydenckiego Biura Polityki Mi\u0119dzynarodowej Marcin Przydacz przekaza\u0142, \u017ce\u00a0polski przyw\u00f3dca we\u017amie udzia\u0142 w\u00a0uroczysto\u015bciach pogrzebowych monarchy, kt\u00f3re odb\u0119d\u0105 si\u0119 w\u00a0\u015brod\u0119 9\u00a0wrze\u015bnia. &#13;\n<\/p>\n<p>&#13;<br \/>\n&#8222;W\u00a0gronie przyw\u00f3dc\u00f3w z\u00a0ca\u0142ego \u015bwiata Polska odda ho\u0142d kr\u00f3lowi, kt\u00f3ry przez dziesi\u0119ciolecia cieszy\u0142 si\u0119 ogromnym szacunkiem swoich rodak\u00f3w i\u00a0spo\u0142eczno\u015bci mi\u0119dzynarodowej. Harald V by\u0142 monarch\u0105 dbaj\u0105cym o\u00a0dobre relacje z\u00a0Rzeczpospolit\u0105 Polsk\u0105. Jego odej\u015bcie zamyka wa\u017cny rozdzia\u0142 historii Norwegii, naszego bliskiego sojusznika&#8221; \u2013\u00a0napisa\u0142 Przydacz na\u00a0swoim koncie na\u00a0platformie X. &#13;\n<\/p>\n<p>Kr\u00f3l Harald V nie\u00a0\u017cyje<\/p>\n<p>&#13;<br \/>\nMonarcha trafi\u0142 w\u00a0po\u0142owie sierpnia do\u00a0szpitala Rikshospitalet w\u00a0Oslo. Tam podj\u0119to leczenie z\u00a0powodu niedokrwisto\u015bci hemolitycznej. Pocz\u0105tkowo media informowa\u0142y, \u017ce\u00a0kr\u00f3l pozostanie pod\u00a0opiek\u0105 lekarzy, a\u00a0nast\u0119pnie podano, \u017ce\u00a0sytuacja jest &#8222;niezwykle powa\u017cna&#8221;. &#13;\n<\/p>\n<p>&#13;<br \/>\nHarald V by\u0142 kr\u00f3lem Norwegii przez 35 lat. By\u0142 te\u017c trzecim monarch\u0105 od\u00a0odzyskania niepodleg\u0142o\u015bci przez Norwegi\u0119 w\u00a01905\u00a0r. Ponadto by\u0142 pierwszym kr\u00f3lem od\u00a01380\u00a0r. urodzonym w\u00a0Norwegii. Nast\u0119pc\u0105 Haralda jest jego 53-letni syn, ksi\u0105\u017c\u0119 koronny Haakon. &#13;\n<\/p>\n<p>&#13;<br \/>\nW m\u0142odo\u015bci uprawia\u0142 \u017ceglarstwo i\u00a0trzykrotnie reprezentowa\u0142 Norwegi\u0119 na\u00a0igrzyskach olimpijskich. W\u00a01987 roku zdoby\u0142 z\u0142oty medal. &#13;\n<\/p>\n<p>&#13;<br \/>\n   Czytaj te\u017c:<br \/><a href=\"https:\/\/dorzeczy.pl\/opinie\/938569\/poklad-biznesu-bosak-dobry-ruch.html\" rel=\"follow nofollow noopener\" data-schema=\"DORZECZY\" data-image=\"https:\/\/img.dorzeczy.pl\/_thumb\/ea\/47\/51d89aaa23c19fc29f108a6c787b.jpeg\" target=\"_blank\">Bosak o\u00a0decyzji Nawrockiego: Dobry ruch. Powinien by\u0107 pocz\u0105tkiem zmiany systemowej<\/a>   Czytaj te\u017c:<br \/><a href=\"https:\/\/dorzeczy.pl\/opinie\/938551\/pojdzie-na-konfrontacje-z-rzadem-prezydent-bliski-decyzji.html\" rel=\"follow nofollow noopener\" data-schema=\"DORZECZY\" data-image=\"https:\/\/img.dorzeczy.pl\/_thumb\/00\/83\/c8f1d101d40a1b3c84c4b27346a3.jpeg\" target=\"_blank\">&#8222;P\u00f3jdzie na\u00a0konfrontacj\u0119 z\u00a0rz\u0105dem&#8221;. Nawrocki bliski decyzji<\/a>&#13;<\/p>\n","protected":false},"excerpt":{"rendered":"&#13; Harald V zmar\u0142 w\u00a0pi\u0105tek (28 sierpnia) o\u00a0godz. 6:35 w\u00a0Szpitalu Uniwersyteckim w\u00a0Oslo. Informacj\u0119 potwierdzi\u0142 norweski dw\u00f3r. Kr\u00f3l od\u00a017&hellip;\n","protected":false},"author":2,"featured_media":669073,"comment_status":"","ping_status":"","sticky":false,"template":"","format":"standard","meta":{"footnotes":"","_share_on_mastodon":"0"},"categories":[62712],"tags":[98,51767,690,49,601,1315,3155,102,393,6607],"class_list":["post-669072","post","type-post","status-publish","format-standard","has-post-thumbnail","category-karol-nawrocki","tag-dorzeczy","tag-harald","tag-karol-nawrocki","tag-kraj","tag-marcin-bugaj","tag-nawrocki","tag-norwegia","tag-opinie","tag-pogrzeb","tag-uroczystosc"],"share_on_mastodon":{"url":"https:\/\/pubeurope.com\/@pl\/117218220924565059","error":""},"_links":{"self":[{"href":"https:\/\/www.europesays.com\/pl\/wp-json\/wp\/v2\/posts\/669072","targetHints":{"allow":["GET"]}}],"collection":[{"href":"https:\/\/www.europesays.com\/pl\/wp-json\/wp\/v2\/posts"}],"about":[{"href":"https:\/\/www.europesays.com\/pl\/wp-json\/wp\/v2\/types\/post"}],"author":[{"embeddable":true,"href":"https:\/\/www.europesays.com\/pl\/wp-json\/wp\/v2\/users\/2"}],"replies":[{"embeddable":true,"href":"https:\/\/www.europesays.com\/pl\/wp-json\/wp\/v2\/comments?post=669072"}],"version-history":[{"count":0,"href":"https:\/\/www.europesays.com\/pl\/wp-json\/wp\/v2\/posts\/669072\/revisions"}],"wp:featuredmedia":[{"embeddable":true,"href":"https:\/\/www.europesays.com\/pl\/wp-json\/wp\/v2\/media\/669073"}],"wp:attachment":[{"href":"https:\/\/www.europesays.com\/pl\/wp-json\/wp\/v2\/media?parent=669072"}],"wp:term":[{"taxonomy":"category","embeddable":true,"href":"https:\/\/www.europesays.com\/pl\/wp-json\/wp\/v2\/categories?post=669072"},{"taxonomy":"post_tag","embeddable":true,"href":"https:\/\/www.europesays.com\/pl\/wp-json\/wp\/v2\/tags?post=669072"}],"curies":[{"name":"wp","href":"https:\/\/api.w.org\/{rel}","templated":true}]}}