{"id":669078,"date":"2026-09-05T11:41:39","date_gmt":"2026-09-05T11:41:39","guid":{"rendered":"https:\/\/www.europesays.com\/pl\/669078\/"},"modified":"2026-09-05T11:41:39","modified_gmt":"2026-09-05T11:41:39","slug":"szesc-goli-na-otwarcie-7-kolejki-betclic-2-ligi-stal-stalowa-wola-zremisowala-z-zawisza-bydgoszcz","status":"publish","type":"post","link":"https:\/\/www.europesays.com\/pl\/669078\/","title":{"rendered":"Sze\u015b\u0107 goli na otwarcie 7. kolejki Betclic 2. Ligi! Stal Stalowa Wola zremisowa\u0142a z Zawisz\u0105 Bydgoszcz"},"content":{"rendered":"<p>\t\t\t\t        <img loading=\"lazy\" decoding=\"async\" src=\"https:\/\/www.europesays.com\/pl\/wp-content\/uploads\/2026\/09\/stal-stalowa-wola_1000_108506.jpg\" alt=\"fot. Daniel Tracz\/ Stal Stalowa Wola\" width=\"900\" height=\"600\"\/><\/p>\n<p>fot. Daniel Tracz\/ Stal Stalowa Wola<\/p>\n<p>\t\t\t\tTen mecz mia\u0142 wszystko. Hat-tricka, czerwon\u0105 kartk\u0119, odrabianie strat i walk\u0119 do ko\u0144cowego gwizdka. W 7. kolejce Betclic 2. Ligi <a href=\"https:\/\/www.podkarpacielive.pl\/statystyki\/13,stal-stalowa-wola-psa\" rel=\"nofollow noopener\" target=\"_blank\">Stal Stalowa Wola<\/a> podzieli\u0142a si\u0119 punktami z Zawisz\u0105 Bydgoszcz, remisuj\u0105c 3-3. Gospodarze mog\u0105 jednak \u017ca\u0142owa\u0107 niewykorzystanej szansy &#8211; rywale ponad godzin\u0119 grali w &#8222;dziesi\u0105tk\u0119&#8221;&#13;<\/p>\n<p>\u00a0<\/p>\n<p>&#13;<\/p>\n<p>Spotkanie poprzedzi\u0142a minuta ciszy ku pami\u0119ci Janusza Wydry, by\u0142ego pi\u0142karza &#8222;Zielono-Czarnych&#8221;. Dzisiejsze zmagania mia\u0142y tak\u017ce szczeg\u00f3lne znaczenie dla Jakuba Jelenia, kt\u00f3ry obchodzi\u0142 23. urodziny.\u00a0<\/p>\n<p>&#13;<\/p>\n<p>\u00a0<\/p>\n<p>&#13;<\/p>\n<p>Przez pierwszy kwadrans tego pojedynku obie dru\u017cyny wzajemnie bada\u0142y swoje si\u0142y. Poza nieudanym strza\u0142em z 7. minuty Dariusza Kami\u0144skiego na murawie Podkarpackiego Centrum Pi\u0142ki No\u017cnej nie dzialo si\u0119 zbyt wiele.<\/p>\n<p>&#13;<br \/>\nJakub Jele\u0144 sprawi\u0142 sobie urodzinowy prezent&#13;<\/p>\n<p>W 20. minucie podopieczni Jaros\u0142awa Skrobacza wyszli na prowadzenie. Do pi\u0142ki zgrywanej z rzutu ro\u017cnego dopad\u0142 Jakub Jele\u0144 i z kilku metr\u00f3w nie da\u0142 szans Micha\u0142owi Oczkowskiemu. 120 sekund p\u00f3\u017aniej pokaza\u0142 si\u0119 Patryk Zaucha &#8211; jego plasowany strza\u0142 wy\u0142apa\u0142 bramkarz Zawiszy.\u00a0Ataki gospodarzy nie ustawa\u0142y. W 23. minucie strza\u0142 z ostrego k\u0105ta wybi\u0142 bydgoski golkiper.<\/p>\n<p>&#13;<\/p>\n<p>\u00a0<\/p>\n<p>&#13;<\/p>\n<p>5 minut p\u00f3\u017aniej przyjezdni musieli gra\u0107 w os\u0142abieniu W polu karnym pad\u0142 Mateusz St\u0119pie\u0144, a \u017ce uczyni\u0142 to bez kontaktu z rywalem, zosta\u0142 &#8222;nagrodzony&#8221; \u017c\u00f3\u0142t\u0105 kartk\u0105. Graczowi Zawiszy nie spodoba\u0142a si\u0119 ta decyzja s\u0119dziego, ironiczne oklaski oraz komentarz pod adresem Piotra Szypu\u0142y sprawi\u0142y, \u017ce przedwcze\u015bnie uda\u0142 si\u0119 pod prysznic.\u00a0<\/p>\n<p>&#13;<\/p>\n<p>\u00a0<\/p>\n<p>&#13;<\/p>\n<p>W 36. minucie przypomnia\u0142 o sobie Jele\u0144. Stalowowolski napastnik zwi\u00f3d\u0142 obro\u0144c\u0119 i odda\u0142 strza\u0142, kt\u00f3ry nieznacznie min\u0105\u0142 s\u0142upek. Nast\u0119pnie prawym skrzyd\u0142em indywidualn\u0105 akcj\u0119 przeprowadzi\u0142 Dariusz Kami\u0144ski, jego uderzenie trafi\u0142o jednak w obro\u0144c\u0119.\u00a0<\/p>\n<p>&#13;<br \/>\nGo\u015bcie doprowadzili do wyr\u00f3wnania przed przerw\u0105&#13;<\/p>\n<p>W 42. minucie na trybunach zapanowa\u0142a konsternacja. Wprowadzony z \u0142awki Sebastian Rak otrzyma\u0142 podanie na lewym skrzydle, po czym wbieg\u0142 w pole karne Stali i przy biernej postawie defensywy pokona\u0142 Miko\u0142aja Smy\u0142ka.\u00a0<\/p>\n<p>&#13;<\/p>\n<p>\u00a0<\/p>\n<p>&#13;<\/p>\n<p>Tu\u017c po wznowieniu gry przed kolejn\u0105 szans\u0105 stan\u0105\u0142 Jele\u0144 &#8211; tym razem &#8222;g\u0142\u00f3wka&#8221; pi\u0142karza ze Stalowej Woli poszybowa\u0142a tu\u017c nad bramk\u0105.\u00a0\u00a0<\/p>\n<p>&#13;<br \/>\nDublet Jakuba Jelenia&#13;<\/p>\n<p>Druga po\u0142owa nie mogla si\u0119 lepiej zacz\u0105\u0107 dla &#8222;Hutnik\u00f3w&#8221;. Lew\u0105 stron\u0105 pomkn\u0105\u0142 Patryk Zaucha, zagra\u0142 wzd\u0142u\u017c 5. metra a nabiegaj\u0105cy jubilat z bliska dope\u0142ni\u0142 formalno\u015bci.\u00a0<\/p>\n<p>&#13;<\/p>\n<p>\u00a0<\/p>\n<p>&#13;<\/p>\n<p>w 51. minucie solenizant si\u0119 jednak nie popisa\u0142 &#8211; min\u0105\u0142 obro\u0144c\u0119 i wyszed\u0142 na sam na sam z bramkarzem, kt\u00f3rego przelobowa\u0142, lecz futbol\u00f3wka trafi\u0142a w poprzeczk\u0119 i wysz\u0142a poza boiska. Tymczasem kilka metr\u00f3w obok Jelenia sta\u0142 niepilnowany Dariusz Kami\u0144ski&#8230;<\/p>\n<p>&#13;<\/p>\n<p>\u00a0<\/p>\n<p>&#13;<\/p>\n<p>Kolejna akcja miejscowych mia\u0142a miejsce w 57. minucie. Z dystansu przymierzy\u0142 Szymon Kwapisz a pi\u0142k\u0119 na raty z\u0142apa\u0142 Oczkowski.\u00a0<\/p>\n<p>&#13;<br \/>\nHat-trick Jelenia!!!&#13;<\/p>\n<p>120 sekund p\u00f3\u017aniej by\u0142o ju\u017c 3-1. Jakub Jele\u0144 zaliczy\u0142 fenomenalne urodziny &#8211; po otrzymaniu pi\u0142ki w naro\u017cniku pola karnego pos\u0142a\u0142 precyzyjny strza\u0142, przy kt\u00f3rym nic do powiedzenia nie mia\u0142 golkiper z Bydgoszczy.<\/p>\n<p>&#13;<br \/>\nSzybka riposta Zawiszy&#13;<\/p>\n<p>W 63. minucie zrobi\u0142o si\u0119 3-2. Drog\u0119 do siatki znalaz\u0142 Miko\u0142aj Staniak, wykorzystuj\u0105c nieporozumienei w szeregach defensywy gospodarzy.\u00a0180 sekund p\u00f3\u017aniej Smy\u0142ek skapitulowa\u0142 po raz trzeci, ale s\u0119dzia dopatrzy\u0142 si\u0119 pozycji spalonej i gola nie uzna\u0142.<\/p>\n<p>&#13;<\/p>\n<p>\u00a0<\/p>\n<p>&#13;<\/p>\n<p>Od tego momentu zapanowa\u0142a istna wymiana cios\u00f3w. Niewiele do szcz\u0119\u015bcia zabrak\u0142o Rakowi a kilka chwil p\u00f3\u017aniej na list\u0119 strzelc\u00f3w m\u00f3g\u0142 wpisa\u0107 si\u0119 Dawid Wolny.\u00a0<\/p>\n<p>&#13;<br \/>\nMiko\u0142aj Staniak na 3-3\u00a0&#13;<\/p>\n<p>W 77. minucie gracze Adriana Stawskiego odrobili straty. Do\u015brodkowanie z rzutu ro\u017cnego spad\u0142o wprost na g\u0142ow\u0119 Staniaka i zawody zacz\u0119\u0142y si\u0119 od nowa.\u00a0<\/p>\n<p>&#13;<\/p>\n<p>\u00a0<\/p>\n<p>&#13;<\/p>\n<p>Na dwie minuty przed ko\u0144cem regulaminowego czasu gry Maksymilian Hebel stara\u0142 si\u0119 zaskoczy\u0107 Oczkowskiego &#8222;centrostrza\u0142em&#8221;. Bramkarz Zawiszy nie da\u0142 si\u0119 zaskoczy\u0107, cho\u0107 interwencja nie przysz\u0142a mu z \u0142atwo\u015bci\u0105.\u00a0<\/p>\n<p>&#13;<\/p>\n<p>\u00a0<\/p>\n<p>&#13;<\/p>\n<p>W doliczonym czasie gry \u017caden z zespo\u0142\u00f3w nie stworzy\u0142 sobie klarownej okazji do zmiany rezultatu i mecz zako\u0144czy\u0142 si\u0119 remisem.<\/p>\n<p>&#13;<\/p>\n<p>\u00a0<\/p>\n<p>&#13;<\/p>\n<p>\u00a0<\/p>\n<p>&#13;<\/p>\n<p>\u00a0<\/p>\n<p>&#13;<\/p>\n<p>Stopka meczowa #150532 (strzelcy)<\/p>\n<p>&#13;<\/p>\n<p>\u00a0<\/p>\n<p>&#13;<\/p>\n<p>\u00a0<\/p>\n<p>&#13;<\/p>\n<p>Stal Stalowa Wola: Miko\u0142aj Smy\u0142ek &#8211; \u0141ukasz Furtak, Jakub Jele\u0144 (71. Dawid Wolny, Patryk Zaucha, Pawe\u0142 \u017byra (71. Maksymilian Hebel), Gedeon Nonga, Szymon Kwapisz, Maciej \u015aliwa (90+1. Hubert Tomalski), Jaros\u0142aw Czerwik, Adam Chrzanowski, Dariusz Kami\u0144ski (71. Mateusz Radecki).<\/p>\n<p>&#13;<\/p>\n<p>Zawisza Bydgoszcz: Micha\u0142 Oczkowski &#8211; Sebastian Golak, Rados\u0142aw Kanach (62. Kacper Bogusiewicz), Filip Koz\u0142owski (86. Maciej Mas), Maciej Kona (36. Sebastian Rak), Jan Ju\u015bkiewicz, Mateusz St\u0119pie\u0144, Wojciech Szumilas, Kacper Nowak (62. Marcel Strzy\u017cewski), Miko\u0142aj Staniak, Bartosz Ku\u015bmierczyk (62. Micha\u0142 Cywi\u0144ski).\u00a0<\/p>\n<p>&#13;<\/p>\n<p>\u00a0<\/p>\n<p>&#13;<\/p>\n<p>S\u0119dzia: Piotr Szypu\u0142a.<\/p>\n<p>&#13;<\/p>\n<p>\u017b\u00f3\u0142te kartki: Gedeon Nongo (76-faul), Adam Chrzanowski (79-faul) &#8211; Miko\u0142aj Staniak (24-faul), Mateusz St\u0119pie\u0144 (28-symulowanie rzutu karnego, 28-niesportowe zachowanie). Filip Koz\u0142owski (45+-faul), Micha\u0142 Cywi\u0144ski (84-faul).\u00a0<\/p>\n<p>&#13;<\/p>\n<p>Czerwona kartka: Mateusz St\u0119pie\u0144 (28).<\/p>\n<p>&#13;<\/p>\n<p>Widz\u00f3w: 1980.<\/p>\n<p>&#13;<\/p>\n<p>\u00a0<\/p>\n<p>&#13;<\/p>\n<p>II liga &#8211; 7. kolejka:<\/p>\n<p>Lista mecz\u00f3w<\/p>\n<p>II liga &#8211; tabela:<\/p>\n<p>Tabela ligowa<\/p>\n<p>II liga &#8211; 7. kolejka:<\/p>\n<p>Lista mecz\u00f3w<\/p>\n<p>\u00a0<\/p>\n<p>\u00a0<\/p>\n<p>\u00a0<\/p>\n<p>\u00a0<\/p>\n<p>II liga &#8211; tabela:<\/p>\n<p>\u00a0\u00a0<\/p>\n<p style=\"text-align: justify;\">\u00a0<\/p>\n","protected":false},"excerpt":{"rendered":"fot. Daniel Tracz\/ Stal Stalowa Wola Ten mecz mia\u0142 wszystko. Hat-tricka, czerwon\u0105 kartk\u0119, odrabianie strat i walk\u0119 do&hellip;\n","protected":false},"author":2,"featured_media":669079,"comment_status":"","ping_status":"","sticky":false,"template":"","format":"standard","meta":{"footnotes":"","_share_on_mastodon":"0"},"categories":[51613],"tags":[51458,70056,70057,70055,7132,70060,2449,30321,269,42,8135,70059,38,40,39,41,57780,1838,131,127,70061,6743,14763,63331,57619,26654,24505,70058,174],"class_list":["post-669078","post","type-post","status-publish","format-standard","has-post-thumbnail","category-bydgoszcz","tag-2-liga","tag-3-liga-grupa-iv","tag-4-liga-podkarpacka","tag-asseco-resovia","tag-bydgoszcz","tag-developres-rzeszow","tag-koszykowka","tag-miasto-szkla-krosno","tag-pilka-nozna","tag-pl","tag-podkarpacie","tag-podkarpacki-sport","tag-poland","tag-polish","tag-polska","tag-polski","tag-relacje-live","tag-siarka-tarnobrzeg","tag-siatkowka","tag-sport","tag-spr-stal-mielec","tag-stal-mielec","tag-stal-rzeszow","tag-transmisje-na-zywo","tag-wilki-krosno","tag-wisloka-debica","tag-wyniki-na-zywo","tag-wyniki-pilka-podkarpacie","tag-zuzel"],"share_on_mastodon":{"url":"https:\/\/pubeurope.com\/@pl\/117218253197884669","error":""},"_links":{"self":[{"href":"https:\/\/www.europesays.com\/pl\/wp-json\/wp\/v2\/posts\/669078","targetHints":{"allow":["GET"]}}],"collection":[{"href":"https:\/\/www.europesays.com\/pl\/wp-json\/wp\/v2\/posts"}],"about":[{"href":"https:\/\/www.europesays.com\/pl\/wp-json\/wp\/v2\/types\/post"}],"author":[{"embeddable":true,"href":"https:\/\/www.europesays.com\/pl\/wp-json\/wp\/v2\/users\/2"}],"replies":[{"embeddable":true,"href":"https:\/\/www.europesays.com\/pl\/wp-json\/wp\/v2\/comments?post=669078"}],"version-history":[{"count":0,"href":"https:\/\/www.europesays.com\/pl\/wp-json\/wp\/v2\/posts\/669078\/revisions"}],"wp:featuredmedia":[{"embeddable":true,"href":"https:\/\/www.europesays.com\/pl\/wp-json\/wp\/v2\/media\/669079"}],"wp:attachment":[{"href":"https:\/\/www.europesays.com\/pl\/wp-json\/wp\/v2\/media?parent=669078"}],"wp:term":[{"taxonomy":"category","embeddable":true,"href":"https:\/\/www.europesays.com\/pl\/wp-json\/wp\/v2\/categories?post=669078"},{"taxonomy":"post_tag","embeddable":true,"href":"https:\/\/www.europesays.com\/pl\/wp-json\/wp\/v2\/tags?post=669078"}],"curies":[{"name":"wp","href":"https:\/\/api.w.org\/{rel}","templated":true}]}}