{"id":669084,"date":"2026-09-05T11:44:15","date_gmt":"2026-09-05T11:44:15","guid":{"rendered":"https:\/\/www.europesays.com\/pl\/669084\/"},"modified":"2026-09-05T11:44:15","modified_gmt":"2026-09-05T11:44:15","slug":"poltora-miliona-turystow-odwiedzilo-latem-gdansk","status":"publish","type":"post","link":"https:\/\/www.europesays.com\/pl\/669084\/","title":{"rendered":"P\u00f3\u0142tora miliona turyst\u00f3w odwiedzi\u0142o latem Gda\u0144sk"},"content":{"rendered":"<p>\t\t\t\t\t\t\t\tNiemal p\u00f3\u0142tora miliona turyst\u00f3w odwiedzi\u0142o Gda\u0144sk w\u00a0sezonie letnim \u2013 szacuje Gda\u0144ska Organizacja turystyczna. To\u00a0wynik obejmuj\u0105cy okres od\u00a0pocz\u0105tku czerwca do\u00a0ko\u0144ca sierpnia. <\/p>\n<p>Jak informuje Micha\u0142 Brandt z\u00a0GOT, do\u00a0tej\u00a0pory uda\u0142o si\u0119 ustali\u0107, \u017ce\u00a0ob\u0142o\u017cenie hotelowe do\u00a0po\u0142owy lipca wynosi\u0142o oko\u0142o 85 proc. \u2013 Szacujemy, \u017ce\u00a0w\u00a0lipcu i\u00a0sierpniu \u0142\u0105cznie b\u0119dzie ono na\u00a0poziomie oko\u0142o 90 proc., mo\u017ce lekko ten pr\u00f3g przekroczy. To\u00a0wynik por\u00f3wnywalny do\u00a0ubieg\u0142ego roku. Wtedy w\u00a0okresie letnim odwiedzi\u0142o nas blisko 1,5 miliona turyst\u00f3w i\u00a0podobnego wyniku spodziewamy si\u0119 teraz. Z\u00a0regu\u0142y, ka\u017cdego roku, ro\u015bnie on\u00a0o\u00a0ok. 100-120 tys. os\u00f3b. Najwi\u0119cej by\u0142o go\u015bci krajowych \u2013 ponad 75 proc. \u2013 wylicza.\u00a0<\/p>\n<p>W\u00a0przypadku turyst\u00f3w zagranicznych wi\u0119kszo\u015b\u0107 stanowili Norwegowie \u2013 16 proc., p\u00f3\u017aniej Niemcy i\u00a0Brytyjczycy z\u00a0wynikiem po\u00a014 proc. \u015arednia cena noclegu w\u00a0gda\u0144skim hotelu wynios\u0142a w\u00a0tym roku 525 z\u0142otych za\u00a0pok\u00f3j, czyli o\u00a025 z\u0142otych wi\u0119cej ni\u017c w\u00a0ubieg\u0142ym.<\/p>\n<p>Szczeg\u00f3\u0142owe, oficjalne zestawienie zostanie opublikowane przez\u00a0GOT pod\u00a0koniec wrze\u015bnia.<\/p>\n<p style=\"text-align: right;\">Karolina Worosz\/mrud<\/p>\n","protected":false},"excerpt":{"rendered":"Niemal p\u00f3\u0142tora miliona turyst\u00f3w odwiedzi\u0142o Gda\u0144sk w\u00a0sezonie letnim \u2013 szacuje Gda\u0144ska Organizacja turystyczna. To\u00a0wynik obejmuj\u0105cy okres od\u00a0pocz\u0105tku czerwca&hellip;\n","protected":false},"author":2,"featured_media":669085,"comment_status":"","ping_status":"","sticky":false,"template":"","format":"standard","meta":{"footnotes":"","_share_on_mastodon":"0"},"categories":[51610],"tags":[1048,42,38,40,39,41],"class_list":["post-669084","post","type-post","status-publish","format-standard","has-post-thumbnail","category-gdansk","tag-gdansk","tag-pl","tag-poland","tag-polish","tag-polska","tag-polski"],"share_on_mastodon":{"url":"https:\/\/pubeurope.com\/@pl\/117218264329123097","error":""},"_links":{"self":[{"href":"https:\/\/www.europesays.com\/pl\/wp-json\/wp\/v2\/posts\/669084","targetHints":{"allow":["GET"]}}],"collection":[{"href":"https:\/\/www.europesays.com\/pl\/wp-json\/wp\/v2\/posts"}],"about":[{"href":"https:\/\/www.europesays.com\/pl\/wp-json\/wp\/v2\/types\/post"}],"author":[{"embeddable":true,"href":"https:\/\/www.europesays.com\/pl\/wp-json\/wp\/v2\/users\/2"}],"replies":[{"embeddable":true,"href":"https:\/\/www.europesays.com\/pl\/wp-json\/wp\/v2\/comments?post=669084"}],"version-history":[{"count":0,"href":"https:\/\/www.europesays.com\/pl\/wp-json\/wp\/v2\/posts\/669084\/revisions"}],"wp:featuredmedia":[{"embeddable":true,"href":"https:\/\/www.europesays.com\/pl\/wp-json\/wp\/v2\/media\/669085"}],"wp:attachment":[{"href":"https:\/\/www.europesays.com\/pl\/wp-json\/wp\/v2\/media?parent=669084"}],"wp:term":[{"taxonomy":"category","embeddable":true,"href":"https:\/\/www.europesays.com\/pl\/wp-json\/wp\/v2\/categories?post=669084"},{"taxonomy":"post_tag","embeddable":true,"href":"https:\/\/www.europesays.com\/pl\/wp-json\/wp\/v2\/tags?post=669084"}],"curies":[{"name":"wp","href":"https:\/\/api.w.org\/{rel}","templated":true}]}}