{"id":669086,"date":"2026-09-05T11:45:20","date_gmt":"2026-09-05T11:45:20","guid":{"rendered":"https:\/\/www.europesays.com\/pl\/669086\/"},"modified":"2026-09-05T11:45:20","modified_gmt":"2026-09-05T11:45:20","slug":"wyszedl-z-domu-i-zniknal-trwaja-poszukiwania-36-latka-z-poznania","status":"publish","type":"post","link":"https:\/\/www.europesays.com\/pl\/669086\/","title":{"rendered":"Wyszed\u0142 z domu i znikn\u0105\u0142. Trwaj\u0105 poszukiwania 36-latka z Poznania"},"content":{"rendered":"<p><a class=\"atomsListingArticleTileWithSeparatedLink__img atomsListingArticleTileWithSeparatedLink__img--withGallery\" href=\"https:\/\/poznan.naszemiasto.pl\/niezwykle-odkrycie-podczas-budowy-w-poznaniu-w-ziemi-spoczywalo-47-zolnierzy\/ar\/c1p2-29326719\" title=\"Niezwyk&#x142;e odkrycie podczas budowy w Poznaniu. W ziemi spoczywa&#x142;o 47 &#x17C;o&#x142;nierzy\" data-icon-variant=\"withGallery\" data-ec=\"atomsListingArticleTileWithSeparatedLink\" data-event-position-el=\"link\" aria-hidden=\"true\" focusable=\"false\" tabindex=\"-1\" rel=\"nofollow noopener\" target=\"_blank\"><img decoding=\"async\" class=\"atomsListingArticleTileWithSeparatedLink__tileImg\" loading=\"lazy\" src=\"https:\/\/www.europesays.com\/pl\/wp-content\/uploads\/2026\/09\/2609051252_975431935_medium.jpg\" data-image-type=\"articles\" alt=\"Niezwyk&#x142;e odkrycie podczas budowy w Poznaniu. W ziemi spoczywa&#x142;o 47 &#x17C;o&#x142;nierzy\"\/><\/a><a class=\"atomsListingArticleTileWithSeparatedLink__titleLink\" href=\"https:\/\/poznan.naszemiasto.pl\/niezwykle-odkrycie-podczas-budowy-w-poznaniu-w-ziemi-spoczywalo-47-zolnierzy\/ar\/c1p2-29326719\" title=\"Niezwyk&#x142;e odkrycie podczas budowy w Poznaniu. W ziemi spoczywa&#x142;o 47 &#x17C;o&#x142;nierzy\" data-ec=\"atomsListingArticleTileWithSeparatedLink\" data-event-position-el=\"link\" rel=\"nofollow noopener\" target=\"_blank\">Niezwyk\u0142e odkrycie podczas budowy w Poznaniu. W ziemi spoczywa\u0142o 47 \u017co\u0142nierzy<\/a><\/p>\n<p class=\"atomsListingArticleTileWithSeparatedLink__lead\">Podczas prac ziemnych przy ul. Biskupi\u0144skiej w Poznaniu odnaleziono szcz\u0105tki 47 \u017co\u0142nierzy niemieckich. Odkrycia dokonano po zg\u0142oszeniu przez pracownik\u00f3w firmy&#8230;<\/p>\n<p>\n            5 wrze\u015bnia 2026, 12:47\n          <\/p>\n<p><a class=\"atomsListingArticleTileWithSeparatedLink__img\" href=\"https:\/\/poznan.naszemiasto.pl\/nie-bedzie-bezposrednich-lotow-do-dubaju-z-poznania-usunieto-mozliwosc-rezerwacji\/ar\/c1p2-29312691\" title=\"Nie b&#x119;dzie bezpo&#x15B;rednich lot&#xF3;w do Dubaju z Poznania? Usuni&#x119;to mo&#x17C;liwo&#x15B;&#x107; rezerwacji \" data-ec=\"atomsListingArticleTileWithSeparatedLink\" data-event-position-el=\"link\" aria-hidden=\"true\" focusable=\"false\" tabindex=\"-1\" rel=\"nofollow noopener\" target=\"_blank\"><img decoding=\"async\" class=\"atomsListingArticleTileWithSeparatedLink__tileImg\" loading=\"lazy\" src=\"https:\/\/www.europesays.com\/pl\/wp-content\/uploads\/2026\/09\/il20260303_958145997_medium.jpg\" data-image-type=\"articles\" alt=\"Nie b&#x119;dzie bezpo&#x15B;rednich lot&#xF3;w do Dubaju z Poznania? Usuni&#x119;to mo&#x17C;liwo&#x15B;&#x107; rezerwacji \"\/><\/a><a class=\"atomsListingArticleTileWithSeparatedLink__titleLink\" href=\"https:\/\/poznan.naszemiasto.pl\/nie-bedzie-bezposrednich-lotow-do-dubaju-z-poznania-usunieto-mozliwosc-rezerwacji\/ar\/c1p2-29312691\" title=\"Nie b&#x119;dzie bezpo&#x15B;rednich lot&#xF3;w do Dubaju z Poznania? Usuni&#x119;to mo&#x17C;liwo&#x15B;&#x107; rezerwacji \" data-ec=\"atomsListingArticleTileWithSeparatedLink\" data-event-position-el=\"link\" rel=\"nofollow noopener\" target=\"_blank\">Nie b\u0119dzie bezpo\u015brednich lot\u00f3w do Dubaju z Poznania? Usuni\u0119to mo\u017cliwo\u015b\u0107 rezerwacji <\/a><\/p>\n<p class=\"atomsListingArticleTileWithSeparatedLink__lead\">Od 2 pa\u017adziernika nie zostan\u0105 wznowione bezpo\u015brednie loty mi\u0119dzy Dubajem a Poznaniem. Ze systemu sprzeda\u017cowego usuni\u0119to mo\u017cliwo\u015b\u0107 rezerwacji lotu na tej trasie.<\/p>\n<p>\n            1 wrze\u015bnia 2026, 12:29\n          <\/p>\n<p><a class=\"atomsListingArticleTileWithSeparatedLink__img\" href=\"https:\/\/poznan.naszemiasto.pl\/mijaja-34-lata-od-porwania-jaroslawa-zietary-do-dzis-nikt-nie-odpowiedzial-za-smierc-dziennikarza\/ar\/c1p2-29300709\" title=\"Mijaj&#x105; 34 lata od porwania Jaros&#x142;awa Zi&#x119;tary. Do dzi&#x15B; nikt nie odpowiedzia&#x142; za &#x15B;mier&#x107; dziennikarza\" data-ec=\"atomsListingArticleTileWithSeparatedLink\" data-event-position-el=\"link\" aria-hidden=\"true\" focusable=\"false\" tabindex=\"-1\" rel=\"nofollow noopener\" target=\"_blank\"><img decoding=\"async\" class=\"atomsListingArticleTileWithSeparatedLink__tileImg\" loading=\"lazy\" src=\"https:\/\/www.europesays.com\/pl\/wp-content\/uploads\/2026\/09\/2608270405_974842711,size,640x717,crop,0.0000x9.0000x1024.0000x536.0000,h,31ddb4.jpg\" data-image-type=\"articles\" alt=\"Mijaj&#x105; 34 lata od porwania Jaros&#x142;awa Zi&#x119;tary. Do dzi&#x15B; nikt nie odpowiedzia&#x142; za &#x15B;mier&#x107; dziennikarza\"\/><\/a><a class=\"atomsListingArticleTileWithSeparatedLink__titleLink\" href=\"https:\/\/poznan.naszemiasto.pl\/mijaja-34-lata-od-porwania-jaroslawa-zietary-do-dzis-nikt-nie-odpowiedzial-za-smierc-dziennikarza\/ar\/c1p2-29300709\" title=\"Mijaj&#x105; 34 lata od porwania Jaros&#x142;awa Zi&#x119;tary. Do dzi&#x15B; nikt nie odpowiedzia&#x142; za &#x15B;mier&#x107; dziennikarza\" data-ec=\"atomsListingArticleTileWithSeparatedLink\" data-event-position-el=\"link\" rel=\"nofollow noopener\" target=\"_blank\">Mijaj\u0105 34 lata od porwania Jaros\u0142awa Zi\u0119tary. Do dzi\u015b nikt nie odpowiedzia\u0142 za \u015bmier\u0107 dziennikarza<\/a><\/p>\n<p class=\"atomsListingArticleTileWithSeparatedLink__lead\">1 wrze\u015bnia min\u0105 34 lata od zagini\u0119cia Jaros\u0142awa Zi\u0119tary. M\u0142ody pozna\u0144ski dziennikarz wyszed\u0142 rano z mieszkania przy ul. Kolejowej i mia\u0142 jecha\u0107 do redakcji&#8230;.<\/p>\n<p>\n            1 wrze\u015bnia 2026, 7:41\n          <\/p>\n<p><a class=\"atomsListingArticleTileWithSeparatedLink__img\" href=\"https:\/\/poznan.naszemiasto.pl\/policja-z-poznania-poszukuje-38-latka-zaginiony-nie-nawiazal-kontaktu-z-rodzina\/ar\/c1p2-29290177\" title=\"Policja z Poznania poszukuje 38-latka. Zaginiony nie nawi&#x105;za&#x142; kontaktu z rodzin&#x105;\" data-ec=\"atomsListingArticleTileWithSeparatedLink\" data-event-position-el=\"link\" aria-hidden=\"true\" focusable=\"false\" tabindex=\"-1\" rel=\"nofollow noopener\" target=\"_blank\"><img decoding=\"async\" class=\"atomsListingArticleTileWithSeparatedLink__tileImg\" loading=\"lazy\" src=\"https:\/\/www.europesays.com\/pl\/wp-content\/uploads\/2026\/09\/26082410b4_974587663_medium.jpg\" data-image-type=\"articles\" alt=\"Policja z Poznania poszukuje 38-latka. Zaginiony nie nawi&#x105;za&#x142; kontaktu z rodzin&#x105;\"\/><\/a><a class=\"atomsListingArticleTileWithSeparatedLink__titleLink\" href=\"https:\/\/poznan.naszemiasto.pl\/policja-z-poznania-poszukuje-38-latka-zaginiony-nie-nawiazal-kontaktu-z-rodzina\/ar\/c1p2-29290177\" title=\"Policja z Poznania poszukuje 38-latka. Zaginiony nie nawi&#x105;za&#x142; kontaktu z rodzin&#x105;\" data-ec=\"atomsListingArticleTileWithSeparatedLink\" data-event-position-el=\"link\" rel=\"nofollow noopener\" target=\"_blank\">Policja z Poznania poszukuje 38-latka. Zaginiony nie nawi\u0105za\u0142 kontaktu z rodzin\u0105<\/a><\/p>\n<p class=\"atomsListingArticleTileWithSeparatedLink__lead\">Zagin\u0105\u0142 38-latek. M\u0119\u017cczyzna ostatni raz by\u0142 widziany w niedziel\u0119, o godz. 19 w swoim domu. Od tamtego czasu nie nawi\u0105za\u0142 kontaktu z rodzin\u0105. Policja prosi o&#8230;<\/p>\n<p>\n            24 sierpnia 2026, 9:59\n          <\/p>\n<p><a class=\"atomsListingArticleTileWithSeparatedLink__img\" href=\"https:\/\/poznan.naszemiasto.pl\/tragedia-na-karolinie-w-poznaniu-zginal-pracownik-elektrocieplowni-drugi-jest-ranny\/ar\/c1p2-29275903\" title=\"Tragedia na Karolinie w Poznaniu. Zgin&#x105;&#x142; pracownik elektrociep&#x142;owni. Drugi jest ranny\" data-ec=\"atomsListingArticleTileWithSeparatedLink\" data-event-position-el=\"link\" aria-hidden=\"true\" focusable=\"false\" tabindex=\"-1\" rel=\"nofollow noopener\" target=\"_blank\"><img decoding=\"async\" class=\"atomsListingArticleTileWithSeparatedLink__tileImg\" loading=\"lazy\" src=\"https:\/\/www.europesays.com\/pl\/wp-content\/uploads\/2026\/09\/il20251125_950849157_medium.jpg\" data-image-type=\"articles\" alt=\"Tragedia na Karolinie w Poznaniu. Zgin&#x105;&#x142; pracownik elektrociep&#x142;owni. Drugi jest ranny\"\/><\/a><a class=\"atomsListingArticleTileWithSeparatedLink__titleLink\" href=\"https:\/\/poznan.naszemiasto.pl\/tragedia-na-karolinie-w-poznaniu-zginal-pracownik-elektrocieplowni-drugi-jest-ranny\/ar\/c1p2-29275903\" title=\"Tragedia na Karolinie w Poznaniu. Zgin&#x105;&#x142; pracownik elektrociep&#x142;owni. Drugi jest ranny\" data-ec=\"atomsListingArticleTileWithSeparatedLink\" data-event-position-el=\"link\" rel=\"nofollow noopener\" target=\"_blank\">Tragedia na Karolinie w Poznaniu. Zgin\u0105\u0142 pracownik elektrociep\u0142owni. Drugi jest ranny<\/a><\/p>\n<p class=\"atomsListingArticleTileWithSeparatedLink__lead\">Podczas prac konserwatorskich pora\u017cony pr\u0105dem zgin\u0105\u0142 jeden z pracownik\u00f3w elektrociep\u0142owni Karolin w Poznaniu. Ucierpia\u0142 tak\u017ce drugi pracownik, kt\u00f3ry pr\u00f3bowa\u0142&#8230;<\/p>\n<p>\n            18 sierpnia 2026, 15:56\n          <\/p>\n<p><a class=\"atomsListingArticleTileWithSeparatedLink__img atomsListingArticleTileWithSeparatedLink__img--withVideo\" href=\"https:\/\/poznan.naszemiasto.pl\/swieto-wojska-polskiego-w-poznaniu-obchody-rozpoczely-sie-juz-dzis-zobacz-zdjecia\/ar\/c1p2-29266649\" title=\"&#x15A;wi&#x119;to Wojska Polskiego w Poznaniu. Obchody rozpocz&#x119;&#x142;y si&#x119; ju&#x17C; dzi&#x15B;. Zobacz zdj&#x119;cia\" data-icon-variant=\"withVideo\" data-ec=\"atomsListingArticleTileWithSeparatedLink\" data-event-position-el=\"link\" aria-hidden=\"true\" focusable=\"false\" tabindex=\"-1\" rel=\"nofollow noopener\" target=\"_blank\"><img decoding=\"async\" class=\"atomsListingArticleTileWithSeparatedLink__tileImg\" loading=\"lazy\" src=\"https:\/\/www.europesays.com\/pl\/wp-content\/uploads\/2026\/09\/26081412d5_973873119_medium.jpg\" data-image-type=\"articles\" alt=\"&#x15A;wi&#x119;to Wojska Polskiego w Poznaniu. Obchody rozpocz&#x119;&#x142;y si&#x119; ju&#x17C; dzi&#x15B;. Zobacz zdj&#x119;cia\"\/><\/a><a class=\"atomsListingArticleTileWithSeparatedLink__titleLink\" href=\"https:\/\/poznan.naszemiasto.pl\/swieto-wojska-polskiego-w-poznaniu-obchody-rozpoczely-sie-juz-dzis-zobacz-zdjecia\/ar\/c1p2-29266649\" title=\"&#x15A;wi&#x119;to Wojska Polskiego w Poznaniu. Obchody rozpocz&#x119;&#x142;y si&#x119; ju&#x17C; dzi&#x15B;. Zobacz zdj&#x119;cia\" data-ec=\"atomsListingArticleTileWithSeparatedLink\" data-event-position-el=\"link\" rel=\"nofollow noopener\" target=\"_blank\">\u015awi\u0119to Wojska Polskiego w Poznaniu. Obchody rozpocz\u0119\u0142y si\u0119 ju\u017c dzi\u015b. Zobacz zdj\u0119cia<\/a><\/p>\n<p class=\"atomsListingArticleTileWithSeparatedLink__lead\">14 sierpnia w Poznaniu rozpocz\u0119\u0142y si\u0119 obchody \u015awi\u0119ta Wojska Polskiego i 106. rocznicy Bitwy Warszawskiej. Zobacz zdj\u0119cia z Placu Wolno\u015bci w naszej galerii.<\/p>\n<p>\n            14 sierpnia 2026, 12:46\n          <\/p>\n","protected":false},"excerpt":{"rendered":"Niezwyk\u0142e odkrycie podczas budowy w Poznaniu. W ziemi spoczywa\u0142o 47 \u017co\u0142nierzy Podczas prac ziemnych przy ul. Biskupi\u0144skiej w&hellip;\n","protected":false},"author":2,"featured_media":669087,"comment_status":"","ping_status":"","sticky":false,"template":"","format":"standard","meta":{"footnotes":"","_share_on_mastodon":"0"},"categories":[51609],"tags":[42,38,129783,40,39,41,1817,5435],"class_list":["post-669086","post","type-post","status-publish","format-standard","has-post-thumbnail","category-poznan","tag-pl","tag-poland","tag-policja-poznan","tag-polish","tag-polska","tag-polski","tag-poznan","tag-zaginiecie"],"share_on_mastodon":{"url":"https:\/\/pubeurope.com\/@pl\/117218269310221250","error":""},"_links":{"self":[{"href":"https:\/\/www.europesays.com\/pl\/wp-json\/wp\/v2\/posts\/669086","targetHints":{"allow":["GET"]}}],"collection":[{"href":"https:\/\/www.europesays.com\/pl\/wp-json\/wp\/v2\/posts"}],"about":[{"href":"https:\/\/www.europesays.com\/pl\/wp-json\/wp\/v2\/types\/post"}],"author":[{"embeddable":true,"href":"https:\/\/www.europesays.com\/pl\/wp-json\/wp\/v2\/users\/2"}],"replies":[{"embeddable":true,"href":"https:\/\/www.europesays.com\/pl\/wp-json\/wp\/v2\/comments?post=669086"}],"version-history":[{"count":0,"href":"https:\/\/www.europesays.com\/pl\/wp-json\/wp\/v2\/posts\/669086\/revisions"}],"wp:featuredmedia":[{"embeddable":true,"href":"https:\/\/www.europesays.com\/pl\/wp-json\/wp\/v2\/media\/669087"}],"wp:attachment":[{"href":"https:\/\/www.europesays.com\/pl\/wp-json\/wp\/v2\/media?parent=669086"}],"wp:term":[{"taxonomy":"category","embeddable":true,"href":"https:\/\/www.europesays.com\/pl\/wp-json\/wp\/v2\/categories?post=669086"},{"taxonomy":"post_tag","embeddable":true,"href":"https:\/\/www.europesays.com\/pl\/wp-json\/wp\/v2\/tags?post=669086"}],"curies":[{"name":"wp","href":"https:\/\/api.w.org\/{rel}","templated":true}]}}