{"id":669090,"date":"2026-09-05T11:48:11","date_gmt":"2026-09-05T11:48:11","guid":{"rendered":"https:\/\/www.europesays.com\/pl\/669090\/"},"modified":"2026-09-05T11:48:11","modified_gmt":"2026-09-05T11:48:11","slug":"marsz-jamnikow-krakow-2026-w-niedziele-rynek-glowny-bedzie-nalezal-do-nich-wiadomosci-z-krakowa-krakow-informacje","status":"publish","type":"post","link":"https:\/\/www.europesays.com\/pl\/669090\/","title":{"rendered":"Marsz Jamnik\u00f3w Krak\u00f3w 2026. W niedziel\u0119 Rynek G\u0142\u00f3wny b\u0119dzie nale\u017ca\u0142 do nich &#8211; Wiadomo\u015bci z Krakowa, Krak\u00f3w Informacje"},"content":{"rendered":"<p> <img loading=\"lazy\" decoding=\"async\" width=\"850\" height=\"491\" src=\"https:\/\/www.europesays.com\/pl\/wp-content\/uploads\/2026\/09\/jamnik-1240x746.jpg\" class=\"attachment-bdaia-large size-bdaia-large wp-post-image\" alt=\"Marsz Jamnik\u00f3w Krak\u00f3w 2026. W niedziel\u0119 Rynek G\u0142\u00f3wny b\u0119dzie nale\u017ca\u0142 do nich\"\/><\/p>\n<p class=\"wp-block-paragraph\">Marsz Jamnik\u00f3w Krak\u00f3w 2026 zbli\u017ca si\u0119 wielkimi krokami. Ju\u017c w niedziel\u0119, 6 wrze\u015bnia, w\u0142a\u015bciciele ps\u00f3w wraz ze swoimi pupilami przejd\u0105 z okolic Barbakanu na Rynek G\u0142\u00f3wny. Na miejscu zaplanowano konkurs na najbardziej kr\u00f3lewskiego jamnika, spotkania z ekspertami oraz zbi\u00f3rk\u0119 karmy dla potrzebuj\u0105cych zwierz\u0105t.<\/p>\n<p> reklama   <\/p>\n<p class=\"wp-block-paragraph\">O godz. 11.45 uczestnicy zaczn\u0105 zbiera\u0107 si\u0119 pod Barbakanem. Chwil\u0119 p\u00f3\u017aniej kolorowy poch\u00f3d ruszy ulic\u0105 Floria\u0144sk\u0105. Celem b\u0119dzie Rynek G\u0142\u00f3wny, gdzie przy Ratuszu stanie scena i rozpocznie si\u0119 dalsza cz\u0119\u015b\u0107 wydarzenia.<\/p>\n<p> reklama   <\/p>\n<p>Jamniki powalcz\u0105 o wyj\u0105tkowy tytu\u0142<\/p>\n<p class=\"wp-block-paragraph\">Po dotarciu na Rynek pi\u0119\u0107 wybranych przez jury jamnik\u00f3w wraz ze swoimi w\u0142a\u015bcicielami pojawi si\u0119 na scenie. Czeka ich konkurs \u201eJego Psia Mo\u015b\u0107\u201d. Organizatorzy poszukuj\u0105 psa, kt\u00f3ry najlepiej zaprezentuje si\u0119 w roli kr\u00f3lewskiego czworonoga.<\/p>\n<p class=\"wp-block-paragraph\">Zwyci\u0119zca otrzyma tytu\u0142 \u201eJego Psiej Mo\u015bci Marszu Jamnik\u00f3w 2026\u201d oraz nagrody. Jury b\u0119dzie zwraca\u0142o uwag\u0119 na wyj\u0105tkowych uczestnik\u00f3w przemarszu.<\/p>\n<p class=\"wp-block-paragraph\">Od godz. 10 do 14 w rejonie sceny b\u0119d\u0105 dzia\u0142a\u0107 stoiska po\u015bwi\u0119cone zdrowiu, zachowaniu i piel\u0119gnacji ps\u00f3w. Na miejscu pojawi\u0105 si\u0119 weterynarz, dietetyk zwierz\u0119cy, behawiorysta, instruktor szkolenia ps\u00f3w, zoofizjoterapeuta i rehabilitant zwierz\u0119cy. W\u0142a\u015bciciele b\u0119d\u0105 mogli porozmawia\u0107 z ekspertami, a tak\u017ce sprawdzi\u0107, czy ich pies nie zmaga si\u0119 z oty\u0142o\u015bci\u0105. Przewidziano r\u00f3wnie\u017c bezp\u0142atne us\u0142ugi groomera.<\/p>\n<p class=\"wp-block-paragraph\">W wydarzeniu wezm\u0105 udzia\u0142 tak\u017ce policjanci \u201eZielonej Strefy\u201d. B\u0119d\u0105 m\u00f3wi\u0107 o tym, jak reagowa\u0107 w przypadku agresji wobec zwierz\u0105t, zn\u0119cania si\u0119 nad nimi czy niew\u0142a\u015bciwego traktowania.<\/p>\n<p>Zbi\u00f3rka karmy dla ps\u00f3w<\/p>\n<p class=\"wp-block-paragraph\">Podczas Marszu b\u0119dzie mo\u017cna wesprze\u0107 zwierz\u0119ta, kt\u00f3re nie maj\u0105 jeszcze w\u0142asnego domu. Organizatorzy przygotowali zbi\u00f3rk\u0119 karmy dla podopiecznych Fundacji \u201eCz\u0142owiek dla zwierz\u0105t\u201d, prowadz\u0105cej przytulisko w \u0141\u0119tkowicach, oraz Stowarzyszenia \u201ePrzytul Sier\u015bciucha\u201d z My\u015blenic.<\/p>\n<p class=\"wp-block-paragraph\">Karm\u0119 b\u0119dzie mo\u017cna przynosi\u0107 na stoisko w pobli\u017cu sceny w godz. 10\u201314. Zbi\u00f3rka prowadzona jest r\u00f3wnie\u017c w siedzibie Radia Krak\u00f3w i potrwa od 4 do 13 wrze\u015bnia.<\/p>\n<p>Marsz Jamnik\u00f3w Krak\u00f3w 2026 \u2013 program 10.00\u201314.00 \u2013 porady ekspert\u00f3w, bezp\u0142atne us\u0142ugi dla ps\u00f3w i zbi\u00f3rka karmy,11.45 \u2013 zbi\u00f3rka pod Barbakanem,12.00 \u2013 rozpocz\u0119cie marszu,oko\u0142o 12.20 \u2013 przybycie na Rynek G\u0142\u00f3wny i konkurs \u201eJego Psia Mo\u015b\u0107\u201d,oko\u0142o 13.30 \u2013 zako\u0144czenie oficjalnej cz\u0119\u015bci wydarzenia.<\/p>\n<p class=\"wp-block-paragraph\">Te artyku\u0142y mog\u0105 Ci\u0119 zainteresowa\u0107:<\/p>\n<p class=\"wp-block-paragraph\"><a href=\"https:\/\/cowkrakowie.pl\/2026\/09\/przed-nami-festyn-jesien-kurdwanow-2026-znamy-szczegoly-imprezy\" rel=\"nofollow noopener\" target=\"_blank\">Przed nami Festyn Jesie\u0144 Kurdwan\u00f3w 2026. Znamy szczeg\u00f3\u0142y imprezy<\/a><\/p>\n<p class=\"wp-block-paragraph\"><a href=\"https:\/\/cowkrakowie.pl\/2026\/09\/tak-wyglada-park-lotnikow-polskich-z-lotu-ptaka-widok-robi-wrazenie-zdjecia\" rel=\"nofollow noopener\" target=\"_blank\">Tak wygl\u0105da Park Lotnik\u00f3w Polskich z lotu ptaka. Widok robi wra\u017cenie [ZDJ\u0118CIA]<\/a><\/p>\n<p class=\"wp-block-paragraph\"><a href=\"https:\/\/cowkrakowie.pl\/2026\/09\/na-tym-wydarzeniu-warto-sie-pojawic-piknik-juz-we-wrzesniu\" rel=\"nofollow noopener\" target=\"_blank\">Na tym wydarzeniu warto si\u0119 pojawi\u0107. Piknik ju\u017c we wrze\u015bniu<\/a><\/p>\n","protected":false},"excerpt":{"rendered":"Marsz Jamnik\u00f3w Krak\u00f3w 2026 zbli\u017ca si\u0119 wielkimi krokami. Ju\u017c w niedziel\u0119, 6 wrze\u015bnia, w\u0142a\u015bciciele ps\u00f3w wraz ze swoimi&hellip;\n","protected":false},"author":2,"featured_media":669091,"comment_status":"","ping_status":"","sticky":false,"template":"","format":"standard","meta":{"footnotes":"","_share_on_mastodon":"0"},"categories":[51606],"tags":[1304,42,38,40,39,41],"class_list":["post-669090","post","type-post","status-publish","format-standard","has-post-thumbnail","category-krakow","tag-krakow","tag-pl","tag-poland","tag-polish","tag-polska","tag-polski"],"share_on_mastodon":{"url":"https:\/\/pubeurope.com\/@pl\/117218280606828949","error":""},"_links":{"self":[{"href":"https:\/\/www.europesays.com\/pl\/wp-json\/wp\/v2\/posts\/669090","targetHints":{"allow":["GET"]}}],"collection":[{"href":"https:\/\/www.europesays.com\/pl\/wp-json\/wp\/v2\/posts"}],"about":[{"href":"https:\/\/www.europesays.com\/pl\/wp-json\/wp\/v2\/types\/post"}],"author":[{"embeddable":true,"href":"https:\/\/www.europesays.com\/pl\/wp-json\/wp\/v2\/users\/2"}],"replies":[{"embeddable":true,"href":"https:\/\/www.europesays.com\/pl\/wp-json\/wp\/v2\/comments?post=669090"}],"version-history":[{"count":0,"href":"https:\/\/www.europesays.com\/pl\/wp-json\/wp\/v2\/posts\/669090\/revisions"}],"wp:featuredmedia":[{"embeddable":true,"href":"https:\/\/www.europesays.com\/pl\/wp-json\/wp\/v2\/media\/669091"}],"wp:attachment":[{"href":"https:\/\/www.europesays.com\/pl\/wp-json\/wp\/v2\/media?parent=669090"}],"wp:term":[{"taxonomy":"category","embeddable":true,"href":"https:\/\/www.europesays.com\/pl\/wp-json\/wp\/v2\/categories?post=669090"},{"taxonomy":"post_tag","embeddable":true,"href":"https:\/\/www.europesays.com\/pl\/wp-json\/wp\/v2\/tags?post=669090"}],"curies":[{"name":"wp","href":"https:\/\/api.w.org\/{rel}","templated":true}]}}