{"id":669094,"date":"2026-09-05T11:50:15","date_gmt":"2026-09-05T11:50:15","guid":{"rendered":"https:\/\/www.europesays.com\/pl\/669094\/"},"modified":"2026-09-05T11:50:15","modified_gmt":"2026-09-05T11:50:15","slug":"polska-stawia-czerwone-linie-w-negocjacjach-budzetowych-ue","status":"publish","type":"post","link":"https:\/\/www.europesays.com\/pl\/669094\/","title":{"rendered":"Polska stawia czerwone linie w negocjacjach bud\u017cetowych UE"},"content":{"rendered":"<p>&#13;<br \/>\n                    &#13;<br \/>\n                    &#13;<br \/>\n&#13;<br \/>\n                    &#13;<br \/>\n&#13;<\/p>\n<p>0:00<\/p>\n<p>3:41<\/p>\n<p>                    Pos\u0142uchaj artyku\u0142u<br \/>\n                    &#13;<br \/>\n                        Czytane g\u0142osem AI&#13;<br \/>\n                        &#13;<\/p>\n<p>&#13;<br \/>\n&#13;<br \/>\n&#13;<\/p>\n<p class=\"article-page__lead\">Nowa faza negocjacji w sprawie miliard\u00f3w euro z Brukseli. Warszawa po raz pierwszy wskazuje, gdzie ewentualnie mo\u017cna ci\u0105\u0107 przysz\u0142y bud\u017cet na lata 2028-2034. W nowym bud\u017cecie proponowanym przez Komisj\u0119 Europejsk\u0105 Polska mia\u0142aby otrzyma\u0107 123 mld euro.<\/p>\n<p>&#13;<br \/>\n                                    &#13;<br \/>\n                        &#13;<br \/>\n                        &#13;<br \/>\n                        <img decoding=\"async\" src=\"https:\/\/www.europesays.com\/pl\/wp-content\/uploads\/2026\/09\/przed-nami-twarda-walka-o-unijny-budzet-zdj-966x643-7e631a58.jpg\" alt=\"Polska stawia czerwone linie w negocjacjach bud\u017cetowych UE\" class=\"article-page__image\" loading=\"lazy\"\/>&#13;<\/p>\n<p>&#13;<br \/>\n                                                                    Przed nami twarda walka o unijny bud\u017cet, zdj. ilustracyjne&#13;<br \/>\n                                                                                                    \/Shutterstock&#13;\n                                                            <\/p>\n<p>&#13;<\/p>\n<p>Warszawa chce przede wszystkim, \u017ceby ewentualne ci\u0119cia w przysz\u0142ym bud\u017cecie UE nie dotkn\u0119\u0142y przypisanych Polsce pieni\u0119dzy na rolnictwo i polityk\u0119 sp\u00f3jno\u015bci. Jednocze\u015bnie po raz pierwszy tak wyra\u017anie wskazuje, gdzie jej zdaniem mo\u017cna szuka\u0107 oszcz\u0119dno\u015bci. Wiceminister ds. europejskich Ignacy Niemczycki w rozmowie z RMF FM wskazuje na te cz\u0119\u015bci bud\u017cetu UE, w kt\u00f3rych wydatki maj\u0105 rosn\u0105\u0107 najbardziej i z kt\u00f3rych przede wszystkim korzystaj\u0105 najbogatsze kraje. W ten spos\u00f3b Polska zarysowuje granice swoich ust\u0119pstw w negocjacjach o bud\u017cet na lata 2028\u20132034.\u00a0<\/p>\n<p>B\u0119d\u0105 spore ci\u0119cia<\/p>\n<p>Na pocz\u0105tku pa\u017adziernika Irlandia, sprawuj\u0105ca obecnie przewodnictwo w UE, ma przedstawi\u0107 pa\u0144stwom cz\u0142onkowskim now\u0105 propozycj\u0119 bud\u017cetu UE na lata 2028\u20132034. Z informacji kuluarowych wynika ju\u017c, \u017ce dokument b\u0119dzie zak\u0142ada\u0142 istotne ci\u0119cia w stosunku do propozycji Komisji Europejskiej, kt\u00f3ra opiewa\u0142a na oko\u0142o 2 biliony euro. Mog\u0105 one wynie\u015b\u0107 nawet 200 mld euro albo wi\u0119cej.\u00a0<\/p>\n<p>W dodatku pa\u0144stwa takie jak Niemcy, Holandia czy Szwecja, czyli kraje wp\u0142acaj\u0105ce do wsp\u00f3lnej kasy wi\u0119cej, ni\u017c z niej otrzymuj\u0105, powiedzia\u0142y ostatnio o konieczno\u015bci ci\u0119\u0107 kilkuset miliard\u00f3w euro. Wcze\u015bniej Berlin wskazywa\u0142 nawet na kwot\u0119 oko\u0142o 400 miliard\u00f3w euro. Ci\u0119cia mog\u0142yby obj\u0105\u0107 wszystkie cz\u0119\u015bci bud\u017cetu, \u0142\u0105cznie ze sp\u00f3jno\u015bci\u0105 i rolnictwem, kt\u00f3re Polska chce chroni\u0107.<\/p>\n<p><a href=\"https:\/\/www.rmf24.pl\/fakty\/swiat\/news-wiekszosc-panstw-ue-gotowa-poprzec-ograniczenie-praw-nowych-,nIdn,1016489\" rel=\"nofollow noopener\" target=\"_blank\"><img decoding=\"async\" src=\"https:\/\/www.europesays.com\/pl\/wp-content\/uploads\/2026\/09\/wiekszosc-panstw-czlonkowskich-jest-gotowa-zgodzic-sie-na-czasowe-ograniczenie-praw-nowych-krajow-ue.jpeg\" width=\"290\" alt=\"\"\/><\/a><a href=\"https:\/\/www.rmf24.pl\/fakty\/swiat\/news-wiekszosc-panstw-ue-gotowa-poprzec-ograniczenie-praw-nowych-,nIdn,1016489\" rel=\"nofollow noopener\" target=\"_blank\">Wi\u0119kszo\u015b\u0107 pa\u0144stw UE gotowa poprze\u0107 ograniczenie praw nowych cz\u0142onk\u00f3w. Ustalenia RMF FM<\/a><\/p>\n<p>Wi\u0119kszo\u015b\u0107 pa\u0144stw cz\u0142onkowskich jest gotowa zgodzi\u0107 si\u0119 na czasowe ograniczenie praw nowych kraj\u00f3w UE w sprawach praworz\u0105dno\u015bci \u2013 ustali\u0142a dziennikarka RMF FM po nieformalnym spotkaniu ministr\u00f3w ds. europejskich UE w Dublinie.\u00a0Chodzi przede wszystkim\u2026<\/p>\n<p>Warszawa szykuje si\u0119 do walki<\/p>\n<p>Warszawa przygotowuje si\u0119 wi\u0119c na ostr\u0105 walk\u0119 o to, gdzie konkretnie maj\u0105 by\u0107 ci\u0119cia.<\/p>\n<p>Niemczycki podkre\u015bla, \u017ce nie zmienia si\u0119 podstawowe stanowisko Warszawy. Wa\u017cne dla nas jest, \u017ceby ewentualne ci\u0119cia, kt\u00f3re zaproponuj\u0105 Irlandczycy, nie dotkn\u0119\u0142y kopert narodowych \u2013 m\u00f3wi w rozmowie z dziennikark\u0105 RMF FM wiceminister ds. europejskich Ignacy Niemczycki. Warszawa uwa\u017ca wi\u0119c, \u017ce trudno uzasadni\u0107, dlaczego oszcz\u0119dno\u015bci mia\u0142yby w pierwszej kolejno\u015bci dotkn\u0105\u0107 polityki sp\u00f3jno\u015bci, kt\u00f3ra jest szczeg\u00f3lnie wa\u017cna dla s\u0142abiej rozwini\u0119tych pa\u0144stw.<\/p>\n<p>Wydatki na konkurencyjno\u015b\u0107<\/p>\n<p>Jednocze\u015bnie Warszawa po raz pierwszy tak wyra\u017anie wskazuje, gdzie ewentualnie mo\u017cna szuka\u0107 oszcz\u0119dno\u015bci.<\/p>\n<p>Je\u015bli to konieczne, oszcz\u0119dno\u015bci mo\u017cna szuka\u0107 przede wszystkim w tych obszarach, kt\u00f3re w projekcie Komisji Europejskiej maj\u0105 rosn\u0105\u0107 najbardziej \u2013 m\u00f3wi Niemczycki.<\/p>\n<p>Chodzi o wydatki na konkurencyjno\u015b\u0107, z kt\u00f3rych korzystaj\u0105 w du\u017cej mierze najbardziej rozwini\u0119te pa\u0144stwa UE oraz fundusze na dzia\u0142ania Unii poza jej granicami.<\/p>\n<p>Polska nie kwestionuje potrzeby zwi\u0119kszania wydatk\u00f3w na konkurencyjno\u015b\u0107. Problemem jest jednak ich skala. Wed\u0142ug polskich wylicze\u0144 po uwzgl\u0119dnieniu inflacji wydatki w tym obszarze rosn\u0105 o oko\u0142o 123 procent.<\/p>\n<p>To jest gigantyczny wzrost \u2013 s\u0142yszymy od polskich dyplomat\u00f3w.<\/p>\n<p>W grudniu ko\u0144cowe targi<\/p>\n<p>W pa\u017adzierniku rozpocznie si\u0119 prawdziwa walka o pieni\u0105dze, a ko\u0144cowe targi odb\u0119d\u0105 si\u0119 na szczycie unijnych przyw\u00f3dc\u00f3w w grudniu. Irlandia chce zako\u0144czy\u0107 negocjacje do ko\u0144ca roku. Na fina\u0142 do ko\u0144ca roku naciskaj\u0105 przede wszystkim Niemcy\u00a0ze wzgl\u0119du na francuskie wybory prezydenckie w przysz\u0142ym roku i zapowiedzi skrajnej prawicy o \u00a0zmniejszeniu francuskiej sk\u0142adki do unijnego bud\u017cetu.\u00a0<\/p>\n<p>Trzeba szybko uzgodni\u0107 bud\u017cet, \u017ceby nie da\u0107 po\u017cywki populistom podczas zbli\u017caj\u0105cych si\u0119 kampanii wyborczych \u2013 wyja\u015bni\u0142 w rozmowie z RMF FM unijny dyplomata.\u00a0<\/p>\n","protected":false},"excerpt":{"rendered":"&#13; &#13; &#13; &#13; &#13; &#13; 0:00 3:41 Pos\u0142uchaj artyku\u0142u &#13; Czytane g\u0142osem AI&#13; &#13; &#13; &#13; &#13;&hellip;\n","protected":false},"author":2,"featured_media":669095,"comment_status":"","ping_status":"","sticky":false,"template":"","format":"standard","meta":{"footnotes":"","_share_on_mastodon":"0"},"categories":[12],"tags":[42,38,40,39,41],"class_list":["post-669094","post","type-post","status-publish","format-standard","has-post-thumbnail","category-polska","tag-pl","tag-poland","tag-polish","tag-polska","tag-polski"],"share_on_mastodon":{"url":"","error":""},"_links":{"self":[{"href":"https:\/\/www.europesays.com\/pl\/wp-json\/wp\/v2\/posts\/669094","targetHints":{"allow":["GET"]}}],"collection":[{"href":"https:\/\/www.europesays.com\/pl\/wp-json\/wp\/v2\/posts"}],"about":[{"href":"https:\/\/www.europesays.com\/pl\/wp-json\/wp\/v2\/types\/post"}],"author":[{"embeddable":true,"href":"https:\/\/www.europesays.com\/pl\/wp-json\/wp\/v2\/users\/2"}],"replies":[{"embeddable":true,"href":"https:\/\/www.europesays.com\/pl\/wp-json\/wp\/v2\/comments?post=669094"}],"version-history":[{"count":0,"href":"https:\/\/www.europesays.com\/pl\/wp-json\/wp\/v2\/posts\/669094\/revisions"}],"wp:featuredmedia":[{"embeddable":true,"href":"https:\/\/www.europesays.com\/pl\/wp-json\/wp\/v2\/media\/669095"}],"wp:attachment":[{"href":"https:\/\/www.europesays.com\/pl\/wp-json\/wp\/v2\/media?parent=669094"}],"wp:term":[{"taxonomy":"category","embeddable":true,"href":"https:\/\/www.europesays.com\/pl\/wp-json\/wp\/v2\/categories?post=669094"},{"taxonomy":"post_tag","embeddable":true,"href":"https:\/\/www.europesays.com\/pl\/wp-json\/wp\/v2\/tags?post=669094"}],"curies":[{"name":"wp","href":"https:\/\/api.w.org\/{rel}","templated":true}]}}