{"id":669096,"date":"2026-09-05T11:51:09","date_gmt":"2026-09-05T11:51:09","guid":{"rendered":"https:\/\/www.europesays.com\/pl\/669096\/"},"modified":"2026-09-05T11:51:09","modified_gmt":"2026-09-05T11:51:09","slug":"miasto-zbiera-ubrania-ale-ursynow-musi-poczekac-znamy-terminy","status":"publish","type":"post","link":"https:\/\/www.europesays.com\/pl\/669096\/","title":{"rendered":"Miasto zbiera ubrania, ale Ursyn\u00f3w musi poczeka\u0107. Znamy terminy"},"content":{"rendered":"<p>                        Gdzie odda\u0107 niepotrzebne ubrania w ramach miejskich zbi\u00f3rek? Ursyn\u00f3w wci\u0105\u017c czeka na swoj\u0105 kolej. Na akcj\u0119 przy Al. KEN poczekamy a\u017c do pa\u017adziernika. Jest jednak spos\u00f3b, by pozby\u0107 si\u0119 ubra\u0144 szybciej, i to ca\u0142kiem niedaleko.<\/p>\n<p>Weekendowe zbi\u00f3rki odzie\u017cy i tekstyli\u00f3w to jedna z najbardziej przydatnych miejskich akcji ostatnich miesi\u0119cy. Pomys\u0142 jest prosty: w wyznaczone soboty, w godzinach 8-13, w kolejnych dzielnicach pojawia si\u0119 specjalnie oznakowany samoch\u00f3d, do kt\u00f3rego mo\u017cna odda\u0107 niepotrzebne, ale wci\u0105\u017c dobre rzeczy. To kontynuacja pilota\u017cu z jesieni 2025 roku, podczas kt\u00f3rego warszawiacy przekazali a\u017c 6720 kilogram\u00f3w odzie\u017cy i domowych tekstyli\u00f3w. Tegoroczna edycja potrwa do ko\u0144ca grudnia.<\/p>\n<p>Jest tylko jeden problem: na Ursynowie akcji jak nie by\u0142o, tak nie ma. Mieszka\u0144cy dopytuj\u0105 o te zbi\u00f3rki.<\/p>\n<p>Mam spakowane dobre rzeczy, kurtki, buty, wszystko czyste. I nie wiem, gdzie na Ursynowie mo\u017cna to odda\u0107, by si\u0119 jeszcze przyda\u0142o! S\u0142ysza\u0142am o miejskich zbi\u00f3rkach, ale nie ma informacji o nich na Ursynowie. Poza tym s\u0105 organizowane za rzadko.\u00a0<\/p>\n<p>&#8211; m\u00f3wi pani Agnieszka z Imielina.<\/p>\n<p>Harmonogram przewidywa\u0142 u nas dwa wiosenne terminy &#8211; 9 maja przy okazji Ursynowskich Kwiat\u00f3w i 20 czerwca podczas Biegu Ursynowa. I koniec. A prze\u0142om lata i jesieni to czas porz\u0105dkowania szaf. Kiedy wi\u0119c Ursyn\u00f3w doczeka si\u0119 wizyty mobilnego punktu odzie\u017cowego?<\/p>\n<p>Na kolejn\u0105 okazj\u0119 trzeba poczeka\u0107 do 17 pa\u017adziernika. Tego dnia oznakowany samoch\u00f3d stanie na parkingu przed Urz\u0119dem Dzielnicy przy Al. KEN 61. Druga i ostatnia w tym roku ursynowska zbi\u00f3rka odb\u0119dzie si\u0119 5 grudnia, w tym samym miejscu.<\/p>\n<p>Za tydzie\u0144 zbi\u00f3rka tu\u017c za miedz\u0105<\/p>\n<p>Kto nie chce czeka\u0107 p\u00f3\u0142tora miesi\u0105ca z workami ubra\u0144 w przedpokoju, ma wyj\u015bcie &#8211; i to rzut beretem od Ursynowa. Ju\u017c w najbli\u017csz\u0105 sobot\u0119, 12 wrze\u015bnia, mobilny punkt stanie przy Urz\u0119dzie Dzielnicy Wilan\u00f3w przy ul. Klimczaka 2, przy okazji Dni Wilanowa. Dla mieszka\u0144c\u00f3w Kabat, Natolina czy Wolicy to dos\u0142ownie kilka minut drogi.<\/p>\n<p>Co mo\u017cna przynie\u015b\u0107?<\/p>\n<p>Do punktu mo\u017cna przekaza\u0107 czyst\u0105 i niezniszczon\u0105 odzie\u017c, sparowane obuwie oraz tekstylia domowe: po\u015bciel, koce, zas\u0142ony. Rzeczy powinny by\u0107 zapakowane w worki lub torby i w takiej formie przekazane kierowcy.<\/p>\n<p>&#8211; informuje sto\u0142eczny ratusz.<\/p>\n<p>Jest jedno &#8222;ale&#8221;: kierowca wst\u0119pnie sprawdzi stan przyniesionych rzeczy. Nie b\u0119d\u0105 przyjmowane rzeczy brudne, mokre, zniszczone lub niekompletne, a tak\u017ce odpady komunalne, dywany i materace. Zasada jest prosta: oddajemy to, co realnie mo\u017ce jeszcze komu\u015b pos\u0142u\u017cy\u0107, a nie to, czego wstydzimy si\u0119 wyrzuci\u0107.<\/p>\n<p>Na Ursynowie dzia\u0142a te\u017c punkt stacjonarny<\/p>\n<p>Warto przypomnie\u0107, \u017ce niezale\u017cnie od miejskiej akcji, na Ursynowie przez ca\u0142y rok mo\u017cna podzieli\u0107 si\u0119 ubraniami w punkcie &#8222;Przynie\u015b-Wynie\u015b-Porozmawiaj&#8221; przy ul. Malinowskiego 5, prowadzonym przez Stowarzyszenie POMAGAMY SENIOROM. Punkt jest czynny w poniedzia\u0142ki i \u015brody w godzinach 16:30-19:00. Przyjmowana jest odzie\u017c damska i m\u0119ska &#8211; nowa lub w idealnym stanie &#8211; oraz akcesoria.<\/p>\n<p>To dobra opcja dla tych, kt\u00f3rym zale\u017cy, by rzeczy trafi\u0142y bezpo\u015brednio do potrzebuj\u0105cych z okolicy. Trzeba jednak pami\u0119ta\u0107 o wy\u017cszej poprzeczce jako\u015bciowej ni\u017c w przypadku miejskich zbi\u00f3rek.<\/p>\n<p>Harmonogram zbi\u00f3rek do ko\u0144ca 2026 roku\t\t\t\t\t\t\ud83d\udcc5 Data\t\t\t\ud83d\udd57 Godziny\t\t\t\ud83d\udccd Dzielnica\t\t\t\ud83d\ude9a Lokalizacja\t\t\t\t\t\t\t\t\t6.09 (niedziela)\t\t\t8:00-13:00\t\t\tWawer\t\t\tPla\u017ca Romantyczna, ul. Rychnowska\t\t\t\t\t\t\t12.09 (sobota)\t\t\t8:00-13:00\t\t\tWilan\u00f3w \ud83d\udc48 najbli\u017cej Ursynowa\t\t\tUrz\u0105d Dzielnicy, ul. Klimczaka 2\t\t\t\t\t\t\t19.09 (sobota)\t\t\t8:00-13:00\t\t\t\u017boliborz\t\t\tparking za Urz\u0119dem Dzielnicy, ul. S\u0142owackiego 6\/8\t\t\t\t\t\t\t26.09 (sobota)\t\t\t8:00-13:00\t\t\t\u015ar\u00f3dmie\u015bcie\t\t\tparking przy Urz\u0119dzie Dzielnicy, ul. Nowogrodzka 43\t\t\t\t\t\t\t10.10 (sobota)\t\t\t8:00-13:00\t\t\tUrsus\t\t\tparking przy Urz\u0119dzie Dzielnicy, pl. Czerwca 1976 r. nr 1\t\t\t\t\t\t\t17.10 (sobota)\t\t\t8:00-13:00\t\t\t\ud83d\udfe2 URSYN\u00d3W\t\t\tparking przed Urz\u0119dem Dzielnicy, al. KEN 61\t\t\t\t\t\t\t21.11 (sobota)\t\t\t8:00-13:00\t\t\tWeso\u0142a\t\t\tparking przed Urz\u0119dem Dzielnicy, ul. 1 Praskiego Pu\u0142ku 33\t\t\t\t\t\t\t28.11 (sobota)\t\t\t8:00-13:00\t\t\t\u017boliborz\t\t\tparking za Urz\u0119dem Dzielnicy, ul. S\u0142owackiego 6\/8\t\t\t\t\t\t\t5.12 (sobota)\t\t\t8:00-13:00\t\t\t\ud83d\udfe2 URSYN\u00d3W\t\t\tparking przed Urz\u0119dem Dzielnicy, al. KEN 61\t\t\t\t\t\t\t12.12 (sobota)\t\t\t8:00-13:00\t\t\tPraga Po\u0142udnie\t\t\tparking przy Urz\u0119dzie Dzielnicy, ul. Grochowska 274\t\t\t<\/p>\n<p style=\"font-size:13px; color:#666;\">\u0179r\u00f3d\u0142o: Urz\u0105d m.st. Warszawy.<\/p>\n","protected":false},"excerpt":{"rendered":"Gdzie odda\u0107 niepotrzebne ubrania w ramach miejskich zbi\u00f3rek? Ursyn\u00f3w wci\u0105\u017c czeka na swoj\u0105 kolej. Na akcj\u0119 przy Al.&hellip;\n","protected":false},"author":2,"featured_media":669097,"comment_status":"","ping_status":"","sticky":false,"template":"","format":"standard","meta":{"footnotes":"","_share_on_mastodon":"0"},"categories":[51605],"tags":[129794,129785,129789,129788,42,38,40,39,41,129792,435,129793,129790,129786,129787,129791],"class_list":["post-669096","post","type-post","status-publish","format-standard","has-post-thumbnail","category-warszawa","tag-co-mozna-oddac-na-zbiorce-odziezy","tag-gdzie-oddac-odziez-ursynow","tag-gdzie-oddac-uzywane-ubrania-warszawa","tag-mobilny-punkt-zbiorki-odziezy-warszawa","tag-pl","tag-poland","tag-polish","tag-polska","tag-polski","tag-punkt-oddawania-odziezy-malinowskiego-5","tag-warszawa","tag-weekendowe-zbiorki-odziezy-w-dzielnicach","tag-zbiorka-odziezy-al-ken-ursynow","tag-zbiorka-odziezy-ursynow-2026","tag-zbiorka-odziezy-warszawa-harmonogram","tag-zbiorka-tekstyliow-wilanow-klimczaka"],"share_on_mastodon":{"url":"","error":""},"_links":{"self":[{"href":"https:\/\/www.europesays.com\/pl\/wp-json\/wp\/v2\/posts\/669096","targetHints":{"allow":["GET"]}}],"collection":[{"href":"https:\/\/www.europesays.com\/pl\/wp-json\/wp\/v2\/posts"}],"about":[{"href":"https:\/\/www.europesays.com\/pl\/wp-json\/wp\/v2\/types\/post"}],"author":[{"embeddable":true,"href":"https:\/\/www.europesays.com\/pl\/wp-json\/wp\/v2\/users\/2"}],"replies":[{"embeddable":true,"href":"https:\/\/www.europesays.com\/pl\/wp-json\/wp\/v2\/comments?post=669096"}],"version-history":[{"count":0,"href":"https:\/\/www.europesays.com\/pl\/wp-json\/wp\/v2\/posts\/669096\/revisions"}],"wp:featuredmedia":[{"embeddable":true,"href":"https:\/\/www.europesays.com\/pl\/wp-json\/wp\/v2\/media\/669097"}],"wp:attachment":[{"href":"https:\/\/www.europesays.com\/pl\/wp-json\/wp\/v2\/media?parent=669096"}],"wp:term":[{"taxonomy":"category","embeddable":true,"href":"https:\/\/www.europesays.com\/pl\/wp-json\/wp\/v2\/categories?post=669096"},{"taxonomy":"post_tag","embeddable":true,"href":"https:\/\/www.europesays.com\/pl\/wp-json\/wp\/v2\/tags?post=669096"}],"curies":[{"name":"wp","href":"https:\/\/api.w.org\/{rel}","templated":true}]}}