{"id":669098,"date":"2026-09-05T11:52:16","date_gmt":"2026-09-05T11:52:16","guid":{"rendered":"https:\/\/www.europesays.com\/pl\/669098\/"},"modified":"2026-09-05T11:52:16","modified_gmt":"2026-09-05T11:52:16","slug":"hegemon-myslowice-14-37-legia-warszawa-legionisci-com","status":"publish","type":"post","link":"https:\/\/www.europesays.com\/pl\/669098\/","title":{"rendered":"Hegemon Mys\u0142owice 14-37 Legia Warszawa \u2014 Legionisci.com"},"content":{"rendered":"<p>Hegemon Mys\u0142owice 14-37 Legia Warszawa<\/p>\n<p>Hegemon: 1. Marek Odoli\u0144ski, 2. Grzegorz Kiraga, 3. Jakub Topolski, 4. Dominik Stycze\u0144, 5. Mateusz Dyczek, 6. Jaros\u0142aw Tatar, 7. Denys Kupratyj, 8. Mariusz Kisiel, 9. Nikolozi Peradze, 10. Rus\u0142an Konfedorat, 11. Kacper Tram, 12. Grzegorz Soporski, 13. Marcin Morus, 14. Dawid Hoff, 15. Maciej Por\u0119bski<br \/>rezerwa: 16. Wojciech Koper, 17. Vasyl Lazorenko, 18. Tomasz Penkal, 19. Kamil Owoc, 20. Konrad J\u00f3\u017awik, 21. Dmytro Nazarow, 22. Maciej Flaszewski, 23. Micha\u0142 Laskowski<\/p>\n<p>Legia: 1. Krzysztof Ksi\u0105\u017cek, 2. Lasza Sumbadze, 3. Marcin Brewi\u0144ski, 4. Andrzej Capiga, 5. Maciej \u017barnowski, 6. Dawid Pozna\u0144ski, 7. Krystian Bogucki, 8. Maciej Kalata, 9. Daniel \u017bo\u0142kowski, 10. Artur Bryl, 11. Mateusz Spilaszek, 12. Kornel Szel\u0105g, 13. Simoni Mikaberidze, 14. Hubert Stelmaszy\u0144ski, 15. Teimuraz Kharaiszwili<br \/>rezerwa: 16. Bartosz Bardzi\u0144ski, 17. Aliaksiej Bak\u0142a\u017cec, 18. Vincent Clements, 19. Oskar Zawadzki, 20. Demetrio Piyuka, 21. Maksymilian B\u0119dkowski, 22. B\u0142a\u017cej Wywia\u0142, 23. Wojciech Kwiatkowski<br \/>trener: Jakub Syska<\/p>\n<p><a href=\"https:\/\/legionisci.com\/rugby\/\" class=\"dzial dzial-rugby\" rel=\"nofollow noopener\" target=\"_blank\">Centrum informacji o rugby Legii<\/a><\/p>\n","protected":false},"excerpt":{"rendered":"Hegemon Mys\u0142owice 14-37 Legia Warszawa Hegemon: 1. Marek Odoli\u0144ski, 2. Grzegorz Kiraga, 3. Jakub Topolski, 4. Dominik Stycze\u0144,&hellip;\n","protected":false},"author":2,"featured_media":669099,"comment_status":"","ping_status":"","sticky":false,"template":"","format":"standard","meta":{"footnotes":"","_share_on_mastodon":"0"},"categories":[51605],"tags":[42,38,40,39,41,435],"class_list":["post-669098","post","type-post","status-publish","format-standard","has-post-thumbnail","category-warszawa","tag-pl","tag-poland","tag-polish","tag-polska","tag-polski","tag-warszawa"],"share_on_mastodon":{"url":"https:\/\/pubeurope.com\/@pl\/117218295741406875","error":""},"_links":{"self":[{"href":"https:\/\/www.europesays.com\/pl\/wp-json\/wp\/v2\/posts\/669098","targetHints":{"allow":["GET"]}}],"collection":[{"href":"https:\/\/www.europesays.com\/pl\/wp-json\/wp\/v2\/posts"}],"about":[{"href":"https:\/\/www.europesays.com\/pl\/wp-json\/wp\/v2\/types\/post"}],"author":[{"embeddable":true,"href":"https:\/\/www.europesays.com\/pl\/wp-json\/wp\/v2\/users\/2"}],"replies":[{"embeddable":true,"href":"https:\/\/www.europesays.com\/pl\/wp-json\/wp\/v2\/comments?post=669098"}],"version-history":[{"count":0,"href":"https:\/\/www.europesays.com\/pl\/wp-json\/wp\/v2\/posts\/669098\/revisions"}],"wp:featuredmedia":[{"embeddable":true,"href":"https:\/\/www.europesays.com\/pl\/wp-json\/wp\/v2\/media\/669099"}],"wp:attachment":[{"href":"https:\/\/www.europesays.com\/pl\/wp-json\/wp\/v2\/media?parent=669098"}],"wp:term":[{"taxonomy":"category","embeddable":true,"href":"https:\/\/www.europesays.com\/pl\/wp-json\/wp\/v2\/categories?post=669098"},{"taxonomy":"post_tag","embeddable":true,"href":"https:\/\/www.europesays.com\/pl\/wp-json\/wp\/v2\/tags?post=669098"}],"curies":[{"name":"wp","href":"https:\/\/api.w.org\/{rel}","templated":true}]}}