{"id":669100,"date":"2026-09-05T11:53:15","date_gmt":"2026-09-05T11:53:15","guid":{"rendered":"https:\/\/www.europesays.com\/pl\/669100\/"},"modified":"2026-09-05T11:53:15","modified_gmt":"2026-09-05T11:53:15","slug":"zagraniczny-klub-zlozyl-oferte-jagiellonii-chce-jednego-z-liderow-nasz-news","status":"publish","type":"post","link":"https:\/\/www.europesays.com\/pl\/669100\/","title":{"rendered":"Zagraniczny klub z\u0142o\u017cy\u0142 ofert\u0119 Jagiellonii. Chce jednego z lider\u00f3w [NASZ NEWS]"},"content":{"rendered":"<p>Chocia\u017c wi\u0119kszo\u015b\u0107 lig zamkn\u0119\u0142a ju\u017c swoje okienka, w Grecji wci\u0105\u017c mo\u017cna realizowa\u0107 transfery. Jeden z tamtejszych klub\u00f3w z\u0142o\u017cy\u0142 ofert\u0119 Jagiellonii Bia\u0142ystok.<\/p>\n<p>Okienko transferowe w Grecji jest otwarte do 15 wrze\u015bnia. Nic wi\u0119c dziwnego, \u017ce tamtejsze kluby pozostaj\u0105 aktywne i szukaj\u0105 wzmocnie\u0144.<\/p>\n<p>Dalsza cz\u0119\u015b\u0107 tekstu pod wideo<\/p>\n<p>Z informacji portalu Meczyki.pl wynika, \u017ce jedna z czo\u0142owych dru\u017cyn z\u0142o\u017cy\u0142a Jagiellonii ofert\u0119 za S\u0142awomira Abramowicza. 22-latek to lider Bia\u0142ostoczan, w tym sezonie wyst\u0105pi\u0142 w dziewi\u0119ciu spotkaniach i zanotowa\u0142 dwa czyste konta.<\/p>\n<p>Us\u0142ugami bramkarza zainteresowany jest PAOK. M\u00f3wimy o liderze ligi greckiej i trzeciej sile poprzedniego sezonu. W trakcie letniego okienka z zespo\u0142em po\u017cegna\u0142 si\u0119 bramkarz Luka Gugeshashvili, kt\u00f3rego wypo\u017cyczono do Goztepe.<\/p>\n<p>W tym momencie w sk\u0142adzie PAOK-u jest czterech golkiper\u00f3w &#8211; Antonis Tsiftsis, Jiri Pavlenka, Konstantinos Balomeno oraz Dimitrios Monastirlis. &#8222;Jedynk\u0105&#8221; pozostaje Pavlenka.<\/p>\n<p>Ogl\u0105daj program o Ekstraklasie na kanale Meczyki:<\/p>\n<p><img decoding=\"async\" src=\"https:\/\/www.europesays.com\/pl\/wp-content\/uploads\/2026\/09\/1788609195_258_hq720.webp\" alt=\"\" loading=\"lazy\" style=\"width:100%;object-fit:cover;height:100%;\" class=\"yt-embed-placeholder\"\/><\/p>\n","protected":false},"excerpt":{"rendered":"Chocia\u017c wi\u0119kszo\u015b\u0107 lig zamkn\u0119\u0142a ju\u017c swoje okienka, w Grecji wci\u0105\u017c mo\u017cna realizowa\u0107 transfery. Jeden z tamtejszych klub\u00f3w z\u0142o\u017cy\u0142&hellip;\n","protected":false},"author":2,"featured_media":669101,"comment_status":"","ping_status":"","sticky":false,"template":"","format":"standard","meta":{"footnotes":"","_share_on_mastodon":"0"},"categories":[24],"tags":[42,38,40,39,41,127,126],"class_list":["post-669100","post","type-post","status-publish","format-standard","has-post-thumbnail","category-sport","tag-pl","tag-poland","tag-polish","tag-polska","tag-polski","tag-sport","tag-sports"],"share_on_mastodon":{"url":"https:\/\/pubeurope.com\/@pl\/117218300473009738","error":""},"_links":{"self":[{"href":"https:\/\/www.europesays.com\/pl\/wp-json\/wp\/v2\/posts\/669100","targetHints":{"allow":["GET"]}}],"collection":[{"href":"https:\/\/www.europesays.com\/pl\/wp-json\/wp\/v2\/posts"}],"about":[{"href":"https:\/\/www.europesays.com\/pl\/wp-json\/wp\/v2\/types\/post"}],"author":[{"embeddable":true,"href":"https:\/\/www.europesays.com\/pl\/wp-json\/wp\/v2\/users\/2"}],"replies":[{"embeddable":true,"href":"https:\/\/www.europesays.com\/pl\/wp-json\/wp\/v2\/comments?post=669100"}],"version-history":[{"count":0,"href":"https:\/\/www.europesays.com\/pl\/wp-json\/wp\/v2\/posts\/669100\/revisions"}],"wp:featuredmedia":[{"embeddable":true,"href":"https:\/\/www.europesays.com\/pl\/wp-json\/wp\/v2\/media\/669101"}],"wp:attachment":[{"href":"https:\/\/www.europesays.com\/pl\/wp-json\/wp\/v2\/media?parent=669100"}],"wp:term":[{"taxonomy":"category","embeddable":true,"href":"https:\/\/www.europesays.com\/pl\/wp-json\/wp\/v2\/categories?post=669100"},{"taxonomy":"post_tag","embeddable":true,"href":"https:\/\/www.europesays.com\/pl\/wp-json\/wp\/v2\/tags?post=669100"}],"curies":[{"name":"wp","href":"https:\/\/api.w.org\/{rel}","templated":true}]}}