{"id":669102,"date":"2026-09-05T11:54:16","date_gmt":"2026-09-05T11:54:16","guid":{"rendered":"https:\/\/www.europesays.com\/pl\/669102\/"},"modified":"2026-09-05T11:54:16","modified_gmt":"2026-09-05T11:54:16","slug":"blanka-lipinska-pluje-sobie-w-brode-po-zakupie-szczoteczki-za-2-tysiace-czy-mam-jakos-super-umyte-zeby-nie","status":"publish","type":"post","link":"https:\/\/www.europesays.com\/pl\/669102\/","title":{"rendered":"Blanka Lipi\u0144ska pluje sobie w brod\u0119 po zakupie szczoteczki za 2 TYSI\u0104CE: &#8222;Czy mam jako\u015b super umyte z\u0119by? NIE&#8221;"},"content":{"rendered":"<p><a href=\"https:\/\/www.wp.pl\/?wplivetab=entertainment\" class=\"entertainment-banner\" id=\"entertainment-banner\" rel=\"nofollow noopener\" target=\"_blank\">  <\/p>\n<p class=\"entertainment-banner-title\">Klikaj, zanim wszyscy zaczn\u0105 o tym m\u00f3wi\u0107!<\/p>\n<p class=\"entertainment-banner-subtitle\">Gwiazdy, skandale i momenty, o kt\u00f3rych jutro b\u0119dzie g\u0142o\u015bno.<\/p>\n<p><\/a> <\/p>\n<p>Blanka Lipi\u0144ska s\u0142ynie z\u00a0tego, \u017ce nie gryzie si\u0119 w\u00a0j\u0119zyk i\u00a0ch\u0119tnie dzieli si\u0119 z\u00a0fanami swoimi bezkompromisowo szczerymi opiniami. Tym razem autorka bestseller\u00f3w postanowi\u0142a przetestowa\u0107 nowink\u0119 technologiczn\u0105 &#8211; luksusow\u0105 szczoteczk\u0119 do z\u0119b\u00f3w, za kt\u00f3r\u0105 zap\u0142aci\u0142a a\u017c 2\u00a0tysi\u0105ce z\u0142otych. Niestety, ekskluzywny gad\u017cet okaza\u0142 si\u0119 dla niej kompletn\u0105 klap\u0105, a\u00a0pisarka nie kry\u0142a rozczarowania, przyznaj\u0105c otwarcie, \u017ce dos\u0142ownie wyrzuci\u0142a pieni\u0105dze w\u00a0b\u0142oto.<\/p>\n<p><a href=\"https:\/\/www.pudelek.pl\/blance-lipinskiej-nie-podoba-sie-inicjatywa-prezydenta-o-finansowaniu-prawa-jazdy-co-jeszcze-damy-za-darmo-zeby-glosowali-7325903464401056a\" rel=\"noopener noreferrer nofollow\" target=\"_blank\">Blance Lipi\u0144skiej NIE PODOBA SI\u0118 inicjatywa prezydenta o\u00a0finansowaniu prawa jazdy: &#8222;Co jeszcze damy za darmo, \u017ceby g\u0142osowali?&#8221;<\/a><\/p>\n<p>Blanka Lipi\u0144ska testuje szczoteczk\u0119 do z\u0119b\u00f3w za 2 tysi\u0105ce z\u0142otych<\/p>\n<p>Podczas relacji opublikowanej w\u00a0mediach spo\u0142eczno\u015bciowych gwiazda szczeg\u00f3\u0142owo zademonstrowa\u0142a proces mycia z\u0119b\u00f3w nowym sprz\u0119tem. Zamiast zachwyt\u00f3w i\u00a0obiecanej rewolucji w\u00a0codziennej piel\u0119gnacji, pojawi\u0142a si\u0119 jednak masa irytacji oraz zarzut\u00f3w pod adresem skomplikowanej obs\u0142ugi. Lipi\u0144ska bez ogr\u00f3dek podsumowa\u0142a swoje wra\u017cenia tu\u017c po przetestowaniu urz\u0105dzenia: <\/p>\n<p> <img role=\"presentation\" class=\"absolute left-1\/2 top-1\/2 max-h-[80%] max-w-[100px] -translate-x-1\/2 -translate-y-1\/2\" src=\"https:\/\/v.wpimg.pl\/ZXJfd3AudTkrBBIAbg54LGhcRlAxHQUrPgJGH2MAeGJoSQ1eIBI_K2UHAEVuBTY5KQMMXC0RPyoVERQdMgM9ejc\" loading=\"lazy\" decoding=\"async\"\/> Micha\u0142 Wi\u015bniewski m\u00f3wi o\u00a0ko\u0144cu swojego ma\u0142\u017ce\u0144stwa na\u00a0koncercie  <\/p>\n<p>Trzeba zainstalowa\u0107 aplikacj\u0119, \u017ceby umy\u0107 z\u0119by na funkcji automatycznej, czyli ona b\u0119dzie plu\u0142a &#8211; trajkota\u0142a Blanka. To nie jest tak, \u017ce mo\u017cna tym po prostu umy\u0107 z\u0119by, trzeba to rozgry\u017a\u0107. Um\u00f3wmy si\u0119, ja jestem technologicznym debilem. Spostrze\u017cenia mam dwa. Albo ja nie umiem my\u0107 z\u0119b\u00f3w, albo mycie t\u0105 szczoteczk\u0105 powoduje, \u017ce b\u0119dziecie cali zapluci. Jest bardzo niewygodna. Czy mam jako\u015b super umyte z\u0119by? Nie. Szczerze? Na razie ta szczoteczka mi si\u0119 w\u00a0og\u00f3le nie podoba. I\u00a0uwa\u017cam, \u017ce zap\u0142acenie za ni\u0105 2\u00a0tysi\u0119cy z\u0142otych jest absurdalne. Nie wiem, czego si\u0119 spodziewa\u0142am.<\/p>\n<p><a href=\"https:\/\/www.pudelek.pl\/blanka-lipinska-reaguje-na-afere-wokol-kontynuacji-nigdy-w-zyciu-i-ujawnia-kulisy-show-biznesu-nigdy-sie-nie-dowiecie-7324009072216128a\" rel=\"noopener noreferrer nofollow\" target=\"_blank\">Blanka Lipi\u0144ska reaguje na afer\u0119 wok\u00f3\u0142 kontynuacji &#8222;Nigdy w\u00a0\u017cyciu!&#8221; i\u00a0ujawnia kulisy show-biznesu: &#8222;NIGDY SI\u0118 NIE DOWIECIE&#8221;<\/a><\/p>\n<p> <img role=\"presentation\" class=\"absolute left-1\/2 top-1\/2 max-h-[80%] max-w-[100px] -translate-x-1\/2 -translate-y-1\/2\" src=\"https:\/\/v.wpimg.pl\/ZXJfd3AudTkrBBIAbg54LGhcRlAxHQUrPgJGH2MAeGJoSQ1eIBI_K2UHAEVuBTY5KQMMXC0RPyoVERQdMgM9ejc\" loading=\"lazy\" decoding=\"async\"\/> <\/p>\n<p>Po publikacji nagrania skrzynka odbiorcza celebrytki natychmiast zasypana zosta\u0142a wiadomo\u015bciami od poruszonych internaut\u00f3w. Jeden z\u00a0fan\u00f3w trafnie zwr\u00f3ci\u0142 uwag\u0119 na jej wyra\u017ane zniesmaczenie, pisz\u0105c: <\/p>\n<p>Po minie wida\u0107, jakby\u015b wzi\u0119\u0142a 2\u00a0tys. z\u0142 i\u00a0wy*eba\u0142a do kosza. <\/p>\n<p>Lipi\u0144ska udost\u0119pni\u0142a ten komentarz i\u00a0gorzko przyzna\u0142a mu racj\u0119, ostrzegaj\u0105c przy okazji swoich obserwator\u00f3w przed pochopnymi zakupami produkt\u00f3w higienicznych: <\/p>\n<p> <img role=\"presentation\" class=\"absolute left-1\/2 top-1\/2 max-h-[80%] max-w-[100px] -translate-x-1\/2 -translate-y-1\/2\" src=\"https:\/\/v.wpimg.pl\/ZXJfd3AudTkrBBIAbg54LGhcRlAxHQUrPgJGH2MAeGJoSQ1eIBI_K2UHAEVuBTY5KQMMXC0RPyoVERQdMgM9ejc\" loading=\"lazy\" decoding=\"async\"\/> <\/p>\n<p>Bo dok\u0142adnie tak si\u0119 czuj\u0119. A\u00a0najgorsze jest to, \u017ce jest to produkt higieniczny, wi\u0119c nawet jak kupicie przez internet, to nie mo\u017cecie zwr\u00f3ci\u0107. Dlatego dobrze si\u0119 zastan\u00f3wcie przed zakupem. Nie tak jak ja.<\/p>\n<p>Kolejni dociekliwi fani zacz\u0119li dopytywa\u0107, co tak naprawd\u0119 sk\u0142oni\u0142o j\u0105 do wydania tak du\u017cej kwoty na gad\u017cet, kt\u00f3ry dopiero co wszed\u0142 na rynek. Gdy pad\u0142o pytanie: A\u00a0totalnie nie os\u0105dzaj\u0105c, sk\u0105d pomys\u0142 na zakup tej szczoteczki? Kto\u015b poleci\u0142, albo czyta\u0142a pani pozytywne opinie?&#8221;, Blanka wyjawia\u0142a kulisy swojej decyzji. <\/p>\n<p>Ogl\u0105da\u0142am recenzje ludzi z\u00a0r\u00f3\u017cnych kraj\u00f3w, nie byli to influ, pokazywali proces zakupu&#8230; wszyscy zgodnie twierdzili, \u017ce jest wow. Opinii to za du\u017co nie ma, bo ta szczoteczka premier\u0119 mia\u0142a we wtorek. My\u015bl\u0119 ok, b\u0119d\u0119 pierwsza co si\u0119 w\u00a0Polsce zachwyci&#8230; no to si\u0119 zachwyci\u0142am. Pewnie jak si\u0119 kto\u015b przesiada ze zwyk\u0142ej szczoteczki manualnej, to mo\u017ce si\u0119 zachwyci\u0107. Ale jak masz szczotk\u0119 soniczn\u0105, elektryczn\u0105, rotacyjn\u0105&#8230; to ta co ci rozwodni past\u0119 i\u00a0sprawi, \u017ce b\u0119dziesz zapluty a\u017c do \u0142okci, nie zrobi na tobie dobrego wra\u017cenia&#8230; \u2013 wyja\u015bni\u0142a.<\/p>\n<p> <img role=\"presentation\" class=\"absolute left-1\/2 top-1\/2 max-h-[80%] max-w-[100px] -translate-x-1\/2 -translate-y-1\/2\" src=\"https:\/\/v.wpimg.pl\/ZXJfd3AudTkrBBIAbg54LGhcRlAxHQUrPgJGH2MAeGJoSQ1eIBI_K2UHAEVuBTY5KQMMXC0RPyoVERQdMgM9ejc\" loading=\"lazy\" decoding=\"async\"\/> <\/p>\n<p>A\u00a0Wy kupiliby\u015bcie sobie szczoteczk\u0119 do z\u0119b\u00f3w za 2\u00a0tysi\u0105ce z\u0142otych?<\/p>\n<p>     <img decoding=\"async\" src=\"https:\/\/www.europesays.com\/pl\/wp-content\/uploads\/2026\/09\/NjdjZDZmYQsFCCx3dRZsHkZQeC0zT2JIEUhgZnUOYVNQXCJ1bFl6RQIDNiEoCD4FSg0oMSoMORpKGjZrOx0nRRJbdSAzHj4GBRN1.jpeg\" width=\"946\" height=\"1644\" loading=\"lazy\" class=\"wp-media-image\" alt=\"Blanka Lipi\u0144ska\" data-lightbox=\"true\" data-source=\"\u00a9 Instagram\" data-caption=\"Blanka Lipi\u0144ska\"\/>Blanka Lipi\u0144ska \u00a9 Instagram     <img decoding=\"async\" src=\"https:\/\/www.europesays.com\/pl\/wp-content\/uploads\/2026\/09\/NTkxMzcwYTUKGjtJTAxsIElCbxMKVWJ2Hlp3WEwUYW1fTjVLVU97ew0RIR8REj47RR8_DxMWOSRFCCFVAgcnex1JYh4KBD44CgFi.jpeg\" width=\"946\" height=\"1685\" loading=\"lazy\" class=\"wp-media-image\" alt=\"Blanka Lipi\u0144ska\" data-lightbox=\"true\" data-source=\"\u00a9 Instagram\" data-caption=\"Blanka Lipi\u0144ska\"\/>Blanka Lipi\u0144ska \u00a9 Instagram <img role=\"presentation\" class=\"absolute left-1\/2 top-1\/2 max-h-[80%] max-w-[100px] -translate-x-1\/2 -translate-y-1\/2\" src=\"https:\/\/v.wpimg.pl\/ZXJfd3AudTkrBBIAbg54LGhcRlAxHQUrPgJGH2MAeGJoSQ1eIBI_K2UHAEVuBTY5KQMMXC0RPyoVERQdMgM9ejc\" loading=\"lazy\" decoding=\"async\"\/>     <img decoding=\"async\" src=\"https:\/\/www.europesays.com\/pl\/wp-content\/uploads\/2026\/09\/ZTQ1YTlmdTUwUy9nQxZ4IHMLez0FT3Z2JBNjdkMOdW1oBSFlVFRjezdYNTEeCCo7f1YrIRwMLSR_QTV7DR0zeycAdjAFHio4MEh2.jpeg\" width=\"994\" height=\"1899\" loading=\"lazy\" class=\"wp-media-image\" alt=\"Blanka Lipi\u0144ska\" data-lightbox=\"true\" data-source=\"\u00a9 Instagram\" data-caption=\"Blanka Lipi\u0144ska\"\/>Blanka Lipi\u0144ska \u00a9 Instagram     <img decoding=\"async\" src=\"https:\/\/www.europesays.com\/pl\/wp-content\/uploads\/2026\/09\/NWUyYmQwYTY0Gy9efgxsI3dDewQ4VWJ1IFtjT34UYW9tSiFcZEJ8eDMQNQgjEj44ex4rGCEWOSd7CTVCMAcneCNIdgk4BD47NAB2.jpeg\" width=\"883\" height=\"1552\" loading=\"lazy\" class=\"wp-media-image\" alt=\"Blanka Lipi\u0144ska\" data-lightbox=\"true\" data-source=\"\u00a9 Instagram\" data-caption=\"Blanka Lipi\u0144ska\"\/>Blanka Lipi\u0144ska \u00a9 Instagram     <img decoding=\"async\" src=\"https:\/\/www.europesays.com\/pl\/wp-content\/uploads\/2026\/09\/MGE5OGE5YiYkVzl0ak5vM2cPbS4sF2FlMBd1ZWpWYn50Bzd2cwR9aCNcIyI3UD0oa1I9MjVUOjdrRSNoJEUkaDMEYCMsRj0rJExg.jpeg\" width=\"912\" height=\"1610\" loading=\"lazy\" class=\"wp-media-image\" alt=\"Blanka Lipi\u0144ska\" data-lightbox=\"true\" data-source=\"\u00a9 Instagram\" data-caption=\"Blanka Lipi\u0144ska\"\/>Blanka Lipi\u0144ska \u00a9 Instagram<\/p>\n","protected":false},"excerpt":{"rendered":"Klikaj, zanim wszyscy zaczn\u0105 o tym m\u00f3wi\u0107! Gwiazdy, skandale i momenty, o kt\u00f3rych jutro b\u0119dzie g\u0142o\u015bno. Blanka Lipi\u0144ska&hellip;\n","protected":false},"author":2,"featured_media":669103,"comment_status":"","ping_status":"","sticky":false,"template":"","format":"standard","meta":{"footnotes":"","_share_on_mastodon":"0"},"categories":[22],"tags":[122,42,38,40,39,41,123],"class_list":["post-669102","post","type-post","status-publish","format-standard","has-post-thumbnail","category-rozrywka","tag-entertainment","tag-pl","tag-poland","tag-polish","tag-polska","tag-polski","tag-rozrywka"],"share_on_mastodon":{"url":"https:\/\/pubeurope.com\/@pl\/117218304748474077","error":""},"_links":{"self":[{"href":"https:\/\/www.europesays.com\/pl\/wp-json\/wp\/v2\/posts\/669102","targetHints":{"allow":["GET"]}}],"collection":[{"href":"https:\/\/www.europesays.com\/pl\/wp-json\/wp\/v2\/posts"}],"about":[{"href":"https:\/\/www.europesays.com\/pl\/wp-json\/wp\/v2\/types\/post"}],"author":[{"embeddable":true,"href":"https:\/\/www.europesays.com\/pl\/wp-json\/wp\/v2\/users\/2"}],"replies":[{"embeddable":true,"href":"https:\/\/www.europesays.com\/pl\/wp-json\/wp\/v2\/comments?post=669102"}],"version-history":[{"count":0,"href":"https:\/\/www.europesays.com\/pl\/wp-json\/wp\/v2\/posts\/669102\/revisions"}],"wp:featuredmedia":[{"embeddable":true,"href":"https:\/\/www.europesays.com\/pl\/wp-json\/wp\/v2\/media\/669103"}],"wp:attachment":[{"href":"https:\/\/www.europesays.com\/pl\/wp-json\/wp\/v2\/media?parent=669102"}],"wp:term":[{"taxonomy":"category","embeddable":true,"href":"https:\/\/www.europesays.com\/pl\/wp-json\/wp\/v2\/categories?post=669102"},{"taxonomy":"post_tag","embeddable":true,"href":"https:\/\/www.europesays.com\/pl\/wp-json\/wp\/v2\/tags?post=669102"}],"curies":[{"name":"wp","href":"https:\/\/api.w.org\/{rel}","templated":true}]}}