{"id":669116,"date":"2026-09-05T12:02:12","date_gmt":"2026-09-05T12:02:12","guid":{"rendered":"https:\/\/www.europesays.com\/pl\/669116\/"},"modified":"2026-09-05T12:02:12","modified_gmt":"2026-09-05T12:02:12","slug":"drugi-market-dino-w-olsztynie-niemal-gotowy-znamy-dokladna-lokalizacje","status":"publish","type":"post","link":"https:\/\/www.europesays.com\/pl\/669116\/","title":{"rendered":"Drugi market Dino w Olsztynie niemal gotowy. Znamy dok\u0142adn\u0105 lokalizacj\u0119"},"content":{"rendered":"<p class=\"wp-block-paragraph\">We wschodniej cz\u0119\u015bci Olsztyna powstaje kolejny market sieci Dino. Budynek stoi przy alei Marsza\u0142ka Pi\u0142sudskiego, tu\u017c przy granicy miasta i wje\u017adzie do Ostrzeszewa. Prace s\u0105 ju\u017c mocno zaawansowane, a wygl\u0105d obiektu wskazuje, \u017ce otwarcie mo\u017ce nast\u0105pi\u0107 jeszcze w 2026 roku.<\/p>\n<p>Dino powstaje przy granicy Olsztyna i Ostrzeszewa<\/p>\n<p class=\"wp-block-paragraph\">Nowy sklep zlokalizowano przy alei Marsza\u0142ka Pi\u0142sudskiego, w pobli\u017cu granicy Olsztyna z gmin\u0105 Purda. Cho\u0107 inwestycja znajduje si\u0119 na obrze\u017cach miasta, formalnie powstaje jeszcze w jego granicach administracyjnych.<\/p>\n<p class=\"wp-block-paragraph\">W s\u0105siedztwie dominuj\u0105 zabudowania jednorodzinne, a z nowego marketu b\u0119d\u0105 mogli korzysta\u0107 zar\u00f3wno <a href=\"https:\/\/tko.pl\/295798,2025,07,21,powstaje-kolejny-lidl-dla-mieszkancow-olsztyna-wiele-osob-moze-byc-zdziwionych-lokalizacja\" data-wpil-monitor-id=\"12819\" rel=\"nofollow noopener\" target=\"_blank\">mieszka\u0144cy wschodniej cz\u0119\u015bci Olsztyna, jak i osoby<\/a> doje\u017cd\u017caj\u0105ce z Ostrzeszewa oraz okolicznych miejscowo\u015bci.<\/p>\n<p>Prace budowlane s\u0105 ju\u017c zaawansowane<\/p>\n<p class=\"wp-block-paragraph\">Bry\u0142a charakterystyczna dla sklep\u00f3w <a href=\"https:\/\/tko.pl\/272104,2025,03,03,pierwszy-market-dino-w-olsztynie-juz-gotowy-niebawem-otwarcie\" data-wpil-monitor-id=\"12821\" rel=\"nofollow noopener\" target=\"_blank\">Dino jest ju\u017c gotowa<\/a>. Do wykonania pozosta\u0142y mi\u0119dzy innymi prace przy wje\u017adzie i przysz\u0142ym parkingu, a tak\u017ce monta\u017c paneli fotowoltaicznych na dachu.<\/p>\n<p class=\"wp-block-paragraph\">Sie\u0107 nie poda\u0142a jeszcze oficjalnej daty rozpocz\u0119cia sprzeda\u017cy. Tempo rob\u00f3t pozwala jednak przypuszcza\u0107, \u017ce market mo\u017ce zosta\u0107 otwarty przed ko\u0144cem roku.<\/p>\n<p>To b\u0119dzie drugi czy trzeci sklep Dino?<\/p>\n<p class=\"wp-block-paragraph\">Pierwszy market tej sieci w Olsztynie rozpocz\u0105\u0142 dzia\u0142alno\u015b\u0107 w lipcu 2025 roku przy ul. Kubusia Puchatka na osiedlu Pieczewo. Jednocze\u015bnie pojawi\u0142y si\u0119 informacje o planowanej inwestycji przy ul. Armii Krajowej, na terenie dawnego sk\u0142adu kamienia i kostki brukowej.<\/p>\n<p class=\"wp-block-paragraph\">Na dzia\u0142ce przy Armii Krajowej nie rozpocz\u0119\u0142y si\u0119 dot\u0105d widoczne prace. Je\u017celi oba zamierzenia zostan\u0105 zrealizowane, <a href=\"https:\/\/tko.pl\/274104,2025,03,17,dino-chce-otworzyc-drugi-market-w-olsztynie-zaskakujaca-lokalizacja\" data-wpil-monitor-id=\"12818\" rel=\"nofollow noopener\" target=\"_blank\">sklep przy Pi\u0142sudskiego b\u0119dzie drugim uruchomionym Dino<\/a> w mie\u015bcie, a obiekt przy Armii Krajowej mo\u017ce zosta\u0107 trzecim.<\/p>\n<p>Sie\u0107 rozwija si\u0119 r\u00f3wnie\u017c w wi\u0119kszych miastach<\/p>\n<p class=\"wp-block-paragraph\">Dino przez lata kojarzone by\u0142o przede wszystkim z mniejszymi miejscowo\u015bciami. Coraz cz\u0119\u015bciej sklepy tej marki pojawiaj\u0105 si\u0119 jednak r\u00f3wnie\u017c w wi\u0119kszych o\u015brodkach oraz na ich obrze\u017cach. W Olsztynie sie\u0107 wybra\u0142a lokalizacje po\u0142o\u017cone w pobli\u017cu osiedli mieszkaniowych i tras wylotowych.<\/p>\n<p class=\"wp-block-paragraph\">Czy kolejny <a href=\"https:\/\/tko.pl\/110686,2014,11,06,nowy-market-jarotach-tlumy-otwarciu-intermarche\" data-wpil-monitor-id=\"12820\" rel=\"nofollow noopener\" target=\"_blank\">market Dino na wschodzie Olsztyna<\/a> b\u0119dzie dla mieszka\u0144c\u00f3w dogodn\u0105 lokalizacj\u0105?<\/p>\n<p class=\"wp-block-paragraph\">\u017ar\u00f3d\u0142o: olsztyn.com.pl<\/p>\n<p> Loading &#8230;<\/p>\n","protected":false},"excerpt":{"rendered":"We wschodniej cz\u0119\u015bci Olsztyna powstaje kolejny market sieci Dino. Budynek stoi przy alei Marsza\u0142ka Pi\u0142sudskiego, tu\u017c przy granicy&hellip;\n","protected":false},"author":2,"featured_media":669117,"comment_status":"","ping_status":"","sticky":false,"template":"","format":"standard","meta":{"footnotes":"","_share_on_mastodon":"0"},"categories":[52249],"tags":[857,41997,42,38,40,39,41],"class_list":["post-669116","post","type-post","status-publish","format-standard","has-post-thumbnail","category-dino-polska","tag-dino","tag-dino-polska","tag-pl","tag-poland","tag-polish","tag-polska","tag-polski"],"share_on_mastodon":{"url":"https:\/\/pubeurope.com\/@pl\/117218334638836269","error":""},"_links":{"self":[{"href":"https:\/\/www.europesays.com\/pl\/wp-json\/wp\/v2\/posts\/669116","targetHints":{"allow":["GET"]}}],"collection":[{"href":"https:\/\/www.europesays.com\/pl\/wp-json\/wp\/v2\/posts"}],"about":[{"href":"https:\/\/www.europesays.com\/pl\/wp-json\/wp\/v2\/types\/post"}],"author":[{"embeddable":true,"href":"https:\/\/www.europesays.com\/pl\/wp-json\/wp\/v2\/users\/2"}],"replies":[{"embeddable":true,"href":"https:\/\/www.europesays.com\/pl\/wp-json\/wp\/v2\/comments?post=669116"}],"version-history":[{"count":0,"href":"https:\/\/www.europesays.com\/pl\/wp-json\/wp\/v2\/posts\/669116\/revisions"}],"wp:featuredmedia":[{"embeddable":true,"href":"https:\/\/www.europesays.com\/pl\/wp-json\/wp\/v2\/media\/669117"}],"wp:attachment":[{"href":"https:\/\/www.europesays.com\/pl\/wp-json\/wp\/v2\/media?parent=669116"}],"wp:term":[{"taxonomy":"category","embeddable":true,"href":"https:\/\/www.europesays.com\/pl\/wp-json\/wp\/v2\/categories?post=669116"},{"taxonomy":"post_tag","embeddable":true,"href":"https:\/\/www.europesays.com\/pl\/wp-json\/wp\/v2\/tags?post=669116"}],"curies":[{"name":"wp","href":"https:\/\/api.w.org\/{rel}","templated":true}]}}