{"id":669140,"date":"2026-09-05T12:28:13","date_gmt":"2026-09-05T12:28:13","guid":{"rendered":"https:\/\/www.europesays.com\/pl\/669140\/"},"modified":"2026-09-05T12:28:13","modified_gmt":"2026-09-05T12:28:13","slug":"zaczelo-sie-od-fatalnego-bledu-remontada-polakow-i-awans-do-polfinalu-ms","status":"publish","type":"post","link":"https:\/\/www.europesays.com\/pl\/669140\/","title":{"rendered":"Zacz\u0119\u0142o si\u0119 od fatalnego b\u0142\u0119du. Remontada Polak\u00f3w i awans do p\u00f3\u0142fina\u0142u M\u015a!"},"content":{"rendered":"\n<p class=\"contentpart contentpart--default contentpart--text\" data-position=\"0\">Pocz\u0105tek \u0107wier\u0107fina\u0142owego meczu z Kazachstanem by\u0142 niczym z koszmaru. Rywale wyszli wysokim pressingiem, co szybko przynios\u0142o efekt. Atakowany przez jednego z Kazach\u00f3w Krystian Stanecki, bramkarz Bia\u0142o-Czerwonych, pope\u0142ni\u0142 fatalny b\u0142\u0105d. Od 6. minuty przegrywali\u015bmy 0:1.<\/p>\n<p class=\"contentpart contentpart--default contentpart--text\" data-position=\"1\">W 10. minucie Stanecki wyszed\u0142 poza pole karne, by rozpocz\u0105\u0107 akcj\u0119. Zagra\u0142 jednak niedok\u0142adnie, Kazachowie wyszli z kontr\u0105, kt\u00f3r\u0105 sfinalizowali uderzeniem z ostrego k\u0105ta.<\/p>\n<p>  <img decoding=\"async\" src=\"https:\/\/v.wpimg.pl\/X3dwLnN2d1IFFTpdYUl6R0ZNbgcnEHQREVV2TGEGbUtRT2MdOlZ2RBQUKABgQjQcDRotCStBd1IAAWMeIlM7VgwYIAorQAdEFFk_GCkQJQ\" alt=\"\" width=\"45\" height=\"58\" loading=\"lazy\"\/>  <\/p>\n<p class=\"contentpart contentpart--default contentpart--text\" data-position=\"2\">Zobacz bramk\u0119 na 0:1<\/p>\n<p class=\"contentpart contentpart--default contentpart--text\" data-position=\"4\">W ko\u0144c\u00f3wce pierwszej po\u0142owy dru\u017cyna Klaudiusza Hirscha gra\u0142a z przewag\u0105 jednego zawodnika przez dwie minuty (to kara za \u017c\u00f3\u0142t\u0105 kartk\u0119 dla jednego z Kazach\u00f3w). Nie zrobi\u0142a jednak z tego u\u017cytku.<\/p>\n<p>Kapitalna druga po\u0142owa da\u0142a Polakom p\u00f3\u0142fina\u0142 M\u015a<\/p>\n<p class=\"contentpart contentpart--default contentpart--text\" data-position=\"6\">Za to zaraz po rozpocz\u0119ciu drugiej ods\u0142ony Polska strzeli\u0142a gola kontaktowego. Po sk\u0142adnej akcji Krystian Nowakowski klatk\u0105 piersiow\u0105 wepchn\u0105\u0142 pi\u0142k\u0119 do siatki. A w 26. minucie by\u0142 ju\u017c remis. Nowakowski g\u0142ow\u0105 zgra\u0142 futbol\u00f3wk\u0119, a Karol Bienias idealnie przymierzy\u0142 w d\u0142ugi r\u00f3g.<\/p>\n<p>  <img decoding=\"async\" src=\"https:\/\/v.wpimg.pl\/X3dwLnN2d1IFFTpdYUl6R0ZNbgcnEHQREVV2TGEGbUtRT2MdOlZ2RBQUKABgQjQcDRotCStBd1IAAWMeIlM7VgwYIAorQAdEFFk_GCkQJQ\" alt=\"\" width=\"45\" height=\"58\" loading=\"lazy\"\/>  <\/p>\n<p class=\"contentpart contentpart--default contentpart--text\" data-position=\"7\">Minuty mija\u0142y, a na tablicy dalej widnia\u0142 remis. Sytuacja zmieni\u0142a si\u0119 w 34. minucie, kiedy Polacy przeprowadzili kapitaln\u0105 akcj\u0119. Na strza\u0142 z dystansu zdecydowa\u0142 si\u0119 Piotr Tkacz, a pi\u0142ka trafi\u0142a wprost pod nogi Jana Pedy, kt\u00f3ry zwie\u0144czy\u0142 dzie\u0142o i da\u0142 naszej dru\u017cynie prowadzenie 3:2.<\/p>\n<p class=\"contentpart contentpart--default contentpart--text\" data-position=\"8\">Tak Peda trafi\u0142 na 3:2<\/p>\n<p class=\"contentpart contentpart--default contentpart--text\" data-position=\"10\">Do ko\u0144ca spotkania wynik nie uleg\u0142 ju\u017c zmianie. Polacy pokonali tym samym Kazachstan i awansowali do p\u00f3\u0142fina\u0142u mistrzostw \u015bwiata.\u00a0Przypomnijmy, \u017ce Bia\u0142o-Czerwoni w 2025 r. zdobyli mistrzostwo \u015bwiata na turnieju w Meksyku, wi\u0119c wykonali kolejny krok w kierunku powt\u00f3rzenia tego wyniku.<\/p>\n<p class=\"contentpart contentpart--default contentpart--text\" data-position=\"11\">W p\u00f3\u0142finale tegorocznego czempionatu zawodnicy Hirscha zagraj\u0105 z Niemcami. Spotkanie to zaplanowano na sobot\u0119 na godzin\u0119 19:00.<\/p>\n<p>  <img decoding=\"async\" src=\"https:\/\/v.wpimg.pl\/X3dwLnN2d1IFFTpdYUl6R0ZNbgcnEHQREVV2TGEGbUtRT2MdOlZ2RBQUKABgQjQcDRotCStBd1IAAWMeIlM7VgwYIAorQAdEFFk_GCkQJQ\" alt=\"\" width=\"45\" height=\"58\" loading=\"lazy\"\/>  <\/p>\n<p class=\"contentpart contentpart--default contentpart--text\" data-position=\"12\">Polacy jeszcze nie doznali pora\u017cki w\u00a0Essen. W fazie grupowej pokonali kolejno Kosowo (5:0), Maroko (5:2) i Chile (7:3). W 1\/8 fina\u0142u nasza reprezentacja wygra\u0142a z kolei 3:1 z Syri\u0105.<\/p>\n<p class=\"contentpart contentpart--default contentpart--text\" data-position=\"13\">ZOBACZ WIDEO: To dlatego mecz Lecha zosta\u0142 przerwany. Sceny na stadionie<\/p>\n","protected":false},"excerpt":{"rendered":"Pocz\u0105tek \u0107wier\u0107fina\u0142owego meczu z Kazachstanem by\u0142 niczym z koszmaru. Rywale wyszli wysokim pressingiem, co szybko przynios\u0142o efekt. Atakowany&hellip;\n","protected":false},"author":2,"featured_media":669141,"comment_status":"","ping_status":"","sticky":false,"template":"","format":"standard","meta":{"footnotes":"","_share_on_mastodon":"0"},"categories":[24],"tags":[2274,269,278,42,38,40,39,41,83286,127,126],"class_list":["post-669140","post","type-post","status-publish","format-standard","has-post-thumbnail","category-sport","tag-kazachstan","tag-pilka-nozna","tag-pilka-w-europie","tag-pl","tag-poland","tag-polish","tag-polska","tag-polski","tag-reprezentacja-polski-w-pilce-szescioosobowej","tag-sport","tag-sports"],"share_on_mastodon":{"url":"https:\/\/pubeurope.com\/@pl\/117218438335160051","error":""},"_links":{"self":[{"href":"https:\/\/www.europesays.com\/pl\/wp-json\/wp\/v2\/posts\/669140","targetHints":{"allow":["GET"]}}],"collection":[{"href":"https:\/\/www.europesays.com\/pl\/wp-json\/wp\/v2\/posts"}],"about":[{"href":"https:\/\/www.europesays.com\/pl\/wp-json\/wp\/v2\/types\/post"}],"author":[{"embeddable":true,"href":"https:\/\/www.europesays.com\/pl\/wp-json\/wp\/v2\/users\/2"}],"replies":[{"embeddable":true,"href":"https:\/\/www.europesays.com\/pl\/wp-json\/wp\/v2\/comments?post=669140"}],"version-history":[{"count":0,"href":"https:\/\/www.europesays.com\/pl\/wp-json\/wp\/v2\/posts\/669140\/revisions"}],"wp:featuredmedia":[{"embeddable":true,"href":"https:\/\/www.europesays.com\/pl\/wp-json\/wp\/v2\/media\/669141"}],"wp:attachment":[{"href":"https:\/\/www.europesays.com\/pl\/wp-json\/wp\/v2\/media?parent=669140"}],"wp:term":[{"taxonomy":"category","embeddable":true,"href":"https:\/\/www.europesays.com\/pl\/wp-json\/wp\/v2\/categories?post=669140"},{"taxonomy":"post_tag","embeddable":true,"href":"https:\/\/www.europesays.com\/pl\/wp-json\/wp\/v2\/tags?post=669140"}],"curies":[{"name":"wp","href":"https:\/\/api.w.org\/{rel}","templated":true}]}}