{"id":669152,"date":"2026-09-05T12:36:08","date_gmt":"2026-09-05T12:36:08","guid":{"rendered":"https:\/\/www.europesays.com\/pl\/669152\/"},"modified":"2026-09-05T12:36:08","modified_gmt":"2026-09-05T12:36:08","slug":"tusk-znowu-wpuszczony-w-maliny-echa-cyrku-w-sejmie","status":"publish","type":"post","link":"https:\/\/www.europesays.com\/pl\/669152\/","title":{"rendered":"Tusk znowu &#8222;wpuszczony w maliny&#8221;? Echa cyrku w Sejmie"},"content":{"rendered":"<p data-v-01d4021f=\"\">W programie \u201eSalon Dziennikarski\u201d na antenie Telewizji wPolsce24 publicy\u015bci komentowali wyst\u0105pienie Donalda Tuska w Sejmie, w kt\u00f3rym premier powo\u0142ywa\u0142 si\u0119 na zeznania \u201ekluczowego \u015bwiadka\u201d w sprawie afery Zondacrypto. &#8222;Czy ta determinacja Donalda Tuska i po raz trzeci przekazanie tej samej ustawy do podpisu prezydenta bez jakichkolwiek zmian wynika z pr\u00f3by si\u0142, to znaczy z nienawi\u015bci Donalda Tuska i niemo\u017cno\u015bci pogodzenia si\u0119 z tym, \u017ce Karol Nawrocki jest prezydentem Polski, czy jest jakie\u015b drugie dno&#8221; &#8211; powiedzia\u0142a Aleksandra Jakubowska w rozmowie z Jackiem Karnowskim. <\/p>\n<p class=\"isSelectedEnd\" data-v-01d4021f=\"\">Premier Donald Tusk urz\u0105dzi\u0142 w Sejmie niewiarygodny spektakl! \u201eZacytowa\u0142\u201d bowiem zeznania \u201ekluczowego \u015bwiadka\u201d ws. afery Zondacrypto, atakuj\u0105c prawic\u0119.<\/p>\n<p class=\"isSelectedEnd\" data-v-01d4021f=\"\">Spraw\u0119 w rozmowie z redaktorem naczelnym Telewizji wPolsce24 Jackiem Karnowskim komentowali publicy\u015bci: Aleksandra Jakubowska, Andrzej Rafa\u0142 Potocki, Jerzy Szmit i Piotr Semka.<\/p>\n<p>Tusk zosta\u0142 \u201ewpuszczony w maliny\u201d?<\/p>\n<p class=\"isSelectedEnd\" data-v-01d4021f=\"\">Aleksandra Jakubowska oceni\u0142a, \u017ce Donald Tusk m\u00f3g\u0142 zosta\u0107 przekonany, i\u017c sprawa afery Zondacrypto pogr\u0105\u017cy zar\u00f3wno opozycj\u0119, jak i prezydenta Karola Nawrockiego.<\/p>\n<p class=\"isSelectedEnd\" data-v-01d4021f=\"\">Ja my\u015bl\u0119, \u017ce kto\u015b Donalda Tuska znowu wpu\u015bci\u0142 w maliny, \u017ce przekonano go, i\u017c ta afera rzeczywi\u015bcie utopi opozycj\u0119 i utopi prezydenta Nawrockiego. Okaza\u0142o si\u0119, \u017ce to po prostu \u201egranat zosta\u0142 wrzucony do szamba\u201d, bo teraz wychodz\u0105 nowe kolejne informacje na temat umorze\u0144 \u015bledztw, na temat \u015bwiadk\u00f3w<\/p>\n<p class=\"isSelectedEnd\" data-v-01d4021f=\"\">\u2013 wskaza\u0142a.<\/p>\n<p class=\"isSelectedEnd\" data-v-01d4021f=\"\">Mnie interesuje jedna sprawa. Czy ta determinacja Donalda Tuska i po raz trzeci przekazanie tej samej ustawy do podpisu prezydenta bez jakichkolwiek zmian wynika z pr\u00f3by si\u0142, to znaczy z nienawi\u015bci Donalda Tuska i niemo\u017cno\u015bci pogodzenia si\u0119 z tym, \u017ce Karol Nawrocki jest prezydentem Polski, czy jest jakie\u015b drugie dno<\/p>\n<p class=\"isSelectedEnd\" data-v-01d4021f=\"\">\u2013 doda\u0142a.<\/p>\n<p>Za\u0142o\u017cenia Tuska\u00a0<\/p>\n<p class=\"isSelectedEnd\" data-v-01d4021f=\"\">Andrzej Rafa\u0142 Potocki wskaza\u0142, \u017ce jego zdaniem dzia\u0142ania obozu rz\u0105dz\u0105cego koncentruj\u0105 si\u0119 przede wszystkim na politycznym wykorzystaniu afery Zondacrypto.<\/p>\n<p class=\"isSelectedEnd\" data-v-01d4021f=\"\">Takie jest za\u0142o\u017cenie partii rz\u0105dz\u0105cej Donalda Tuska, \u017ceby nie doj\u015b\u0107 do tego, kto zosta\u0142 poszkodowany i \u017ceby wyci\u0105gn\u0105\u0107 konsekwencje i ukara\u0107 tych, kt\u00f3rzy spowodowali straty u zwyk\u0142ych obywateli, tylko chodzi po prostu o cz\u0119\u015b\u0107 polityczn\u0105, \u017ceby wykorzystuj\u0105c zeznania g\u0142\u00f3wnie w tej chwili Przemys\u0142awa Krala doprowadzi\u0107 do w\u0142a\u015bnie takich dyskusji w Sejmie i pokazywania, \u017ce opozycja, a dok\u0142adnie Prawo i Sprawiedliwo\u015b\u0107 najbardziej jest utyt\u0142ane w t\u0119 afer\u0119 krypto<\/p>\n<p class=\"isSelectedEnd\" data-v-01d4021f=\"\">\u2013 powiedzia\u0142.<\/p>\n<p class=\"isSelectedEnd\" data-v-01d4021f=\"\">Maj\u0105 pana Krala, kt\u00f3rego reprezentuje Roman Giertych<\/p>\n<p class=\"isSelectedEnd\" data-v-01d4021f=\"\">\u2013 zaznaczy\u0142.<\/p>\n<p>Histeria\u00a0<\/p>\n<p class=\"isSelectedEnd\" data-v-01d4021f=\"\">Piotr Semka oceni\u0142, \u017ce obecne dzia\u0142ania przypominaj\u0105 mechanizm budowania atmosfery zbiorowej histerii, znany z wcze\u015bniejszych wydarze\u0144 politycznych.<\/p>\n<p class=\"isSelectedEnd\" data-v-01d4021f=\"\">Na tym polega\u0142a si\u0142a dokumentu nocy czerwcowej, kt\u00f3ry ukaza\u0142 si\u0119 jako \u201eNocna zmiana\u201d. On pokazywa\u0142 pierwsz\u0105 pr\u00f3b\u0119 generaln\u0105 przeprowadzon\u0105. To by\u0142 moment, kiedy wszyscy zaczynaj\u0105 wariowa\u0107, kiedy si\u0119 tworzy atmosfer\u0119 zbiorowej histerii<\/p>\n<p class=\"isSelectedEnd\" data-v-01d4021f=\"\">\u2013 przypomnia\u0142.<\/p>\n<p data-v-01d4021f=\"\">Od tego czasu min\u0119\u0142o ju\u017c ponad 30 lat i troszeczk\u0119 si\u0119 uodpornili\u015bmy na to i opinia publiczna na szcz\u0119\u015bcie jest ju\u017c bardziej zr\u00f3\u017cnicowana pod wzgl\u0119dem przekazu, ale operacja jest dok\u0142adnie taka sama, to znaczy stworzy\u0107 atmosfer\u0119 histerii<\/p>\n<p class=\"isSelectedEnd\" data-v-01d4021f=\"\">\u2013 doda\u0142.<\/p>\n<p>Szerszy kontekst\u00a0<\/p>\n<p class=\"isSelectedEnd\" data-v-01d4021f=\"\">Jerzy Szmit podkre\u015bli\u0142, \u017ce dziennikarze nie mog\u0105 skupia\u0107 si\u0119 tylko na sprawie Zondacrypto, poniewa\u017c istnieje szerszy kontekst dzia\u0142a\u0144 rz\u0105dz\u0105cych w tej sprawie.<\/p>\n<p class=\"isSelectedEnd\" data-v-01d4021f=\"\">Tej w\u0142adzy nie nale\u017cy nazywa\u0107 Koalicj\u0105 13 Grudnia, bo to jest z\u0142e odniesienie historyczne, tylko koalicj\u0105 o\u015bmiu gwiazdek. Przypomnie\u0107 te korzenie, przypomnie\u0107 ten cel, przypomnie\u0107 to, co jest istot\u0105 tej w\u0142adzy. Osiem gwiazdek, czyli to wszystko, co ma zniszczy\u0107 opozycj\u0119, to wszystko, co ma zniszczy\u0107 Polsk\u0119<\/p>\n<p data-v-01d4021f=\"\">\u2013 zaznaczy\u0142.<\/p>\n<p data-v-01d4021f=\"\">as\/\u017ar. wPolityce.pl za wPolsce24<\/p>\n","protected":false},"excerpt":{"rendered":"W programie \u201eSalon Dziennikarski\u201d na antenie Telewizji wPolsce24 publicy\u015bci komentowali wyst\u0105pienie Donalda Tuska w Sejmie, w kt\u00f3rym premier&hellip;\n","protected":false},"author":2,"featured_media":669153,"comment_status":"","ping_status":"","sticky":false,"template":"","format":"standard","meta":{"footnotes":"","_share_on_mastodon":"0"},"categories":[62713],"tags":[121116,1345,88380,127822,13347,72917,907,99789,4362,2462,1005,380,423,231,127821,123474,3654],"class_list":["post-669152","post","type-post","status-publish","format-standard","has-post-thumbnail","category-donald-tusk","tag-analizy-polityczne","tag-donald-tusk","tag-komentarze-polityczne","tag-kulisy-polityki","tag-opozycja","tag-partie-polityczne","tag-polityka","tag-polityka-krajowa","tag-polityka-zagraniczna","tag-polska-polityka","tag-prezydent","tag-rzad","tag-sejm","tag-sondaze","tag-wiadomosci-polityczne","tag-wpolityce-pl","tag-wybory"],"share_on_mastodon":{"url":"https:\/\/pubeurope.com\/@pl\/117218468741014043","error":""},"_links":{"self":[{"href":"https:\/\/www.europesays.com\/pl\/wp-json\/wp\/v2\/posts\/669152","targetHints":{"allow":["GET"]}}],"collection":[{"href":"https:\/\/www.europesays.com\/pl\/wp-json\/wp\/v2\/posts"}],"about":[{"href":"https:\/\/www.europesays.com\/pl\/wp-json\/wp\/v2\/types\/post"}],"author":[{"embeddable":true,"href":"https:\/\/www.europesays.com\/pl\/wp-json\/wp\/v2\/users\/2"}],"replies":[{"embeddable":true,"href":"https:\/\/www.europesays.com\/pl\/wp-json\/wp\/v2\/comments?post=669152"}],"version-history":[{"count":0,"href":"https:\/\/www.europesays.com\/pl\/wp-json\/wp\/v2\/posts\/669152\/revisions"}],"wp:featuredmedia":[{"embeddable":true,"href":"https:\/\/www.europesays.com\/pl\/wp-json\/wp\/v2\/media\/669153"}],"wp:attachment":[{"href":"https:\/\/www.europesays.com\/pl\/wp-json\/wp\/v2\/media?parent=669152"}],"wp:term":[{"taxonomy":"category","embeddable":true,"href":"https:\/\/www.europesays.com\/pl\/wp-json\/wp\/v2\/categories?post=669152"},{"taxonomy":"post_tag","embeddable":true,"href":"https:\/\/www.europesays.com\/pl\/wp-json\/wp\/v2\/tags?post=669152"}],"curies":[{"name":"wp","href":"https:\/\/api.w.org\/{rel}","templated":true}]}}