{"id":669156,"date":"2026-09-05T12:45:12","date_gmt":"2026-09-05T12:45:12","guid":{"rendered":"https:\/\/www.europesays.com\/pl\/669156\/"},"modified":"2026-09-05T12:45:12","modified_gmt":"2026-09-05T12:45:12","slug":"jagiellonia-przed-meczem-ze-slaskiem-sa-problemy-z-kontuzjami-sport-wiadomosci-bialystok-online-portal-miejski-bialystok-bialystok","status":"publish","type":"post","link":"https:\/\/www.europesays.com\/pl\/669156\/","title":{"rendered":"Jagiellonia przed meczem ze \u015al\u0105skiem. S\u0105 problemy z kontuzjami, Sport, Wiadomo\u015bci Bia\u0142ystok Online Portal Miejski Bia\u0142ystok (Bialystok)"},"content":{"rendered":"\n<p>            <img decoding=\"async\" class=\"art-figimg\" src=\"https:\/\/www.europesays.com\/pl\/wp-content\/uploads\/2026\/09\/150692-e.jpg\" width=\"375\" height=\"250\" alt=\"Jagiellonia przed meczem ze \u015al\u0105skiem. S\u0105 problemy z kontuzjami\" loading=\"lazy\" fetchpriority=\"high\"\/><br \/>\n            Fot: Jagiellonia Bia\u0142ystok<\/p>\n<p class=\"art-lid\">Po dw\u00f3ch wyjazdowych spotkaniach Jagiellonia Bia\u0142ystok wraca przed w\u0142asn\u0105 publiczno\u015b\u0107. W niedziel\u0119 (6.09) \u017b\u00f3\u0142to-Czerwoni zmierz\u0105 si\u0119 na Chorten Arenie ze \u015al\u0105skiem Wroc\u0142aw. Pocz\u0105tek spotkania 7. kolejki PKO BP Ekstraklasy zaplanowano na godz. 20.15.<\/p>\n<p class=\"art-cont\">Jagiellonia chce zn\u00f3w zapunktowa\u0107<\/p>\n<p>Bia\u0142ostoczanie przyst\u0105pi\u0105 do tego spotkania z jasnym celem &#8211; wr\u00f3ci\u0107 na zwyci\u0119sk\u0105 \u015bcie\u017ck\u0119. Jagiellonia ma za sob\u0105 intensywny okres, w kt\u00f3rym opr\u00f3cz rywalizacji ligowej walczy\u0142a r\u00f3wnie\u017c o awans do fazy ligowej europejskich puchar\u00f3w. W czwartek rozegra\u0142a dodatkowo zaleg\u0142e spotkanie 5. kolejki z Lechem Pozna\u0144. Na stadionie mistrza Polski pad\u0142 wynik 2:1 dla gospodarzy, cho\u0107 Jagiellonia potrafi\u0142a doprowadzi\u0107 do wyr\u00f3wnania po trafieniu Yukiego Kobayashiego. Decyduj\u0105cego gola w samej ko\u0144c\u00f3wce starcia strzeli\u0142 jednak Lech i to on zgarn\u0105\u0142 komplet punkt\u00f3w.<\/p>\n<p>Pora\u017cka w Poznaniu by\u0142a drug\u0105 ligow\u0105 przegran\u0105 Jagiellonii w tym sezonie. Wcze\u015bniej zesp\u00f3\u0142 z Bia\u0142egostoku pokona\u0142 m.in. Koron\u0119 Kielce, a tak\u017ce odni\u00f3s\u0142 efektowne zwyci\u0119stwo nad Rakowem Cz\u0119stochowa. Po 5 rozegranych meczach \u017b\u00f3\u0142to-Czerwoni maj\u0105 na koncie 9 punkt\u00f3w i zajmuj\u0105 7. miejsce w tabeli. Warto jednak pami\u0119ta\u0107, \u017ce wiele zespo\u0142\u00f3w ma za sob\u0105 wi\u0119ksz\u0105 liczb\u0119 spotka\u0144, wi\u0119c tabela w przypadku Jagiellonii jest nieco myl\u0105ca.<\/p>\n<p>Historia spotka\u0144 zapowiada wyr\u00f3wnane starcie<\/p>\n<p>Teraz przed podopiecznymi Adriana Siemie\u0144ca kolejne wyzwanie &#8211; potyczka ze \u015al\u0105skiem. Wroc\u0142awianie nie rozpocz\u0119li sezonu w spos\u00f3b, kt\u00f3ry pozwala\u0142by im spokojnie patrze\u0107 w g\u00f3r\u0119 tabeli. Po 6 kolejkach beniaminek ma 6 punkt\u00f3w, na kt\u00f3re z\u0142o\u017cy\u0142o si\u0119 1 zwyci\u0119stwo, 3 remisy i 2 pora\u017cki.<\/p>\n<p>Jagiellonia nie mo\u017ce jednak zlekcewa\u017cy\u0107 rywala. \u015al\u0105sk potrafi by\u0107 bowiem niewygodnym przeciwnikiem, szczeg\u00f3lnie je\u017celi uda mu si\u0119 d\u0142ugo utrzymywa\u0107 przyzwoity wynik. Bia\u0142ostoczanie b\u0119d\u0105 natomiast chcieli od pocz\u0105tku narzuci\u0107 swoje warunki i wykorzysta\u0107 atut w\u0142asnego stadionu.<\/p>\n<p>Historia ostatnich pojedynk\u00f3w obu dru\u017cyn pokazuje zreszt\u0105, \u017ce mecze Jagiellonii ze \u015al\u0105skiem cz\u0119sto s\u0105 zaci\u0119te. W sezonie 2024\/2025 w Bia\u0142ymstoku pad\u0142 remis 2:2, a potyczka we Wroc\u0142awiu zako\u0144czy\u0142a si\u0119 wynikiem 1:1.<\/p>\n<p>Niedzielne spotkanie b\u0119dzie wi\u0119c okazj\u0105 nie tylko do zdobycia kolejnych punkt\u00f3w, ale r\u00f3wnie\u017c do poprawienia bilansu w rywalizacji z wroc\u0142awskim zespo\u0142em. Niestety w bia\u0142ostockiej dru\u017cynie nie brakuje problem\u00f3w zdrowotnych, kt\u00f3re utrudniaj\u0105 przygotowania do zbli\u017caj\u0105cego si\u0119 meczu. Jeremy Agbonifo, Jesus Imaz i Yuki Kobayashi to s\u0105 pi\u0142karze, kt\u00f3rzy borykaj\u0105 si\u0119 z urazami, dlatego wyst\u0119p wspomnianej tr\u00f3jki w niedzielnym starciu stoi pod znakiem zapytania.<\/p>\n<p>Wi\u0119cej informacji: <a href=\"https:\/\/www.bialystokonline.pl\/jagiellonia-bialystok-slask-wroclaw-pko-bp-ekstraklasa,impreza,150891,4,1.html\" target=\"_blank\" rel=\"nofollow noopener\">Jagiellonia Bia\u0142ystok &#8211; \u015al\u0105sk Wroc\u0142aw | PKO BP Ekstraklasa<\/a><\/p>\n<p class=\"art-autimg\">\n<p>                            <img decoding=\"async\" class=\"art-autimgi\" src=\"https:\/\/www.europesays.com\/pl\/wp-content\/uploads\/2026\/09\/1788612312_795_avatar_1x.jpg\" alt=\"Rafa\u0142 \u017buk\" width=\"64\" height=\"64\" loading=\"lazy\"\/><\/p>\n<p class=\"art-autname\">Rafa\u0142 \u017buk<\/p>\n<p>rafal.zuk@bialystokonline.pl<\/p>\n<p>Przeczytaj tak\u017ce<\/p>\n<p>&#13;<br \/>\n&#13;<br \/>\n&#13;<br \/>\n<img loading=\"lazy\" decoding=\"async\" src=\"https:\/\/www.europesays.com\/pl\/wp-content\/uploads\/2026\/09\/1788612312_917_adlog.gif\" width=\"0\" height=\"0\" alt=\"\" style=\"width: 0px; height: 0px;\"\/><\/p>\n<p>Popularne dzisiaj<\/p>\n","protected":false},"excerpt":{"rendered":"Fot: Jagiellonia Bia\u0142ystok Po dw\u00f3ch wyjazdowych spotkaniach Jagiellonia Bia\u0142ystok wraca przed w\u0142asn\u0105 publiczno\u015b\u0107. W niedziel\u0119 (6.09) \u017b\u00f3\u0142to-Czerwoni zmierz\u0105&hellip;\n","protected":false},"author":2,"featured_media":669157,"comment_status":"","ping_status":"","sticky":false,"template":"","format":"standard","meta":{"footnotes":"","_share_on_mastodon":"0"},"categories":[51614],"tags":[2151,51731,113,51730,3754,51738,274,51735,4041,1096,1089,399,5809,129796,17334,51736,2921,3840,51734,8736,1232,120,7116,17265,19285,42,5083,38,40,39,41,6309,1756,8815,38950,123,129797,800,4278,1323,51737,2879,253],"class_list":["post-669156","post","type-post","status-publish","format-standard","has-post-thumbnail","category-bialystok","tag-bialystok","tag-bialystokonline","tag-biznes","tag-bstok","tag-dom","tag-drobne","tag-ekstraklasa","tag-firm","tag-firmy","tag-hotele","tag-imprezy","tag-informacje","tag-jagiellonia","tag-jagiellonia-przed-meczem-ze-slaskiem-sa-problemy-z-kontuzjami","tag-katalog","tag-kina","tag-koncert","tag-lokale","tag-miejski","tag-mieszkanie","tag-motoryzacja","tag-nauka","tag-ogloszenia","tag-on-line","tag-online","tag-pl","tag-podlasie","tag-poland","tag-polish","tag-polska","tag-polski","tag-portal","tag-praca","tag-repertuar","tag-rozklad","tag-rozrywka","tag-slask-wroclawsport","tag-teatr","tag-turystyka","tag-uroda","tag-urzedy","tag-zakupy","tag-zdrowie"],"share_on_mastodon":{"url":"","error":"Validation failed: Text character limit of 500 exceeded"},"_links":{"self":[{"href":"https:\/\/www.europesays.com\/pl\/wp-json\/wp\/v2\/posts\/669156","targetHints":{"allow":["GET"]}}],"collection":[{"href":"https:\/\/www.europesays.com\/pl\/wp-json\/wp\/v2\/posts"}],"about":[{"href":"https:\/\/www.europesays.com\/pl\/wp-json\/wp\/v2\/types\/post"}],"author":[{"embeddable":true,"href":"https:\/\/www.europesays.com\/pl\/wp-json\/wp\/v2\/users\/2"}],"replies":[{"embeddable":true,"href":"https:\/\/www.europesays.com\/pl\/wp-json\/wp\/v2\/comments?post=669156"}],"version-history":[{"count":0,"href":"https:\/\/www.europesays.com\/pl\/wp-json\/wp\/v2\/posts\/669156\/revisions"}],"wp:featuredmedia":[{"embeddable":true,"href":"https:\/\/www.europesays.com\/pl\/wp-json\/wp\/v2\/media\/669157"}],"wp:attachment":[{"href":"https:\/\/www.europesays.com\/pl\/wp-json\/wp\/v2\/media?parent=669156"}],"wp:term":[{"taxonomy":"category","embeddable":true,"href":"https:\/\/www.europesays.com\/pl\/wp-json\/wp\/v2\/categories?post=669156"},{"taxonomy":"post_tag","embeddable":true,"href":"https:\/\/www.europesays.com\/pl\/wp-json\/wp\/v2\/tags?post=669156"}],"curies":[{"name":"wp","href":"https:\/\/api.w.org\/{rel}","templated":true}]}}