{"id":669164,"date":"2026-09-05T12:51:12","date_gmt":"2026-09-05T12:51:12","guid":{"rendered":"https:\/\/www.europesays.com\/pl\/669164\/"},"modified":"2026-09-05T12:51:12","modified_gmt":"2026-09-05T12:51:12","slug":"zuzel-przed-rewanzem-wszystko-otwarte-row-bedzie-bronic-zaliczki-w-poznaniu","status":"publish","type":"post","link":"https:\/\/www.europesays.com\/pl\/669164\/","title":{"rendered":"\u017bu\u017cel. Przed rewan\u017cem wszystko otwarte. ROW b\u0119dzie broni\u0107 zaliczki w Poznaniu"},"content":{"rendered":"\n<p class=\"contentpart contentpart--default contentpart--text\" data-position=\"0\">Sze\u015b\u0107 punkt\u00f3w zaliczki w kontek\u015bcie rewan\u017cu to i du\u017co, i ma\u0142o. To powiedzie\u0107 w <a href=\"https:\/\/sportowefakty.wp.pl\/zuzel\/zks-row-rybnik\" rel=\"nofollow noopener\" target=\"_blank\">Innpro ROW Rybnik<\/a>\u00a0po pierwszym meczu, w kt\u00f3rym przed pi\u0119tnastym biegiem prowadzili dziesi\u0119cioma &#8222;oczkami&#8221;, cho\u0107 by\u0142 moment, \u017ce <a href=\"https:\/\/sportowefakty.wp.pl\/zuzel\/orzechowaosada-psz-poznan\" rel=\"nofollow noopener\" target=\"_blank\">Hunters PS\u017b Pozna\u0144<\/a>\u00a0przegrywa\u0142 tylko dwoma punktami. Stan\u0119\u0142o na kompromisie, kt\u00f3ry sprawia, \u017ce rewan\u017c zapowiada si\u0119 niezwykle ciekawie.<\/p>\n<p class=\"contentpart contentpart--default contentpart--text\" data-position=\"1\">Ka\u017cda z dru\u017cyn ma swoje argumenty. Najwi\u0119kszym i najpowa\u017cniejszym atutem PS\u017b-u jest oczywi\u015bcie <a href=\"https:\/\/sportowefakty.wp.pl\/zuzel\/ryan-douglas\" rel=\"nofollow noopener\" target=\"_blank\">Ryan Douglas<\/a>. W przypadku pora\u017cki w dwumeczu b\u0119dzie to najprawdopodobniej ostatni wyst\u0119p Australijczyka w barwach &#8222;Skorpion\u00f3w&#8221;. Z pewno\u015bci\u0105 nie tak chcia\u0142by \u017cegna\u0107 si\u0119 z Gol\u0119cinem, gdzie sp\u0119dzi\u0142 trzy sezony, kt\u00f3re odmieni\u0142y jego \u017cu\u017clow\u0105 karier\u0119. Fina\u0142 <a href=\"https:\/\/sportowefakty.wp.pl\/zuzel\/i-liga\" rel=\"nofollow noopener\" target=\"_blank\">Metalkas 2. Ekstraligi<\/a>\u00a0by\u0142by idealnym zwie\u0144czeniem.<\/p>\n<p>  <img decoding=\"async\" src=\"https:\/\/v.wpimg.pl\/X3dwLnN2d1IFFTpdYUl6R0ZNbgcnEHQREVV2TGEGbUtRT2MdOlZ2RBQUKABgQjQcDRotCStBd1IAAWMeIlM7VgwYIAorQAdEFFk_GCkQJQ\" alt=\"\" width=\"45\" height=\"58\" loading=\"lazy\"\/>  <\/p>\n<p class=\"contentpart contentpart--default contentpart--text\" data-position=\"2\">ZOBACZ WIDEO: Magazyn PGE Ekstraligi. Go\u015bcie: Janowski, Termi\u0144ski, Cegielski, Gapi\u0144ski<\/p>\n<p class=\"contentpart contentpart--default contentpart--text\" data-position=\"4\">Sam Ryan Douglas jednak nie wystarczy, aby w niedziel\u0119 odrobi\u0107 sze\u015b\u0107 punkt\u00f3w. PS\u017b potrzebuje jeszcze przynajmniej jednej tak wyrazistej postaci. Do tej pory przez wi\u0119kszo\u015b\u0107 sezonu w Poznaniu zawsze kto\u015b taki si\u0119 wy\u0142ania\u0142 &#8211; czy to <a href=\"https:\/\/sportowefakty.wp.pl\/zuzel\/dimitri-berge\" rel=\"nofollow noopener\" target=\"_blank\">Dimitri Berge<\/a>, <a href=\"https:\/\/sportowefakty.wp.pl\/zuzel\/bartosz-smektala\" rel=\"nofollow noopener\" target=\"_blank\">Bartosz Smekta\u0142a<\/a>, <a href=\"https:\/\/sportowefakty.wp.pl\/zuzel\/kacper-pludra\" rel=\"nofollow noopener\" target=\"_blank\">Kacper Pludra<\/a>, <a href=\"https:\/\/sportowefakty.wp.pl\/zuzel\/antoni-mencel-zuzel\" rel=\"nofollow noopener\" target=\"_blank\">Antoni Mencel<\/a>, czy ostatnio w Rybniku <a href=\"https:\/\/sportowefakty.wp.pl\/zuzel\/niels-kristian-iversen\" rel=\"nofollow noopener\" target=\"_blank\">Niels Kristian Iversen<\/a>. Ka\u017cdego z nich sta\u0107 zar\u00f3wno na mecz z &#8222;dwucyfr\u00f3wk\u0105&#8221;, jak i na wyst\u0119p zwie\u0144czony zaledwie dwoma punktami. Dotychczas jednak s\u0142abszy dzie\u0144 jednego z zawodnik\u00f3w rekompensowa\u0142 lepszy postawa drugiego i tak to si\u0119 kr\u0119ci\u0142o.<\/p>\n<p class=\"contentpart contentpart--default contentpart--text\" data-position=\"5\">Gdyby Ryan Douglas otrzyma\u0142 solidne wsparcie, najlepiej ze strony dw\u00f3ch zawodnik\u00f3w, wtedy gospodarze mog\u0105 my\u015ble\u0107 o odrabianiu strat. W starciu z ROW-em kluczowe b\u0119dzie zdobywanie &#8222;tr\u00f3jek&#8221;, dlatego tak wa\u017cne b\u0119d\u0105 te mocne postacie. Rybnicka dru\u017cyna ma bardziej wyrazistych lider\u00f3w, ale je\u015bli jeden czy drugi z owej czw\u00f3rki zanotuje s\u0142abszy mecz, trener <a href=\"https:\/\/sportowefakty.wp.pl\/zuzel\/robert-mikolajczak\" rel=\"nofollow noopener\" target=\"_blank\">Robert Miko\u0142ajczak<\/a>\u00a0mo\u017ce mie\u0107 spore trudno\u015bci, by posk\u0142ada\u0107 to taktycznie.<\/p>\n<p>  <img decoding=\"async\" src=\"https:\/\/v.wpimg.pl\/X3dwLnN2d1IFFTpdYUl6R0ZNbgcnEHQREVV2TGEGbUtRT2MdOlZ2RBQUKABgQjQcDRotCStBd1IAAWMeIlM7VgwYIAorQAdEFFk_GCkQJQ\" alt=\"\" width=\"45\" height=\"58\" loading=\"lazy\"\/>  <\/p>\n<p class=\"contentpart contentpart--default contentpart--text\" data-position=\"6\"><a href=\"https:\/\/sportowefakty.wp.pl\/zuzel\/nicolai-klindt\" rel=\"nofollow noopener\" target=\"_blank\">Nicolai Klindt<\/a>, <a href=\"https:\/\/sportowefakty.wp.pl\/zuzel\/jakub-jamrog\" rel=\"nofollow noopener\" target=\"_blank\">Jakub Jamr\u00f3g<\/a>, <a href=\"https:\/\/sportowefakty.wp.pl\/zuzel\/jan-kvech\" rel=\"nofollow noopener\" target=\"_blank\">Jan Kvech<\/a>\u00a0i <a href=\"https:\/\/sportowefakty.wp.pl\/zuzel\/patryk-wojdylo\" rel=\"nofollow noopener\" target=\"_blank\">Patryk Wojdy\u0142o<\/a>\u00a0to zawodnicy, kt\u00f3rzy w g\u0142\u00f3wnej mierze ci\u0105gn\u0105 ROW. To mocne postacie, co potwierdzaj\u0105 zreszt\u0105 ich \u015brednie biegowe. Czech i Du\u0144czyk nale\u017c\u0105 do czo\u0142owych \u017cu\u017clowc\u00f3w Metalkas 2. Ekstraligi. Klindt w fazie zasadniczej zdoby\u0142 na Gol\u0119cinie a\u017c 18 punkt\u00f3w.<\/p>\n<p class=\"contentpart contentpart--default contentpart--text\" data-position=\"7\">Kluczem dla jednych b\u0119dzie zatem znalezienie drugiego lidera lub trzeciej postaci, kt\u00f3ra potrafi wygrywa\u0107 cho\u0107by pojedyncze wy\u015bcigi. Dla drugich dopilnowanie, by \u017caden z lider\u00f3w nie zawi\u00f3d\u0142, bo trudno oczekiwa\u0107, \u017ce <a href=\"https:\/\/sportowefakty.wp.pl\/zuzel\/jesper-knudsen\" rel=\"nofollow noopener\" target=\"_blank\">Jesper Knudsen<\/a>\u00a0na pozycji U24 czy juniorzy zdo\u0142aj\u0105 ich skutecznie zast\u0105pi\u0107.<\/p>\n<p class=\"contentpart contentpart--default contentpart--text\" data-position=\"8\">Pierwszy mecz pokaza\u0142, \u017ce sytuacja mo\u017ce zmienia\u0107 si\u0119 jak w kalejdoskopie i trzeba zachowa\u0107 czujno\u015b\u0107 do samego ko\u0144ca, bo droga z nieba do piek\u0142a bywa bardzo kr\u00f3tka. Szczeg\u00f3lnie wa\u017cny dla gospodarzy b\u0119dzie pocz\u0105tek spotkania. PS\u017b nie ma innego wyboru, musi dobrze wej\u015b\u0107 w ten mecz. W przeciwnym razie p\u0119tla na ich szyi zacznie si\u0119 zaciska\u0107, a czas na odrabianie strat b\u0119dzie nieub\u0142aganie ucieka\u0107. Z kolei ROW, gdyby sprawy nie sz\u0142y po jego my\u015bli i straci\u0142 kontrol\u0119 nad dwumeczem, mo\u017ce b\u0142yskawicznie reagowa\u0107 rezerwami taktycznymi. Kt\u00f3ry\u015b z lider\u00f3w powinien mie\u0107 sw\u00f3j dzie\u0144, wi\u0119c sztab z Rybnika b\u0119dzie mia\u0142 pole do manewru.<\/p>\n<p>  <img decoding=\"async\" src=\"https:\/\/v.wpimg.pl\/X3dwLnN2d1IFFTpdYUl6R0ZNbgcnEHQREVV2TGEGbUtRT2MdOlZ2RBQUKABgQjQcDRotCStBd1IAAWMeIlM7VgwYIAorQAdEFFk_GCkQJQ\" alt=\"\" width=\"45\" height=\"58\" loading=\"lazy\"\/>  <\/p>\n<p class=\"contentpart contentpart--default contentpart--text\" data-position=\"9\">Na koniec warto doda\u0107, \u017ce jest to spotkanie daj\u0105ce a\u017c dwie szanse na awans. Zwyci\u0119zca przejdzie do fina\u0142u, w kt\u00f3rym najprawdopodobniej zmierzy si\u0119 z Abramczyk Poloni\u0105 Bydgoszcz. W przypadku pora\u017cki z &#8222;Gryfami&#8221; wci\u0105\u017c pozostanie jeszcze okazja do walki w bara\u017cach o PGE Ekstralig\u0119. Pierwszy bieg tego pasjonuj\u0105cego starcia rozpocznie si\u0119 w niedziel\u0119 o godzinie 13:00. Relacj\u0119 tekstow\u0105 LIVE przeprowadzi portal WP SportoweFakty.<\/p>\n<p class=\"contentpart contentpart--default contentpart--text\" data-position=\"10\">Awizowane sk\u0142ady:<\/p>\n<p class=\"contentpart contentpart--default contentpart--text\" data-position=\"11\"><a href=\"https:\/\/sportowefakty.wp.pl\/zuzel\/zks-row-rybnik\" rel=\"nofollow noopener\" target=\"_blank\">Innpro ROW Rybnik<\/a>:<br \/>1. Nicolai Klindt<br \/>2. Patryk Wojdy\u0142o<br \/>3. Jepser Knudsen<br \/>4. Jakub Jamr\u00f3g<br \/>5. Jan Kvech<br \/>6. Kacper Tkocz<br \/>7. Jakub \u017burek<\/p>\n<p class=\"contentpart contentpart--default contentpart--text\" data-position=\"12\"><a href=\"https:\/\/sportowefakty.wp.pl\/zuzel\/orzechowaosada-psz-poznan\" rel=\"nofollow noopener\" target=\"_blank\">Hunters PS\u017b Pozna\u0144<\/a>:<br \/>9. Dimitri Berge<br \/>10. Bartosz Smetka\u0142a<br \/>11. Niels Kristian Iversen<br \/>12. Kacper Pludra<br \/>13. Ryan Douglas<br \/>14. Kamil Witkowski<br \/>15. Antoni Mencel<\/p>\n<p>  <img decoding=\"async\" src=\"https:\/\/v.wpimg.pl\/X3dwLnN2d1IFFTpdYUl6R0ZNbgcnEHQREVV2TGEGbUtRT2MdOlZ2RBQUKABgQjQcDRotCStBd1IAAWMeIlM7VgwYIAorQAdEFFk_GCkQJQ\" alt=\"\" width=\"45\" height=\"58\" loading=\"lazy\"\/>  <\/p>\n<p class=\"contentpart contentpart--default contentpart--text\" data-position=\"13\">Pocz\u0105tek spotkania: 13:00<br \/>S\u0119dzia: Arkadiusz Kalwasi\u0144ski<br \/>Komisarz toru: Pawe\u0142 Stangret<br \/>Przewodnicz\u0105cy jury: Micha\u0142 Sasie\u0144<br \/>Komisarz techniczny: Krzysztof Orze\u0142<br \/>Wynik pierwszego spotkania: Rybnik 48:42 Pozna\u0144<\/p>\n","protected":false},"excerpt":{"rendered":"Sze\u015b\u0107 punkt\u00f3w zaliczki w kontek\u015bcie rewan\u017cu to i du\u017co, i ma\u0142o. To powiedzie\u0107 w Innpro ROW Rybnik\u00a0po pierwszym&hellip;\n","protected":false},"author":2,"featured_media":669165,"comment_status":"","ping_status":"","sticky":false,"template":"","format":"standard","meta":{"footnotes":"","_share_on_mastodon":"0"},"categories":[51609],"tags":[4601,1327,979,42,38,40,39,41,1817,19712,174],"class_list":["post-669164","post","type-post","status-publish","format-standard","has-post-thumbnail","category-poznan","tag-hunters-psz-poznan","tag-innpro-row-rybnik","tag-metalkas-2-ekstraliga","tag-pl","tag-poland","tag-polish","tag-polska","tag-polski","tag-poznan","tag-rybnik","tag-zuzel"],"share_on_mastodon":{"url":"https:\/\/pubeurope.com\/@pl\/117218527792500817","error":""},"_links":{"self":[{"href":"https:\/\/www.europesays.com\/pl\/wp-json\/wp\/v2\/posts\/669164","targetHints":{"allow":["GET"]}}],"collection":[{"href":"https:\/\/www.europesays.com\/pl\/wp-json\/wp\/v2\/posts"}],"about":[{"href":"https:\/\/www.europesays.com\/pl\/wp-json\/wp\/v2\/types\/post"}],"author":[{"embeddable":true,"href":"https:\/\/www.europesays.com\/pl\/wp-json\/wp\/v2\/users\/2"}],"replies":[{"embeddable":true,"href":"https:\/\/www.europesays.com\/pl\/wp-json\/wp\/v2\/comments?post=669164"}],"version-history":[{"count":0,"href":"https:\/\/www.europesays.com\/pl\/wp-json\/wp\/v2\/posts\/669164\/revisions"}],"wp:featuredmedia":[{"embeddable":true,"href":"https:\/\/www.europesays.com\/pl\/wp-json\/wp\/v2\/media\/669165"}],"wp:attachment":[{"href":"https:\/\/www.europesays.com\/pl\/wp-json\/wp\/v2\/media?parent=669164"}],"wp:term":[{"taxonomy":"category","embeddable":true,"href":"https:\/\/www.europesays.com\/pl\/wp-json\/wp\/v2\/categories?post=669164"},{"taxonomy":"post_tag","embeddable":true,"href":"https:\/\/www.europesays.com\/pl\/wp-json\/wp\/v2\/tags?post=669164"}],"curies":[{"name":"wp","href":"https:\/\/api.w.org\/{rel}","templated":true}]}}