{"id":669168,"date":"2026-09-05T12:54:01","date_gmt":"2026-09-05T12:54:01","guid":{"rendered":"https:\/\/www.europesays.com\/pl\/669168\/"},"modified":"2026-09-05T12:54:01","modified_gmt":"2026-09-05T12:54:01","slug":"wroclaw-ma-nowy-pociag-do-wiednia-na-tory-wyjechal-ossolinski","status":"publish","type":"post","link":"https:\/\/www.europesays.com\/pl\/669168\/","title":{"rendered":"Wroc\u0142aw ma nowy poci\u0105g do Wiednia. Na tory wyjecha\u0142 \u201eOssoli\u0144ski\u201d"},"content":{"rendered":"<p>            <a href=\"https:\/\/kochamwroclaw.pl\/wp-content\/uploads\/IMG_6528.jpeg\" data-caption=\"\" rel=\"nofollow noopener\" target=\"_blank\"><img loading=\"lazy\" decoding=\"async\" width=\"696\" height=\"522\" class=\"entry-thumb td-modal-image\" src=\"https:\/\/www.europesays.com\/pl\/wp-content\/uploads\/2026\/09\/IMG_6528-696x522.jpeg\"   alt=\"\" title=\"IMG_6528\"\/><\/a><\/p>\n<p><a href=\"https:\/\/www.facebook.com\/events\/1377928337399793\" rel=\"nofollow noopener\" target=\"_blank\"><img loading=\"lazy\" decoding=\"async\" class=\"aligncenter size-full wp-image-62257\" src=\"https:\/\/www.europesays.com\/pl\/wp-content\/uploads\/2026\/09\/IMG_5362.png\" alt=\"\" width=\"1080\" height=\"1080\"\/><\/a><\/p>\n<p>Na wroc\u0142awskim Dworcu G\u0142\u00f3wnym odby\u0142a si\u0119 uroczysto\u015b\u0107 nadania poci\u0105gowi PKP Intercity imienia J\u00f3zefa Maksymiliana Ossoli\u0144skiego. \u201eOssoli\u0144ski\u201d kursuje na mi\u0119dzynarodowej trasie Pozna\u0144\u2013Wroc\u0142aw\u2013Wiede\u0144. Wyb\u00f3r patrona nie jest przypadkowy \u2013 rok 2026 zosta\u0142 ustanowiony Rokiem J\u00f3zefa Maksymiliana Ossoli\u0144skiego.<\/p>\n<p><a href=\"https:\/\/wro-expo.pl\/\" rel=\"nofollow noopener\" target=\"_blank\"><img loading=\"lazy\" decoding=\"async\" class=\"aligncenter size-large wp-image-62442\" src=\"https:\/\/www.europesays.com\/pl\/wp-content\/uploads\/2026\/09\/IMG_6525-1-1080x1080.jpeg\" alt=\"\" width=\"696\" height=\"696\"\/><\/a><br \/>\n\u201eOssoli\u0144ski\u201d na Dworcu G\u0142\u00f3wnym we Wroc\u0142awiu<\/p>\n<p>Uroczyste nadanie imienia odby\u0142o si\u0119 3 wrze\u015bnia 2026 roku na Dworcu G\u0142\u00f3wnym we Wroc\u0142awiu. Nowym patronem poci\u0105gu PKP Intercity zosta\u0142 J\u00f3zef Maksymilian Ossoli\u0144ski \u2013 pisarz, historyk, badacz i za\u0142o\u017cyciel Zak\u0142adu Narodowego im. Ossoli\u0144skich.<\/p>\n<p>Poci\u0105g \u201eOssoli\u0144ski\u201d kursuje na trasie Pozna\u0144\u2013Wroc\u0142aw\u2013Wiede\u0144, symbolicznie \u0142\u0105cz\u0105c miejsca zwi\u0105zane z histori\u0105 i dziedzictwem patrona. Wroc\u0142aw jest obecnie siedzib\u0105 Ossolineum, natomiast z Wiedniem zwi\u0105zana by\u0142a znaczna cz\u0119\u015b\u0107 \u017cycia i dzia\u0142alno\u015bci J\u00f3zefa Maksymiliana Ossoli\u0144skiego.<\/p>\n<p>W uroczysto\u015bci uczestniczyli przedstawiciele PKP, w\u0142adz Wroc\u0142awia, Ossolineum oraz strony austriackiej, m.in. prezes PKP Intercity Janusz Malinowski, wiceprezydent Wroc\u0142awia Grzegorz Roman i dyrektor Zak\u0142adu Narodowego im. Ossoli\u0144skich \u0141ukasz Kami\u0144ski.<\/p>\n<p><img fetchpriority=\"high\" decoding=\"async\" class=\"size-full wp-image-62449\" src=\"https:\/\/www.europesays.com\/pl\/wp-content\/uploads\/2026\/09\/IMG_6529.jpeg\" alt=\"\" width=\"1180\" height=\"785\"  \/>fot. Ossolineum<br \/>\nRok Ossoli\u0144skiego spotyka si\u0119 z Rokiem Polskich Kolei Pa\u0144stwowych<\/p>\n<p>Nadanie poci\u0105gowi imienia ma dodatkowy wymiar symboliczny. Rok 2026 jest zar\u00f3wno Rokiem J\u00f3zefa Maksymiliana Ossoli\u0144skiego, jak i Rokiem Polskich Kolei Pa\u0144stwowych. PKP zosta\u0142y powo\u0142ane 24 wrze\u015bnia 1926 roku.<\/p>\n<p>Jak podkre\u015bli\u0142 podczas uroczysto\u015bci prezes PKP Intercity Janusz Malinowski, obie historie spotka\u0142y si\u0119 na jednym peronie. Od 4 wrze\u015bnia \u201eOssoli\u0144ski\u201d rozpocz\u0105\u0142 podr\u00f3\u017ce mi\u0119dzy Polsk\u0105 a Austri\u0105, prowadz\u0105c z Poznania przez Wroc\u0142aw do Wiednia.<\/p>\n<p><img loading=\"lazy\" decoding=\"async\" class=\"size-large wp-image-62450\" src=\"https:\/\/www.europesays.com\/pl\/wp-content\/uploads\/2026\/09\/IMG_6530-1400x1050.jpeg\" alt=\"\" width=\"696\" height=\"522\"  \/>fot. Ossolineum<br \/>\nPoci\u0105g, kt\u00f3ry \u0142\u0105czy Polsk\u0119 i Austri\u0119<\/p>\n<p>Szczeg\u00f3lne znaczenie ma w\u0142a\u015bnie mi\u0119dzynarodowa trasa nowego po\u0142\u0105czenia. Ossoli\u0144ski urodzi\u0142 si\u0119 w Polsce, ale przez wiele lat mieszka\u0142 i dzia\u0142a\u0142 w Wiedniu. Jego dziedzictwo jest natomiast dzisiaj szczeg\u00f3lnie mocno obecne we Wroc\u0142awiu.<\/p>\n<p>Podczas uroczysto\u015bci zast\u0119pczyni szefa misji w Ambasadzie Republiki Austrii w Polsce Nicole Griesmaier zwr\u00f3ci\u0142a uwag\u0119, \u017ce nadanie imienia Ossoli\u0144skiego po\u0142\u0105czeniu mi\u0119dzy Polsk\u0105 i Wiedniem podkre\u015bla wi\u0119zi \u0142\u0105cz\u0105ce Polsk\u0119 i Austri\u0119.<\/p>\n<p>Symbolik\u0119 podr\u00f3\u017cy podkre\u015bli\u0142 tak\u017ce wiceprezydent Wroc\u0142awia Grzegorz Roman. Zauwa\u017cy\u0142, \u017ce poci\u0105g \u2013 podobnie jak biblioteka tworzona przez Ossoli\u0144skiego \u2013 umo\u017cliwia wymian\u0119 my\u015bli, pogl\u0105d\u00f3w i do\u015bwiadcze\u0144 pomi\u0119dzy lud\u017ami.<\/p>\n<p>Nie tylko za\u0142o\u017cyciel Ossolineum<\/p>\n<p>Nazwa poci\u0105gu ma r\u00f3wnie\u017c zach\u0119ca\u0107 pasa\u017cer\u00f3w do zainteresowania si\u0119 sam\u0105 postaci\u0105 J\u00f3zefa Maksymiliana Ossoli\u0144skiego. Jak zaznaczy\u0142 dyrektor Ossolineum \u0141ukasz Kami\u0144ski, patron po\u0142\u0105czenia jest powszechnie pami\u0119tany przede wszystkim jako za\u0142o\u017cyciel Ossolineum, cho\u0107 jego dzia\u0142alno\u015b\u0107 by\u0142a znacznie szersza.<\/p>\n<p>Ossoli\u0144ski by\u0142 cz\u0142owiekiem kultury, badaczem i naukowcem, kt\u00f3ry wni\u00f3s\u0142 istotny wk\u0142ad w badania nad histori\u0105 Polski i dziejami polskiej literatury. Anga\u017cowa\u0142 si\u0119 r\u00f3wnie\u017c w dzia\u0142alno\u015b\u0107 polityczn\u0105. Kami\u0144ski przypomnia\u0142, \u017ce ju\u017c jesieni\u0105 1793 roku Tadeusz Ko\u015bciuszko poinformowa\u0142 Ossoli\u0144skiego o przygotowaniach do insurekcji, licz\u0105c na jego wsparcie.<\/p>\n<p>Pojawienie si\u0119 nazwiska Ossoli\u0144skiego na kolei mo\u017ce wi\u0119c pe\u0142ni\u0107 tak\u017ce funkcj\u0119 edukacyjn\u0105 \u2013 zwraca\u0107 uwag\u0119 podr\u00f3\u017cnych na posta\u0107 patrona i zach\u0119ca\u0107 do poznawania jego \u017cyciorysu oraz dorobku.<\/p>\n<p>Pomys\u0142 narodzi\u0142 si\u0119 w Wiedniu<\/p>\n<p>Inicjatywa nazwania poci\u0105gu PKP Intercity imieniem J\u00f3zefa Maksymiliana Ossoli\u0144skiego wysz\u0142a od S\u0142awomira Iwanowskiego i Krzysztofa Korbiela, redaktor\u00f3w czasopisma \u201ePolonika\u201d, skupiaj\u0105cego \u015brodowisko Polonii austriackiej.<\/p>\n<p>Jak m\u00f3wi\u0142 \u0141ukasz Kami\u0144ski, pomys\u0142 narodzi\u0142 si\u0119 w Wiedniu podczas rozm\u00f3w przedstawicieli redakcji z ambasadorem RP Zenonem Kosiniakiem-Kamyszem. Ostatecznie przedsi\u0119wzi\u0119cie uda\u0142o si\u0119 zrealizowa\u0107 w\u0142a\u015bnie w szczeg\u00f3lnym, jubileuszowym 2026 roku.<\/p>\n<p>\u201eOssoli\u0144ski\u201d b\u0119dzie przypomina\u0142 o historii<\/p>\n<p>Poci\u0105g nosz\u0105cy imi\u0119 za\u0142o\u017cyciela Ossolineum ma wymiar znacznie szerszy ni\u017c samo upami\u0119tnienie historycznej postaci. \u0141\u0105czy Pozna\u0144, Wroc\u0142aw i Wiede\u0144, a jednocze\u015bnie przypomina o wsp\u00f3lnej historii, kulturze oraz relacjach polsko-austriackich.<\/p>\n<p>Dla Wroc\u0142awia ma to znaczenie szczeg\u00f3lne. To w\u0142a\u015bnie tutaj znajduje si\u0119 dzi\u015b Ossolineum \u2013 jedna z najwa\u017cniejszych polskich instytucji kultury, kt\u00f3rej pocz\u0105tki si\u0119gaj\u0105 dzia\u0142alno\u015bci J\u00f3zefa Maksymiliana Ossoli\u0144skiego.<\/p>\n<p>Od teraz jego nazwisko b\u0119dzie mo\u017cna spotka\u0107 r\u00f3wnie\u017c na kolejowych tablicach i rozk\u0142adach jazdy. A ka\u017cdy przejazd \u201eOssoli\u0144skiego\u201d przez Wroc\u0142aw mo\u017ce by\u0107 kolejn\u0105 okazj\u0105, by przypomnie\u0107 pasa\u017cerom, kim by\u0142 cz\u0142owiek, kt\u00f3rego imi\u0119 nosi poci\u0105g.<\/p>\n<p>Wasze komentarze<\/p>\n<p> Komentarze<\/p>\n<p>Sponsorowane<\/p>\n","protected":false},"excerpt":{"rendered":"Na wroc\u0142awskim Dworcu G\u0142\u00f3wnym odby\u0142a si\u0119 uroczysto\u015b\u0107 nadania poci\u0105gowi PKP Intercity imienia J\u00f3zefa Maksymiliana Ossoli\u0144skiego. \u201eOssoli\u0144ski\u201d kursuje na&hellip;\n","protected":false},"author":2,"featured_media":669169,"comment_status":"","ping_status":"","sticky":false,"template":"","format":"standard","meta":{"footnotes":"","_share_on_mastodon":"0"},"categories":[51607],"tags":[42,38,40,39,41,1853],"class_list":["post-669168","post","type-post","status-publish","format-standard","has-post-thumbnail","category-wroclaw","tag-pl","tag-poland","tag-polish","tag-polska","tag-polski","tag-wroclaw"],"share_on_mastodon":{"url":"https:\/\/pubeurope.com\/@pl\/117218540705277646","error":""},"_links":{"self":[{"href":"https:\/\/www.europesays.com\/pl\/wp-json\/wp\/v2\/posts\/669168","targetHints":{"allow":["GET"]}}],"collection":[{"href":"https:\/\/www.europesays.com\/pl\/wp-json\/wp\/v2\/posts"}],"about":[{"href":"https:\/\/www.europesays.com\/pl\/wp-json\/wp\/v2\/types\/post"}],"author":[{"embeddable":true,"href":"https:\/\/www.europesays.com\/pl\/wp-json\/wp\/v2\/users\/2"}],"replies":[{"embeddable":true,"href":"https:\/\/www.europesays.com\/pl\/wp-json\/wp\/v2\/comments?post=669168"}],"version-history":[{"count":0,"href":"https:\/\/www.europesays.com\/pl\/wp-json\/wp\/v2\/posts\/669168\/revisions"}],"wp:featuredmedia":[{"embeddable":true,"href":"https:\/\/www.europesays.com\/pl\/wp-json\/wp\/v2\/media\/669169"}],"wp:attachment":[{"href":"https:\/\/www.europesays.com\/pl\/wp-json\/wp\/v2\/media?parent=669168"}],"wp:term":[{"taxonomy":"category","embeddable":true,"href":"https:\/\/www.europesays.com\/pl\/wp-json\/wp\/v2\/categories?post=669168"},{"taxonomy":"post_tag","embeddable":true,"href":"https:\/\/www.europesays.com\/pl\/wp-json\/wp\/v2\/tags?post=669168"}],"curies":[{"name":"wp","href":"https:\/\/api.w.org\/{rel}","templated":true}]}}