{"id":669212,"date":"2026-09-05T13:21:11","date_gmt":"2026-09-05T13:21:11","guid":{"rendered":"https:\/\/www.europesays.com\/pl\/669212\/"},"modified":"2026-09-05T13:21:11","modified_gmt":"2026-09-05T13:21:11","slug":"bili-go-po-glowie-az-stracil-przytomnosc-brutalna-napasc-na-17-latka-we-wroclawiu","status":"publish","type":"post","link":"https:\/\/www.europesays.com\/pl\/669212\/","title":{"rendered":"Bili go po g\u0142owie a\u017c straci\u0142 przytomno\u015b\u0107. Brutalna napa\u015b\u0107 na 17-latka we Wroc\u0142awiu"},"content":{"rendered":"<p>By\u0142 1 wrze\u015bnia. To mia\u0142o by\u0107 spokojne rozpocz\u0119cie roku szkolnego, ale zaraz po nim rozegra\u0142 si\u0119 dramat. Po po\u0142udniu kilkoro uczni\u00f3w wraca\u0142o z towarzyskiego spotkania na Wyspie S\u0142odowej. Nagle ch\u0142opcy zostali zaczepieni i napadni\u0119ci przez kilkunastoosobow\u0105 grup\u0119 chuligan\u00f3w w wieku 16-18 lat.<\/p>\n<p><a href=\"https:\/\/www.fakt.pl\/wydarzenia\/polska\/wroclaw\/to-one-zginely-na-torach-w-olesnicy-najgorszy-byl-widok-rozowego-sandalka\/j1fq5dv\" id=\"ce39e9df-853d-4f78-a1e8-378ec2e586f5\" rel=\"nofollow noopener\" target=\"_blank\">&#8222;Najgorszy by\u0142 widok r\u00f3\u017cowego sanda\u0142ka&#8221;. To one zgin\u0119\u0142y na torach w Ole\u015bnicy<\/a><a href=\"https:\/\/www.fakt.pl\/\" title=\"Strona G\u0142\u00f3wna\" aria-label=\"Strona G\u0142\u00f3wna\" data-astro-prefetch=\"tap\" class=\"ods-a-logo-main-desktop\" rel=\"nofollow noopener\" target=\"_blank\"><img src=\"https:\/\/cdn.fakt.pl\/img\/Logo_desktop_Fakt.svg\" class=\"ods-a-logo-main-desktop__image\" alt=\"Logo\" width=\"107\" height=\"86\" fetchpriority=\"high\" decoding=\"sync\" style=\"height:86px\"\/><\/a><\/p>\n<p class=\"ods-m-google-article__text\">Czytaj nas cz\u0119\u015bciej w Google<\/p>\n<p><a href=\"https:\/\/google.com\/preferences\/source?q=fakt.pl\" target=\"_blank\" rel=\"noopener noreferrer nofollow\" aria-label=\"Dodaj w Google\" title=\"Dodaj w Google\" class=\"ods-a-button ods-a-button__primary ods-a-button__default ods-a-button-l\">Dodaj w Google<\/a>Dalszy ci\u0105g artyku\u0142u pod materia\u0142em wideoBili go po g\u0142owie, a\u017c straci\u0142 przytomno\u015b\u0107. Brutalna napa\u015b\u0107 na 17-latka we Wroc\u0142awiu<\/p>\n<p>Ich atak skupi\u0142 si\u0119 na jednym uczniu. Ch\u0142opak by\u0142 bity i kopany po g\u0142owie tak, \u017ce straci\u0142 przytomno\u015b\u0107. 17-latek trafi\u0142 do szpitala. Ma powa\u017cne obra\u017cenia g\u0142owy, dozna\u0142 m.in. wstrz\u0105\u015bnienia m\u00f3zgu.<\/p>\n<p><a href=\"https:\/\/www.fakt.pl\/wydarzenia\/polska\/trojmiasto\/tragedia-mlodych-ludzi-pod-kwidzynem-jechali-bmw-na-miejscu-zginela-22-latka\/03zqtx9\" id=\"7ecb55f6-fd4f-45d0-91ff-8d6f5204d29d\" rel=\"nofollow noopener\" target=\"_blank\">Tragedia m\u0142odych ludzi pod Kwidzynem. Jechali BMW. Na miejscu zgin\u0119\u0142a 22-latka<\/a><\/p>\n<p class=\"ods-o-quote__paragraph\">Sprawcami mia\u0142a by\u0107 grupa od kilku do kilkunastu m\u0142odych os\u00f3b. Kryminalni pracuj\u0105 nad ustaleniem ich to\u017csamo\u015bci. Na ten moment trudno jednoznacznie okre\u015bli\u0107 motyw zdarzenia. Policjanci nie zd\u0105\u017cyli jeszcze przes\u0142ucha\u0107 poszkodowanego. Nastolatek w dalszym ci\u0105gu jest w szpitalu<\/p>\n<p>\u2014 przekaza\u0142a &#8222;Gazecie Wroc\u0142awskiej&#8221; podkom. Aleksandra Freus, rzeczniczka wroc\u0142awskiej policji.<\/p>\n<p>Gwarantuj\u0105 anonimowo\u015b\u0107. Policja szuka \u015bwiadk\u00f3w napadu na 17-latka we Wroc\u0142awiu<\/p>\n<p>Policjanci apeluj\u0105 do \u015bwiadk\u00f3w zdarzenia lub os\u00f3b, kt\u00f3re maj\u0105 jakiekolwiek informacje w tej sprawie. Licz\u0105, \u017ce kto\u015b to nagra\u0142. Gwarantuj\u0105 anonimowo\u015b\u0107. Spraw\u0119 prowadz\u0105 funkcjonariusze z Komisariatu Policji Wroc\u0142aw-O\u0142bin przy ul. Rydygiera 46. Mo\u017cna dzwoni\u0107 pod nast\u0119puj\u0105ce numery telefon\u00f3w: 47 87 143 06 lub 47 87 121 21.<\/p>\n<p><a href=\"https:\/\/www.fakt.pl\/wydarzenia\/polska\/wroclaw\/atak-nozownika-w-kamiennej-gorze-wiemy-kim-jest-zaatakowany-15-latek\/xc2vsej\" id=\"4da74050-35e6-476f-b063-91d06599899b\" rel=\"nofollow noopener\" target=\"_blank\">Kamienna G\u00f3ra modli si\u0119 o zdrowie zranionego no\u017cem Kacpra. Pi\u0119kny gest dla 15-latka<\/a><\/p>\n<p>(\u0179r\u00f3d\u0142o: Gazeta Wroc\u0142awska)<\/p>\n","protected":false},"excerpt":{"rendered":"By\u0142 1 wrze\u015bnia. To mia\u0142o by\u0107 spokojne rozpocz\u0119cie roku szkolnego, ale zaraz po nim rozegra\u0142 si\u0119 dramat. Po&hellip;\n","protected":false},"author":2,"featured_media":669213,"comment_status":"","ping_status":"","sticky":false,"template":"","format":"standard","meta":{"footnotes":"","_share_on_mastodon":"0"},"categories":[51607],"tags":[744,61195,16249,4857,46,100096,42,38,40,39,41,128387,47,129808,1853,1092],"class_list":["post-669212","post","type-post","status-publish","format-standard","has-post-thumbnail","category-wroclaw","tag-atak","tag-bottomfeed_styl","tag-napad","tag-nastolatek","tag-omp","tag-omp_tst1","tag-pl","tag-poland","tag-polish","tag-polska","tag-polski","tag-rok_szkolny","tag-screening_general","tag-topbar_tst2","tag-wroclaw","tag-wydarzenia"],"share_on_mastodon":{"url":"https:\/\/pubeurope.com\/@pl\/117218645433155058","error":""},"_links":{"self":[{"href":"https:\/\/www.europesays.com\/pl\/wp-json\/wp\/v2\/posts\/669212","targetHints":{"allow":["GET"]}}],"collection":[{"href":"https:\/\/www.europesays.com\/pl\/wp-json\/wp\/v2\/posts"}],"about":[{"href":"https:\/\/www.europesays.com\/pl\/wp-json\/wp\/v2\/types\/post"}],"author":[{"embeddable":true,"href":"https:\/\/www.europesays.com\/pl\/wp-json\/wp\/v2\/users\/2"}],"replies":[{"embeddable":true,"href":"https:\/\/www.europesays.com\/pl\/wp-json\/wp\/v2\/comments?post=669212"}],"version-history":[{"count":0,"href":"https:\/\/www.europesays.com\/pl\/wp-json\/wp\/v2\/posts\/669212\/revisions"}],"wp:featuredmedia":[{"embeddable":true,"href":"https:\/\/www.europesays.com\/pl\/wp-json\/wp\/v2\/media\/669213"}],"wp:attachment":[{"href":"https:\/\/www.europesays.com\/pl\/wp-json\/wp\/v2\/media?parent=669212"}],"wp:term":[{"taxonomy":"category","embeddable":true,"href":"https:\/\/www.europesays.com\/pl\/wp-json\/wp\/v2\/categories?post=669212"},{"taxonomy":"post_tag","embeddable":true,"href":"https:\/\/www.europesays.com\/pl\/wp-json\/wp\/v2\/tags?post=669212"}],"curies":[{"name":"wp","href":"https:\/\/api.w.org\/{rel}","templated":true}]}}