{"id":669214,"date":"2026-09-05T13:22:14","date_gmt":"2026-09-05T13:22:14","guid":{"rendered":"https:\/\/www.europesays.com\/pl\/669214\/"},"modified":"2026-09-05T13:22:14","modified_gmt":"2026-09-05T13:22:14","slug":"lider-sie-nie-zatrzymuje-chelmianka-chelm-nie-dala-szans-rezerwom-wisly-krakow","status":"publish","type":"post","link":"https:\/\/www.europesays.com\/pl\/669214\/","title":{"rendered":"Lider si\u0119 nie zatrzymuje! Che\u0142mianka Che\u0142m nie da\u0142a szans rezerwom Wis\u0142y Krak\u00f3w"},"content":{"rendered":"<p>\t\t\t\t        <img loading=\"lazy\" decoding=\"async\" src=\"https:\/\/www.europesays.com\/pl\/wp-content\/uploads\/2026\/09\/chelmianka-chelm_1000_108524.jpg\" alt=\"fot. Che\u0142mianka Che\u0142m\/Facebook.\" width=\"900\" height=\"600\"\/><\/p>\n<p>fot. Che\u0142mianka Che\u0142m\/Facebook.<\/p>\n<p>\t\t\t\t<a href=\"https:\/\/www.podkarpacielive.pl\/statystyki\/696,chelmianka-chelm\" rel=\"nofollow noopener\" target=\"_blank\">Che\u0142mianka Che\u0142m<\/a> kontynuuje zwyci\u0119sk\u0105 pass\u0119. &#8222;Bia\u0142o-Zieloni&#8221; pokonali na wyje\u017adzie w 7. kolejce 3. Ligi gr. IV Wis\u0142\u0119 II Krak\u00f3w 2-0 po trafieniach Krystiana Okoniewskiego i Piotra Cichockiego.\u00a0&#13;<\/p>\n<p>\u00a0<\/p>\n<p>&#13;<\/p>\n<p>Go\u015bcie mogli otworzy\u0107 wynik ju\u017c w 3. minucie. Nieporozumienie pomi\u0119dzy bramkarzem a jednym z obro\u0144c\u00f3w wykorzysta\u0142 Pawe\u0142 Tomczyk, kt\u00f3ry dopad\u0142 do bezpa\u0144skiej pi\u0142ki, jego uderzenie z ostrego k\u0105ta min\u0119\u0142o jednak bramk\u0119. Niespe\u0142na 120 sekund p\u00f3\u017aniej gracz Che\u0142mianki star\u0142 si\u0119 w polu karnym z Arkadiuszem Ziark\u0105, ale s\u0119dzia nie dopatrzy\u0142 si\u0119 przekroczenia przepis\u00f3w.<\/p>\n<p>&#13;<\/p>\n<p>\u00a0<\/p>\n<p>&#13;<\/p>\n<p>Po chwili na strza\u0142 zdecydowa\u0142 si\u0119\u00a0Wiktor Szywacz, lecz zabrak\u0142o mu precyzji i gr\u0119 wznowili rywale. W 11. minucie pokaza\u0142 si\u0119 Dawid Szczepaniak, gracz Wis\u0142y przymierzy\u0142 zza pola karnego i trafi\u0142 w g\u00f3rn\u0105 siatk\u0119. Przed zako\u0144czeniem pierwszego kwadransa bliski szcz\u0119\u015bcia by\u0142 Tomczyk, kt\u00f3ry min\u0105\u0142 si\u0119 z pi\u0142k\u0105 tu\u017c przed bramk\u0105 gospodarzy.<\/p>\n<p>&#13;<\/p>\n<p>\u00a0<\/p>\n<p>&#13;<\/p>\n<p>Riposta podopiecznych\u00a0Karola N\u0119dzy przysz\u0142a b\u0142yskawicznie. Celny strza\u0142 zanotowa\u0142 Szywacz, problem\u00f3w z interwencj\u0105 nie mia\u0142 Adam Wilk.\u00a0<\/p>\n<p>&#13;<\/p>\n<p>\u00a0<\/p>\n<p>&#13;<\/p>\n<p>W 23. minucie przed \u015bwietn\u0105 okazj\u0105 stan\u0119li przyjezdni. Tomczyk obr\u00f3ci\u0142 si\u0119 z obro\u0144c\u0105 na plecach i z kilku metr\u00f3w trafi\u0142 w poprzeczk\u0119. Nast\u0119pnie pr\u00f3ba Kacpra Kucharczyka okaza\u0142a si\u0119 zbyt wysoka.<\/p>\n<p>&#13;<br \/>\nKuriozalny gol Krystiana Okoniewskiego&#13;<\/p>\n<p>W 25. minucie Che\u0142mianka obj\u0119\u0142a prowadzenie. Jakub Kowalski trafi\u0142 w Krystiana Okoniewskiego przy wybiciu pi\u0142ki, po czym ta wpad\u0142a do bramki Krakowian.<\/p>\n<p>&#13;<\/p>\n<p>\u00a0<\/p>\n<p>&#13;<\/p>\n<p>Miejscowi przeprowadzil kolejn\u0105 akcj\u0119 po p\u00f3\u0142 godzinie rywalizacji. Uderzenie Oliwiera P\u0142awi\u0144skiego pewnie z\u0142apa\u0142 Wilk. Do ko\u0144ca pierwszej ods\u0142ony lepsze wra\u017cenie sprawiali gospodarze, kt\u00f3rzy nie zdo\u0142ali jednak sforsowa\u0107 defensywy przeciwnik\u00f3w. Do przerwy lepsza o jedno trafienie by\u0142a dru\u017cyna Ireneusza Pietrzykowskiego.<\/p>\n<p>&#13;<\/p>\n<p>\u00a0<\/p>\n<p>&#13;<\/p>\n<p>Po zmianie stron Krakowianie mogli doprowadzi\u0107 do remisu. W &#8222;szesnastce&#8221; go\u015bci znalaz\u0142 si\u0119 Patryk Ma\u0142ecki, ale ofiarna interwencja Makysmiliana Cichockiego zapobieg\u0142a utracie bramki. Chelmianie odgry\u017ali si\u0119 strza\u0142em Piotra Cichockiego, kt\u00f3ry w niez\u0142ym stylu wybroni\u0142 Kowalski.\u00a0<\/p>\n<p>&#13;<br \/>\nGolazo Piotra Cichockiego&#13;<\/p>\n<p>W 67. minucie pi\u0142karze z Che\u0142ma podwy\u017cszyli prowadzenie. \u015awietnym strza\u0142em z naro\u017cnika pola karnego popisa\u0142 si\u0119 Piotr Cichocki i golkiper Wis\u0142y m\u00f3g\u0142 tylko bezradnie patrze\u0107 jak pi\u0142ka wpada do jego bramki.\u00a0<\/p>\n<p>&#13;<\/p>\n<p>\u00a0<\/p>\n<p>&#13;<\/p>\n<p>Od tego momentu temperatura rywalizacji wyra\u017anie spad\u0142a. Gospodarze byli cz\u0119\u015bciej przy pi\u0142ce, ale nie byli w stanie zagrozi\u0107 Wilkowi. Przyjezdni grali uwa\u017cnie do ostatniego gwizdka s\u0119dziego i w ostatniej minucie mogli powi\u0119kszy\u0107 rozmiary zwyci\u0119stwa &#8211; sytuacji sam na sam nie wykorzysta\u0142\u00a0Danny Babor. Nie zmieni\u0142o to jednak og\u00f3lnego wra\u017cenia, \u017ce Che\u0142mianka zas\u0142u\u017cenie si\u0119gn\u0119\u0142a po komplet punkt\u00f3w.\u00a0<\/p>\n<p>&#13;<\/p>\n<p>\u00a0<\/p>\n<p>&#13;<\/p>\n<p>Stopka meczowa #150832 (strzelcy)<\/p>\n<p>&#13;<\/p>\n<p>\u00a0<\/p>\n<p>&#13;<\/p>\n<p>Wis\u0142a II Krak\u00f3w:\u00a0Jakub Kowalski &#8211; Dawid Szczepaniak, Rados\u0142aw Ska\u0142a, Maksym Tsymbaliuk, Arkadiusz Ziarko &#8211; Dawid Gap, Eryk Daczewski, Wiktor Szywacz, Patryk Ma\u0142ecki, Oliwier P\u0142awi\u0144ski &#8211; Adrian Rodado oraz\u00a0Oumar Cont\u00e9, Piotr Starzy\u0144ski, Karol Dziedzic, Antoni W\u00f3jcik, Oliwier Sukiennicki.\u00a0<\/p>\n<p>&#13;<\/p>\n<p>Che\u0142mianka Che\u0142m:\u00a0Adam Wilk &#8211; Piotr Cichocki, Maksymilian Cichocki, Pawe\u0142 Koncewicz-\u017by\u0142ka, Jakub Kuzdra, Hubert Krawczun, Maksymilian Banaszewski, Kacper Kucharczyk, Maciej Jab\u0142o\u0144ski, Krystian Okoniewski, Pawe\u0142 Tomczyk oraz\u00a0Erwin Bahonko,\u00a0Rados\u0142aw W\u00f3jcicki, Szymon Maszkowski, Kacper Wiatrak, Danny Babor.<\/p>\n<p>&#13;<\/p>\n<p>\u00a0<\/p>\n<p>&#13;<\/p>\n<p>III liga, gr. IV &#8211; 7. kolejka:<\/p>\n<p>Lista mecz\u00f3w<\/p>\n<p>III liga, gr. IV &#8211; tabela:<\/p>\n<p>Tabela ligowa<\/p>\n<p>\u00a0<\/p>\n<p>\u00a0<\/p>\n<p>\u00a0<\/p>\n","protected":false},"excerpt":{"rendered":"fot. Che\u0142mianka Che\u0142m\/Facebook. Che\u0142mianka Che\u0142m kontynuuje zwyci\u0119sk\u0105 pass\u0119. &#8222;Bia\u0142o-Zieloni&#8221; pokonali na wyje\u017adzie w 7. kolejce 3. Ligi gr.&hellip;\n","protected":false},"author":2,"featured_media":669215,"comment_status":"","ping_status":"","sticky":false,"template":"","format":"standard","meta":{"footnotes":"","_share_on_mastodon":"0"},"categories":[51606],"tags":[51458,70056,70057,70055,70060,2449,1304,30321,269,42,8135,70059,38,40,39,41,57780,1838,131,127,70061,6743,14763,63331,57619,26654,24505,70058,174],"class_list":["post-669214","post","type-post","status-publish","format-standard","has-post-thumbnail","category-krakow","tag-2-liga","tag-3-liga-grupa-iv","tag-4-liga-podkarpacka","tag-asseco-resovia","tag-developres-rzeszow","tag-koszykowka","tag-krakow","tag-miasto-szkla-krosno","tag-pilka-nozna","tag-pl","tag-podkarpacie","tag-podkarpacki-sport","tag-poland","tag-polish","tag-polska","tag-polski","tag-relacje-live","tag-siarka-tarnobrzeg","tag-siatkowka","tag-sport","tag-spr-stal-mielec","tag-stal-mielec","tag-stal-rzeszow","tag-transmisje-na-zywo","tag-wilki-krosno","tag-wisloka-debica","tag-wyniki-na-zywo","tag-wyniki-pilka-podkarpacie","tag-zuzel"],"share_on_mastodon":{"url":"https:\/\/pubeurope.com\/@pl\/117218649372454281","error":""},"_links":{"self":[{"href":"https:\/\/www.europesays.com\/pl\/wp-json\/wp\/v2\/posts\/669214","targetHints":{"allow":["GET"]}}],"collection":[{"href":"https:\/\/www.europesays.com\/pl\/wp-json\/wp\/v2\/posts"}],"about":[{"href":"https:\/\/www.europesays.com\/pl\/wp-json\/wp\/v2\/types\/post"}],"author":[{"embeddable":true,"href":"https:\/\/www.europesays.com\/pl\/wp-json\/wp\/v2\/users\/2"}],"replies":[{"embeddable":true,"href":"https:\/\/www.europesays.com\/pl\/wp-json\/wp\/v2\/comments?post=669214"}],"version-history":[{"count":0,"href":"https:\/\/www.europesays.com\/pl\/wp-json\/wp\/v2\/posts\/669214\/revisions"}],"wp:featuredmedia":[{"embeddable":true,"href":"https:\/\/www.europesays.com\/pl\/wp-json\/wp\/v2\/media\/669215"}],"wp:attachment":[{"href":"https:\/\/www.europesays.com\/pl\/wp-json\/wp\/v2\/media?parent=669214"}],"wp:term":[{"taxonomy":"category","embeddable":true,"href":"https:\/\/www.europesays.com\/pl\/wp-json\/wp\/v2\/categories?post=669214"},{"taxonomy":"post_tag","embeddable":true,"href":"https:\/\/www.europesays.com\/pl\/wp-json\/wp\/v2\/tags?post=669214"}],"curies":[{"name":"wp","href":"https:\/\/api.w.org\/{rel}","templated":true}]}}