{"id":669224,"date":"2026-09-05T13:27:15","date_gmt":"2026-09-05T13:27:15","guid":{"rendered":"https:\/\/www.europesays.com\/pl\/669224\/"},"modified":"2026-09-05T13:27:15","modified_gmt":"2026-09-05T13:27:15","slug":"awantura-po-awansie-polakow-do-polfinalu-ms-wkroczyla-policja","status":"publish","type":"post","link":"https:\/\/www.europesays.com\/pl\/669224\/","title":{"rendered":"Awantura po awansie Polak\u00f3w do p\u00f3\u0142fina\u0142u M\u015a. Wkroczy\u0142a policja"},"content":{"rendered":"\n<p class=\"contentpart contentpart--default contentpart--text\" data-position=\"0\"><a href=\"https:\/\/sportowefakty.wp.pl\/pilka-nozna\/reprezentacja-polski-w-pilce-szescioosobowej\" rel=\"nofollow noopener\" target=\"_blank\">Reprezentacja Polski w pi\u0142ce sze\u015bcioosobowej<\/a>\u00a0(socca) podczas mistrzostw \u015bwiata w Essen zameldowa\u0142a si\u0119 w p\u00f3\u0142finale. W sobot\u0119 Bia\u0142o-Czerwoni odwr\u00f3cili losy rywalizacji z Kazachstanem po s\u0142abej pierwszej po\u0142owie. W drugiej cz\u0119\u015bci zawodnicy Klaudiusza Hirscha strzelili trzy bramki, odnosz\u0105c zwyci\u0119stwo 3:2 i melduj\u0105c si\u0119 w gronie czterech najlepszych dru\u017cyn globu.<\/p>\n<p class=\"contentpart contentpart--default contentpart--text\" data-position=\"1\">Po ko\u0144cowym gwizdku s\u0119dziego Polacy nie kryli ogromnej rado\u015bci. Do obecnych na boisku zawodnik\u00f3w do\u0142\u0105czyli koledzy z \u0142awki oraz sztab szkoleniowy. Zupe\u0142nie inne nastroje panowa\u0142y w szeregach rywali.<\/p>\n<p>  <img decoding=\"async\" src=\"https:\/\/v.wpimg.pl\/X3dwLnN2d1IFFTpdYUl6R0ZNbgcnEHQREVV2TGEGbUtRT2MdOlZ2RBQUKABgQjQcDRotCStBd1IAAWMeIlM7VgwYIAorQAdEFFk_GCkQJQ\" alt=\"\" width=\"45\" height=\"58\" loading=\"lazy\"\/>  <\/p>\n<p class=\"contentpart contentpart--default contentpart--text\" data-position=\"2\">Ogromne emocje sprawi\u0142y, \u017ce dosz\u0142o do przepychanek mi\u0119dzy pi\u0142karzami obu dru\u017cyn. Jedni wymieniali mi\u0119dzy sob\u0105 &#8222;uprzejmo\u015bci&#8221;, a inni starali si\u0119 ich rozdzieli\u0107. Przez pewien czas nie przynosi\u0142o to jednak efektu.<\/p>\n<p class=\"contentpart contentpart--default contentpart--text\" data-position=\"4\">Na boisku pojawi\u0142y si\u0119 nawet niemieckie policjantki, ale ich interwencja nie by\u0142a potrzebna. Pi\u0142karze sami opanowali sytuacj\u0119 i obie dru\u017cyny si\u0119 rozdzieli\u0142y.<\/p>\n<p class=\"contentpart contentpart--default contentpart--text\" data-position=\"5\">Polacy mogli tym samym kontynuowa\u0107 rado\u015b\u0107 z awansu do p\u00f3\u0142fina\u0142u mistrzostw \u015bwiata. W nim zmierz\u0105 si\u0119 z Niemcami, a mecz ten odb\u0119dzie si\u0119 w sobot\u0119 o godzinie 19:00.<\/p>\n<p class=\"contentpart contentpart--default contentpart--text\" data-position=\"6\">Bia\u0142o-Czerwoni broni\u0105 tytu\u0142u mistrz\u00f3w \u015bwiata w socca, kt\u00f3ry wywalczyli rok temu w Meksyku. Podczas trwaj\u0105cego czempionatu odnie\u015bli ju\u017c pi\u0119\u0107 zwyci\u0119stw. W fazie grupowej pokonali\u00a0Kosowo (5:0), Maroko (5:2) i Chile (7:3). W 1\/8 fina\u0142u nasza reprezentacja wygra\u0142a z kolei 3:1 z Syri\u0105.<\/p>\n","protected":false},"excerpt":{"rendered":"Reprezentacja Polski w pi\u0142ce sze\u015bcioosobowej\u00a0(socca) podczas mistrzostw \u015bwiata w Essen zameldowa\u0142a si\u0119 w p\u00f3\u0142finale. W sobot\u0119 Bia\u0142o-Czerwoni odwr\u00f3cili&hellip;\n","protected":false},"author":2,"featured_media":669225,"comment_status":"","ping_status":"","sticky":false,"template":"","format":"standard","meta":{"footnotes":"","_share_on_mastodon":"0"},"categories":[24],"tags":[2274,269,278,42,38,40,39,41,83286,127,268,126],"class_list":["post-669224","post","type-post","status-publish","format-standard","has-post-thumbnail","category-sport","tag-kazachstan","tag-pilka-nozna","tag-pilka-w-europie","tag-pl","tag-poland","tag-polish","tag-polska","tag-polski","tag-reprezentacja-polski-w-pilce-szescioosobowej","tag-sport","tag-sportowybar","tag-sports"],"share_on_mastodon":{"url":"https:\/\/pubeurope.com\/@pl\/117218670121102125","error":""},"_links":{"self":[{"href":"https:\/\/www.europesays.com\/pl\/wp-json\/wp\/v2\/posts\/669224","targetHints":{"allow":["GET"]}}],"collection":[{"href":"https:\/\/www.europesays.com\/pl\/wp-json\/wp\/v2\/posts"}],"about":[{"href":"https:\/\/www.europesays.com\/pl\/wp-json\/wp\/v2\/types\/post"}],"author":[{"embeddable":true,"href":"https:\/\/www.europesays.com\/pl\/wp-json\/wp\/v2\/users\/2"}],"replies":[{"embeddable":true,"href":"https:\/\/www.europesays.com\/pl\/wp-json\/wp\/v2\/comments?post=669224"}],"version-history":[{"count":0,"href":"https:\/\/www.europesays.com\/pl\/wp-json\/wp\/v2\/posts\/669224\/revisions"}],"wp:featuredmedia":[{"embeddable":true,"href":"https:\/\/www.europesays.com\/pl\/wp-json\/wp\/v2\/media\/669225"}],"wp:attachment":[{"href":"https:\/\/www.europesays.com\/pl\/wp-json\/wp\/v2\/media?parent=669224"}],"wp:term":[{"taxonomy":"category","embeddable":true,"href":"https:\/\/www.europesays.com\/pl\/wp-json\/wp\/v2\/categories?post=669224"},{"taxonomy":"post_tag","embeddable":true,"href":"https:\/\/www.europesays.com\/pl\/wp-json\/wp\/v2\/tags?post=669224"}],"curies":[{"name":"wp","href":"https:\/\/api.w.org\/{rel}","templated":true}]}}