{"id":669228,"date":"2026-09-05T13:30:13","date_gmt":"2026-09-05T13:30:13","guid":{"rendered":"https:\/\/www.europesays.com\/pl\/669228\/"},"modified":"2026-09-05T13:30:13","modified_gmt":"2026-09-05T13:30:13","slug":"kilkadziesiat-tys-zl-do-odzyskania-z-zus-malo-kto-jednak-korzysta","status":"publish","type":"post","link":"https:\/\/www.europesays.com\/pl\/669228\/","title":{"rendered":"Kilkadziesi\u0105t tys. z\u0142 do odzyskania z ZUS. Ma\u0142o kto jednak korzysta"},"content":{"rendered":"<p>Cz\u0119\u015b\u0107 sk\u0142adek ZUS po zmar\u0142ym ubezpieczonym mo\u017cna odzyska\u0107 w ramach dziedziczenia. Dotyczy to \u015brodk\u00f3w, kt\u00f3re znalaz\u0142y si\u0119 na tzw. subkoncie ZUS. Jednak ostatnie lata pokazuj\u0105, \u017ce tylko ok. 20 proc. uprawnionych sk\u0142ada stosowny wniosek. \u015arednia kwota do odzyskania wynosi oko\u0142o 29 tys. z\u0142.<\/p>\n<p>    <img decoding=\"async\" src=\"https:\/\/www.europesays.com\/pl\/wp-content\/uploads\/2026\/09\/MTJmMzViYjUrDztJeRJvIGhXbxM_S2F2P093WHlYf2R6FXtNY0YrPSYIPx8mBmMzOBg9GyEZYyQmQiwKP0Y7ZWUJJAkmBSwtZQgg.jpeg\" width=\"1200\" height=\"675\" loading=\"eager\" fetchpriority=\"high\" class=\"wp-media-image\" alt=\"ZUS oddaje pieni\u0105dze\"\/>ZUS oddaje pieni\u0105dze<\/p>\n<p>\u0179r\u00f3d\u0142o zdj\u0119\u0107: \u00a9 Adobe Stock<\/p>\n<p>  <img loading=\"lazy\" decoding=\"async\" src=\"https:\/\/www.europesays.com\/pl\/wp-content\/uploads\/2026\/09\/1788615013_234_MWI4NDZhYjYoVjh3dRNvI2sObC0zSmF1PBZ0ZnVcfS99BGEiMwQoJSxEIWo9GjgnKEM-aioEYjY5XWEya0cpPjpEIiUjRyg6K1Eq.jpeg\"  alt=\"Bart\u0142omiej Chudy\" height=\"40\" width=\"40\" class=\"rounded-full select-none text-[--color-gray-700] bg-[--bg-content] wp-author-avatar\"\/>Skomentuj S\u0142uchaj  Udost\u0119pnij na Facebooku    Udost\u0119pnij na X   Udost\u0119pnij na WhatsApp   Kopiuj link <\/p>\n<p>D\u017awi\u0119k zosta\u0142 wygenerowany automatycznie i mo\u017ce zawiera\u0107 b\u0142\u0119dy<\/p>\n","protected":false},"excerpt":{"rendered":"Cz\u0119\u015b\u0107 sk\u0142adek ZUS po zmar\u0142ym ubezpieczonym mo\u017cna odzyska\u0107 w ramach dziedziczenia. Dotyczy to \u015brodk\u00f3w, kt\u00f3re znalaz\u0142y si\u0119 na&hellip;\n","protected":false},"author":2,"featured_media":669229,"comment_status":"","ping_status":"","sticky":false,"template":"","format":"standard","meta":{"footnotes":"","_share_on_mastodon":"0"},"categories":[16],"tags":[113,112,42,38,40,39,41],"class_list":["post-669228","post","type-post","status-publish","format-standard","has-post-thumbnail","category-biznes","tag-biznes","tag-business","tag-pl","tag-poland","tag-polish","tag-polska","tag-polski"],"share_on_mastodon":{"url":"https:\/\/pubeurope.com\/@pl\/117218682081863426","error":""},"_links":{"self":[{"href":"https:\/\/www.europesays.com\/pl\/wp-json\/wp\/v2\/posts\/669228","targetHints":{"allow":["GET"]}}],"collection":[{"href":"https:\/\/www.europesays.com\/pl\/wp-json\/wp\/v2\/posts"}],"about":[{"href":"https:\/\/www.europesays.com\/pl\/wp-json\/wp\/v2\/types\/post"}],"author":[{"embeddable":true,"href":"https:\/\/www.europesays.com\/pl\/wp-json\/wp\/v2\/users\/2"}],"replies":[{"embeddable":true,"href":"https:\/\/www.europesays.com\/pl\/wp-json\/wp\/v2\/comments?post=669228"}],"version-history":[{"count":0,"href":"https:\/\/www.europesays.com\/pl\/wp-json\/wp\/v2\/posts\/669228\/revisions"}],"wp:featuredmedia":[{"embeddable":true,"href":"https:\/\/www.europesays.com\/pl\/wp-json\/wp\/v2\/media\/669229"}],"wp:attachment":[{"href":"https:\/\/www.europesays.com\/pl\/wp-json\/wp\/v2\/media?parent=669228"}],"wp:term":[{"taxonomy":"category","embeddable":true,"href":"https:\/\/www.europesays.com\/pl\/wp-json\/wp\/v2\/categories?post=669228"},{"taxonomy":"post_tag","embeddable":true,"href":"https:\/\/www.europesays.com\/pl\/wp-json\/wp\/v2\/tags?post=669228"}],"curies":[{"name":"wp","href":"https:\/\/api.w.org\/{rel}","templated":true}]}}