{"id":669238,"date":"2026-09-05T13:35:12","date_gmt":"2026-09-05T13:35:12","guid":{"rendered":"https:\/\/www.europesays.com\/pl\/669238\/"},"modified":"2026-09-05T13:35:12","modified_gmt":"2026-09-05T13:35:12","slug":"meloni-podziekowala-nawrockiemu-zamiescila-wpis","status":"publish","type":"post","link":"https:\/\/www.europesays.com\/pl\/669238\/","title":{"rendered":"Meloni podzi\u0119kowa\u0142a Nawrockiemu. Zamie\u015bci\u0142a wpis"},"content":{"rendered":"\n<p>&#13;<br \/>\nGiorgia Meloni, premier W\u0142och, podzi\u0119kowa\u0142a prezydentowi Karolowi Nawrockiemu za\u00a0z\u0142o\u017cone w\u00a0pi\u0105tek gratulacje. &#13;\n<\/p>\n<p>&#13;<br \/>\n&#8222;Szanowny Karolu Nawrocki, bardzo dzi\u0119kuj\u0119 za\u00a0gratulacje i\u00a0przyja\u017a\u0144, kt\u00f3ra nas \u0142\u0105czy&#8221; \u2013\u00a0napisa\u0142a na\u00a0platformie X. &#13;\n<\/p>\n<p>&#13;<br \/>\nSzefowa w\u0142oskiego rz\u0105du zauwa\u017cy\u0142a, \u017ce\u00a0&#8222;oboje wierzymy w\u00a0znaczenie bezpiecze\u0144stwa naszych obywateli oraz\u00a0w\u00a0siln\u0105 Europ\u0119 opart\u0105 na\u00a0jej warto\u015bciach&#8221;. &#13;\n<\/p>\n<p>&#13;<br \/>\n\u201eJestem przekonana, \u017ce\u00a0W\u0142ochy i\u00a0Polska b\u0119d\u0105 nadal wzmacnia\u0107 swoje wi\u0119zi i\u00a0wsp\u00f3\u0142pracowa\u0107 ze\u00a0sob\u0105 w\u00a0Europie oraz\u00a0na\u00a0g\u0142\u00f3wnych arenach polityki mi\u0119dzynarodowej\u201d \u2013\u00a0doda\u0142a Giorgia Meloni. &#13;\n<\/p>\n<p>Nawrocki pogratulowa\u0142 Meloni<\/p>\n<p>&#13;<br \/>\nW pi\u0105tek prezydent Karol Nawrocki zwr\u00f3ci\u0142 si\u0119 we\u00a0wpisie na\u00a0platformie X z\u00a0najserdeczniejszymi gratulacjami dla\u00a0premier W\u0142och Giorgii Meloni &#8222;z\u00a0okazji tego niezwyk\u0142ego kamienia milowego \u2013\u00a0<a href=\"https:\/\/dorzeczy.pl\/kraj\/938191\/nawrocki-zwrocil-sie-do-meloni-gratulacje.html\" rel=\"nofollow noopener\" target=\"_blank\">prowadzenia najd\u0142u\u017cej urz\u0119duj\u0105cego rz\u0105du<\/a> w\u00a0historii Republiki W\u0142oskiej&#8221;. &#13;\n<\/p>\n<p>&#13;<br \/>\n&#8222;To osi\u0105gni\u0119cie \u015bwiadczy nie\u00a0tylko o\u00a0jej oddaniu i\u00a0przyw\u00f3dztwie, ale\u00a0przede wszystkim o\u00a0trwa\u0142ym zaufaniu narodu w\u0142oskiego&#8221; \u2013\u00a0podkre\u015bli\u0142. &#13;\n<\/p>\n<p>&#13;<br \/>\nKarol Nawrocki doda\u0142, \u017ce\u00a0&#8222;Polska i\u00a0ja osobi\u015bcie, bardzo cenimy nasz\u0105 blisk\u0105 przyja\u017a\u0144 z\u00a0W\u0142ochami\u201d. &#13;\n<\/p>\n<p>&#13;<br \/>\n&#8222;Z\u00a0niecierpliwo\u015bci\u0105 oczekuj\u0119 kontynuacji naszej silnej wsp\u00f3\u0142pracy, zjednoczonej wsp\u00f3lnymi warto\u015bciami i\u00a0wsp\u00f3ln\u0105 wizj\u0105 bezpiecznej i\u00a0dostatniej Europy&#8221; \u2013\u00a0napisa\u0142 prezydent. &#13;\n<\/p>\n<p>Giorgia Meloni najd\u0142u\u017cej urz\u0119duj\u0105c\u0105 premier W\u0142och<\/p>\n<p>&#13;<br \/>\nRz\u0105d Giorgii Meloni od\u00a0pi\u0105tku jest najd\u0142u\u017cej nieprzerwanie urz\u0119duj\u0105cym gabinetem w\u00a0historii Republiki W\u0142oskiej \u2013\u00a0rz\u0105d sprawuje w\u0142adz\u0119 od\u00a01414 dni. Oznacza to, \u017ce\u00a0o\u00a0jeden dzie\u0144 wyprzedzi\u0142 drugi rz\u0105d Silvio Berlusconiego z\u00a0lat 2001-2005. &#13;\n<\/p>\n<p>&#13;<br \/>\nGiorgia Meloni przechodzi do\u00a0historii nie\u00a0tylko jako pierwsza we\u00a0W\u0142oszech kobieta na\u00a0stanowisku premiera, ale\u00a0tak\u017ce jako szefowa rekordowo d\u0142ugo dzia\u0142aj\u0105cego rz\u0105du. Rz\u0105d Giorgii Meloni zosta\u0142 zaprzysi\u0119\u017cony 22 pa\u017adziernika 2022 roku, a\u00a0utworzy\u0142a go\u00a0koalicja ugrupowa\u0144 centroprawicy: Braci W\u0142och\u00f3w, Forza Italia wicepremiera Antonio Tajaniego i\u00a0Ligi Matteo Salviniego. &#13;\n<\/p>\n<p>&#13;<br \/>\n   Czytaj te\u017c:<br \/><a href=\"https:\/\/dorzeczy.pl\/kraj\/938191\/nawrocki-zwrocil-sie-do-meloni-gratulacje.html\" rel=\"follow nofollow noopener\" data-schema=\"DORZECZY\" data-image=\"https:\/\/img.dorzeczy.pl\/_thumb\/b3\/77\/65a3ec81df14f97e948185dd86f8.jpeg\" target=\"_blank\">Nawrocki zwr\u00f3ci\u0142 si\u0119 do\u00a0Meloni. &#8222;Najserdeczniejsze gratulacje&#8221;<\/a>   Czytaj te\u017c:<br \/><a href=\"https:\/\/dorzeczy.pl\/swiat\/937957\/giorgia-meloni-pobila-rekord-wyprzedzila-berlusconiego.html\" rel=\"follow nofollow noopener\" data-schema=\"DORZECZY\" data-image=\"https:\/\/img.dorzeczy.pl\/_thumb\/9f\/a9\/51c34689efcea69e5ff1e77804db.jpeg\" target=\"_blank\">Meloni pobi\u0142a rekord. Wyprzedzi\u0142a nawet Berlusconiego<\/a> &#13;<\/p>\n","protected":false},"excerpt":{"rendered":"&#13; Giorgia Meloni, premier W\u0142och, podzi\u0119kowa\u0142a prezydentowi Karolowi Nawrockiemu za\u00a0z\u0142o\u017cone w\u00a0pi\u0105tek gratulacje. &#13; &#13; &#8222;Szanowny Karolu Nawrocki, bardzo&hellip;\n","protected":false},"author":2,"featured_media":669239,"comment_status":"","ping_status":"","sticky":false,"template":"","format":"standard","meta":{"footnotes":"","_share_on_mastodon":"0"},"categories":[62712],"tags":[98,10931,690,49,102,43726,1005,80,898],"class_list":["post-669238","post","type-post","status-publish","format-standard","has-post-thumbnail","category-karol-nawrocki","tag-dorzeczy","tag-giorgia-meloni","tag-karol-nawrocki","tag-kraj","tag-opinie","tag-premier-wloch","tag-prezydent","tag-swiat","tag-wlochy"],"share_on_mastodon":{"url":"https:\/\/pubeurope.com\/@pl\/117218700371794584","error":""},"_links":{"self":[{"href":"https:\/\/www.europesays.com\/pl\/wp-json\/wp\/v2\/posts\/669238","targetHints":{"allow":["GET"]}}],"collection":[{"href":"https:\/\/www.europesays.com\/pl\/wp-json\/wp\/v2\/posts"}],"about":[{"href":"https:\/\/www.europesays.com\/pl\/wp-json\/wp\/v2\/types\/post"}],"author":[{"embeddable":true,"href":"https:\/\/www.europesays.com\/pl\/wp-json\/wp\/v2\/users\/2"}],"replies":[{"embeddable":true,"href":"https:\/\/www.europesays.com\/pl\/wp-json\/wp\/v2\/comments?post=669238"}],"version-history":[{"count":0,"href":"https:\/\/www.europesays.com\/pl\/wp-json\/wp\/v2\/posts\/669238\/revisions"}],"wp:featuredmedia":[{"embeddable":true,"href":"https:\/\/www.europesays.com\/pl\/wp-json\/wp\/v2\/media\/669239"}],"wp:attachment":[{"href":"https:\/\/www.europesays.com\/pl\/wp-json\/wp\/v2\/media?parent=669238"}],"wp:term":[{"taxonomy":"category","embeddable":true,"href":"https:\/\/www.europesays.com\/pl\/wp-json\/wp\/v2\/categories?post=669238"},{"taxonomy":"post_tag","embeddable":true,"href":"https:\/\/www.europesays.com\/pl\/wp-json\/wp\/v2\/tags?post=669238"}],"curies":[{"name":"wp","href":"https:\/\/api.w.org\/{rel}","templated":true}]}}