{"id":669256,"date":"2026-09-05T13:50:58","date_gmt":"2026-09-05T13:50:58","guid":{"rendered":"https:\/\/www.europesays.com\/pl\/669256\/"},"modified":"2026-09-05T13:50:58","modified_gmt":"2026-09-05T13:50:58","slug":"mial-byc-profesjonalny-demontaz-eternitowego-dachu-wyszlo-zagrozenie-rakotworczym-azbestem","status":"publish","type":"post","link":"https:\/\/www.europesays.com\/pl\/669256\/","title":{"rendered":"Mia\u0142 by\u0107 profesjonalny demonta\u017c eternitowego dachu. Wysz\u0142o zagro\u017cenie rakotw\u00f3rczym azbestem"},"content":{"rendered":"<p>Usuwanie eternitu zawieraj\u0105cego niebezpieczny azbest przy u\u017cyciu m\u0142otka. Oderwane i pokruszone p\u0142yty spadaj\u0105 z wysoko\u015bci kilku metr\u00f3w i rozbijaj\u0105 si\u0119 o ziemi\u0119. Tak mia\u0142 wygl\u0105da\u0107 profesjonalny demonta\u017c przez firm\u0119 wy\u0142onion\u0105 przez gmin\u0119 Mi\u0142kowice.<\/p>\n<p style=\"text-align: justify;\">Wynaj\u0119ta przez gmin\u0119 Mi\u0142kowice firma pojawi\u0142a si\u0119 w Rzeszotarach na posesji Anety Szlachty. W\u0142a\u015bcicielka nieruchomo\u015bci przyznaje, \u017ce by\u0142a zaskoczona, gdy w pewnym momencie z podw\u00f3rka us\u0142ysza\u0142a nietypowe odg\u0142osy&#8230;<\/p>\n<p style=\"text-align: justify;\">&#8211; Panowie przyjechali w spodenkach, koszulkach i zwyk\u0142ymi maseczkami chirurgicznymi na g\u0142owie. Zacz\u0119li rozbija\u0107 azbest m\u0142otkiem. Wszystkie te kruszywa spada\u0142y na ziemi\u0119, rozwala\u0142y si\u0119 o beton, kt\u00f3ry jest na dole. Nic nie mieli \u2014 \u017cadnych zabezpiecze\u0144. Unosz\u0105cy si\u0119 py\u0142, kt\u00f3ry zagra\u017ca \u017cyciu.<\/p>\n<p>&#13;<br \/>\n\t\t\t\t\t\t\t\t\t\tAby ods\u0142ucha\u0107 za\u0142\u0105czonego d\u017awi\u0119ku zaktualizuj przegl\u0105dark\u0119 lub\/i wtyczk\u0119 Adobe Flash Player.&#13;\n\t\t\t\t\t\t\t\t\t<\/p>\n<p style=\"text-align: justify;\">Po tym, jak kobieta zwr\u00f3ci\u0142a uwag\u0119 robotnikom, \u017ce stwarzaj\u0105 zagro\u017cenie \u2014 m\u0119\u017cczy\u017ani si\u0119 obrazili i opu\u015bcili posesj\u0119, pozostawiaj\u0105c pokruszony eternit. Dopiero nast\u0119pnego dnia po interwencji s\u0142u\u017cb sanitarnych i samorz\u0105dowc\u00f3w teren zosta\u0142 uprz\u0105tni\u0119ty. W\u0142a\u015bciciel firmy rozbi\u00f3rkowej twierdzi, \u017ce jego pracownicy zostali ukarani i wi\u0119cej taka sytuacja si\u0119 nie powt\u00f3rzy.<\/p>\n<p style=\"text-align: justify;\">Po interwencji mieszkanki Rzeszotar w\u00f3jt gminy Dawid Stachura zapowiada zaostrzone kontrole \u2014 r\u00f3wnie\u017c z przebiegu poprzednich prac:<\/p>\n<p style=\"text-align: justify;\">&#8211; Nie b\u0119d\u0119 przy ka\u017cdej demontowanej z dachu p\u0142ycie sta\u0142 ze swoimi pracownikami, bo jest to niemo\u017cliwe, ale w\u0142a\u015bciciel przedsi\u0119biorstwa po dzisiejszych naszych rozmowach zrozumia\u0142, jak ma to wygl\u0105da\u0107. Najbli\u017csze prace rozbi\u00f3rkowe b\u0119d\u0105 mocno pod naszym okiem. A nawet mocniej, ni\u017c powinny by\u0107.<\/p>\n<p>&#13;<br \/>\n\t\t\t\t\t\t\t\t\t\tAby ods\u0142ucha\u0107 za\u0142\u0105czonego d\u017awi\u0119ku zaktualizuj przegl\u0105dark\u0119 lub\/i wtyczk\u0119 Adobe Flash Player.&#13;\n\t\t\t\t\t\t\t\t\t<\/p>\n<p style=\"text-align: justify;\">Z danych, jakimi dysponuje Ministerstwo \u015arodowiska i Klimatu wynika, \u017ce na Dolnym \u015al\u0105sku w ci\u0105gu ostatnich 15 lat z przestrzeni publicznej usuni\u0119to blisko 78 tys. ton materia\u0142\u00f3w azbestowych. Pozosta\u0142ych 155 tys. ton powinno zosta\u0107 zutylizowane do 2032 roku.<\/p>\n","protected":false},"excerpt":{"rendered":"Usuwanie eternitu zawieraj\u0105cego niebezpieczny azbest przy u\u017cyciu m\u0142otka. Oderwane i pokruszone p\u0142yty spadaj\u0105 z wysoko\u015bci kilku metr\u00f3w i&hellip;\n","protected":false},"author":2,"featured_media":669257,"comment_status":"","ping_status":"","sticky":false,"template":"","format":"standard","meta":{"footnotes":"","_share_on_mastodon":"0"},"categories":[51607],"tags":[129813,52318,107969,106919,129810,53709,42,38,40,39,41,129809,129812,1853,129811,18455],"class_list":["post-669256","post","type-post","status-publish","format-standard","has-post-thumbnail","category-wroclaw","tag-azbestem","tag-byc","tag-dachu","tag-demontaz","tag-eternitowego","tag-mial","tag-pl","tag-poland","tag-polish","tag-polska","tag-polski","tag-profesjonalny","tag-rakotworczym","tag-wroclaw","tag-wyszlo","tag-zagrozenie"],"share_on_mastodon":{"url":"https:\/\/pubeurope.com\/@pl\/117218763232434059","error":""},"_links":{"self":[{"href":"https:\/\/www.europesays.com\/pl\/wp-json\/wp\/v2\/posts\/669256","targetHints":{"allow":["GET"]}}],"collection":[{"href":"https:\/\/www.europesays.com\/pl\/wp-json\/wp\/v2\/posts"}],"about":[{"href":"https:\/\/www.europesays.com\/pl\/wp-json\/wp\/v2\/types\/post"}],"author":[{"embeddable":true,"href":"https:\/\/www.europesays.com\/pl\/wp-json\/wp\/v2\/users\/2"}],"replies":[{"embeddable":true,"href":"https:\/\/www.europesays.com\/pl\/wp-json\/wp\/v2\/comments?post=669256"}],"version-history":[{"count":0,"href":"https:\/\/www.europesays.com\/pl\/wp-json\/wp\/v2\/posts\/669256\/revisions"}],"wp:featuredmedia":[{"embeddable":true,"href":"https:\/\/www.europesays.com\/pl\/wp-json\/wp\/v2\/media\/669257"}],"wp:attachment":[{"href":"https:\/\/www.europesays.com\/pl\/wp-json\/wp\/v2\/media?parent=669256"}],"wp:term":[{"taxonomy":"category","embeddable":true,"href":"https:\/\/www.europesays.com\/pl\/wp-json\/wp\/v2\/categories?post=669256"},{"taxonomy":"post_tag","embeddable":true,"href":"https:\/\/www.europesays.com\/pl\/wp-json\/wp\/v2\/tags?post=669256"}],"curies":[{"name":"wp","href":"https:\/\/api.w.org\/{rel}","templated":true}]}}