{"id":669276,"date":"2026-09-05T14:02:15","date_gmt":"2026-09-05T14:02:15","guid":{"rendered":"https:\/\/www.europesays.com\/pl\/669276\/"},"modified":"2026-09-05T14:02:15","modified_gmt":"2026-09-05T14:02:15","slug":"wladimir-putin-wydal-rozkaz-wstrzymania-ognia-rzecznik-kremla-potwierdza","status":"publish","type":"post","link":"https:\/\/www.europesays.com\/pl\/669276\/","title":{"rendered":"W\u0142adimir Putin wyda\u0142 rozkaz wstrzymania ognia. Rzecznik Kremla potwierdza"},"content":{"rendered":"<p>\u2014 Najwy\u017cszy dow\u00f3dca armii W\u0142adimir Putin poinstruowa\u0142 dzi\u015b \u017co\u0142nierzy, aby pocz\u0105wszy od p\u00f3\u0142nocy przez najbli\u017csze trzy dni nie uderza\u0107 na Kij\u00f3w. Wynika to z przygotowa\u0144 i rozm\u00f3w z Amerykanami w Kijowie \u2014 potwierdzi\u0142 w sobot\u0119 rzecznik Kremla Dmitrij Pieskow, cytowany przez TASS.<\/p>\n<p>Rosjanie nied\u0142ugo p\u00f3\u017aniej zaatakowali zachodnie regiony Ukrainy, czyli przy granicy z Polsk\u0105. &#8222;Uwaga! Rosyjski atak powietrzny na terenie Ukrainy. Sytuacja jest monitorowana. W przestrzeni RP operuje polskie lotnictwo. \u015aled\u017a komunikaty&#8221; \u2014 <a href=\"https:\/\/wiadomosci.onet.pl\/kraj\/atak-rosji-na-ukraine-alert-rcb-dla-dwoch-polskich-wojewodztw\/lljkrcq\" id=\"125475bf-f284-4989-a262-843c3daf4fb5\" rel=\"nofollow noopener\" target=\"_blank\">poinformowa\u0142o RCB w alercie wys\u0142anym do mieszka\u0144c\u00f3w woj. lubelskiego i podkarpackiego<\/a>.<a href=\"https:\/\/www.onet.pl\/\" title=\"Strona G\u0142\u00f3wna\" aria-label=\"Strona G\u0142\u00f3wna\" data-astro-prefetch=\"tap\" class=\"ods-a-logo-main-desktop\" rel=\"nofollow noopener\" target=\"_blank\"><img src=\"https:\/\/cdn.wiadomosci.onet.pl\/img\/Logo_desktop_Onet.svg\" class=\"ods-a-logo-main-desktop__image\" alt=\"Logo\" width=\"107\" height=\"60\" fetchpriority=\"high\" decoding=\"sync\" style=\"height:60px\"\/><\/a><\/p>\n<p class=\"ods-m-google-article__text\">Czytaj nas cz\u0119\u015bciej w Google<\/p>\n<p><a href=\"https:\/\/google.com\/preferences\/source?q=wiadomosci.onet.pl\" target=\"_blank\" rel=\"noopener noreferrer nofollow\" aria-label=\"Dodaj w Google\" title=\"Dodaj w Google\" class=\"ods-a-button ods-a-button__primary ods-a-button__default ods-a-button-l\">Dodaj w Google<\/a>Dalszy ci\u0105g artyku\u0142u pod materia\u0142em wideoNegocjatorzy Donalda Trumpa w Moskwie. Maj\u0105 odwiedzi\u0107 Kij\u00f3wW sobot\u0119 do Moskwy przylecieli <a href=\"https:\/\/wiadomosci.onet.pl\/swiat\/steve-witkoff-i-jared-kushner-wyladowali-w-moskwie\/zgbmpyq\" id=\"73c05fe9-b549-4b2c-a8a2-1041aeabf79a\" rel=\"nofollow noopener\" target=\"_blank\">specjalny wys\u0142annik prezydenta USA Steve Witkoff oraz zi\u0119\u0107 Donalda Trumpa Jared Kushner<\/a>. W niedziel\u0119 obaj maj\u0105 odwiedzi\u0107 Ukrain\u0119.Wed\u0142ug serwisu Ukrai\u0144ska Prawda przed wizyt\u0105 specjalnych wys\u0142annik\u00f3w prezydenta USA w\u0142adze w Kijowie <a href=\"https:\/\/wiadomosci.onet.pl\/swiat\/media-wojsko-ukrainskie-dostalo-rozkaz-wstrzymania-ognia\/kgn234y\" id=\"e682a400-b579-4132-89e7-634e700827ae\" rel=\"nofollow noopener\" target=\"_blank\">pr\u00f3bowa\u0142y wprowadzi\u0107 tymczasowe zawieszenie broni na froncie<\/a>. Armia ukrai\u0144ska otrzyma\u0142a rozkaz jego przestrzegania od p\u00f3\u0142nocy z 4 na 5 wrze\u015bnia do p\u00f3\u0142nocy z 7 na 8 wrze\u015bnia.Ukraina &#8222;powoli przegrywa&#8221; wojn\u0119. Diabelsko skuteczna strategia Rosji ma j\u0105 rzuci\u0107 na kolana. &#8222;Cudu nie b\u0119dzie&#8221;<img class=\"ods-a-photo ods-a-photo--background\" src=\"https:\/\/www.europesays.com\/pl\/wp-content\/uploads\/2026\/09\/1788616935_594_jpqk9lBaHR0cHM6Ly9vY2RuLmV1L3B1bHNjbXMvTURBXy81YjU2Y2MxNzllZGM3M2NlOWJmM2I2ODQwZmI5MmZlMy5wbmeRlQLNA.jpeg\" height=\"254\" width=\"450\" alt=\"M\u0119\u017cczyzna obserwuj\u0105cy po\u017car du\u017cego magazynu opon w Buczy po rosyjskim ataku, Ukraina, 29 sierpnia 2026 r.\" loading=\"lazy\" fetchpriority=\"low\" decoding=\"async\"\/>Jednocze\u015bnie o p\u00f3\u0142nocy z 4 na 5 wrze\u015bnia &#8222;w Kijowie og\u0142oszono stan alarmu lotniczego&#8221;. \u2014Dzia\u0142ania wojenne b\u0119d\u0105 kontynuowane, poniewa\u017c Rosja nie zaprzestaje agresji \u2014 <a href=\"https:\/\/wiadomosci.onet.pl\/swiat\/media-wojsko-ukrainskie-dostalo-rozkaz-wstrzymania-ognia\/kgn234y\" id=\"237d937d-63ff-4db1-8ac0-b71f804d4f23\" rel=\"nofollow noopener\" target=\"_blank\">przekaza\u0142 przedstawiciel biura prasowego armii ukrai\u0144skiej w rozmowie z serwisem Ukrai\u0144ska Prawda<\/a>.<\/p>\n<p>\u2014 &#8222;Rozejm&#8221; nie mo\u017ce mie\u0107 charakteru jednostronnego ani asymetrycznego, w przeciwnym razie b\u0119dzie stanowi\u0142 zagro\u017cenie dla \u017cycia i zdrowia naszych \u017co\u0142nierzy. Dlatego te\u017c zadania operacji obronnej s\u0105 obecnie realizowane w pe\u0142nym zakresie \u2014 przekaza\u0142o \u017ar\u00f3d\u0142o ukrai\u0144skiego serwisu.<\/p>\n<p>Wojna w Ukrainie. Donald Trump wysy\u0142a negocjator\u00f3wWys\u0142a\u0142em Steve&#8217;a Witkoffa i Jareda Kushnera z propozycj\u0105 zako\u0144czenia wojny w Ukrainie \u2014 <a href=\"https:\/\/wiadomosci.onet.pl\/swiat\/wyslannicy-donalda-trumpa-odwiedza-moskwe-i-kijow-sa-szczegoly-dotyczace-wizyt\/3g98dd0\" id=\"9b84de72-c8dd-4134-83c8-48abb91cf2c5\" rel=\"nofollow noopener\" target=\"_blank\">poinformowa\u0142 w pi\u0105tek prezydent USA Donald Trump<\/a>.<\/p>\n<p>\u2014 Wys\u0142a\u0142em Steve&#8217;a Witkoffa i Jareda Kushnera, dw\u00f3ch \u015bwietnych negocjator\u00f3w. Wykonali \u015bwietn\u0105 robot\u0119 i wys\u0142ali\u015bmy ich, \u017ceby sprawdzili, czy mo\u017cemy co\u015b zrobi\u0107. I jest spora szansa, \u017ce nam si\u0119 uda \u2014 powiedzia\u0142 Trump w rozmowie z dziennikarzami w Gabinecie Owalnym.<\/p>\n","protected":false},"excerpt":{"rendered":"\u2014 Najwy\u017cszy dow\u00f3dca armii W\u0142adimir Putin poinstruowa\u0142 dzi\u015b \u017co\u0142nierzy, aby pocz\u0105wszy od p\u00f3\u0142nocy przez najbli\u017csze trzy dni nie&hellip;\n","protected":false},"author":2,"featured_media":669277,"comment_status":"","ping_status":"","sticky":false,"template":"","format":"standard","meta":{"footnotes":"","_share_on_mastodon":"0"},"categories":[14],"tags":[61195,32,33,27,34,35,28,31,48,25,46,40,41,87,47,80,29,30,415,71,26,408,892,309,82,83,84],"class_list":["post-669276","post","type-post","status-publish","format-standard","has-post-thumbnail","category-swiat","tag-bottomfeed_styl","tag-breaking-news","tag-breakingnews","tag-headlines","tag-latest-news","tag-latestnews","tag-naglowki","tag-najwazniejsze-artykuly","tag-nat_styl","tag-news","tag-omp","tag-polish","tag-polski","tag-rosja","tag-screening_general","tag-swiat","tag-top-stories","tag-topstories","tag-ukraina","tag-usa","tag-wiadomosci","tag-wladimir_putin","tag-wojna","tag-wolodymyr_zelenski","tag-world","tag-world-news","tag-worldnews"],"share_on_mastodon":{"url":"https:\/\/pubeurope.com\/@pl\/117218807756765070","error":""},"_links":{"self":[{"href":"https:\/\/www.europesays.com\/pl\/wp-json\/wp\/v2\/posts\/669276","targetHints":{"allow":["GET"]}}],"collection":[{"href":"https:\/\/www.europesays.com\/pl\/wp-json\/wp\/v2\/posts"}],"about":[{"href":"https:\/\/www.europesays.com\/pl\/wp-json\/wp\/v2\/types\/post"}],"author":[{"embeddable":true,"href":"https:\/\/www.europesays.com\/pl\/wp-json\/wp\/v2\/users\/2"}],"replies":[{"embeddable":true,"href":"https:\/\/www.europesays.com\/pl\/wp-json\/wp\/v2\/comments?post=669276"}],"version-history":[{"count":0,"href":"https:\/\/www.europesays.com\/pl\/wp-json\/wp\/v2\/posts\/669276\/revisions"}],"wp:featuredmedia":[{"embeddable":true,"href":"https:\/\/www.europesays.com\/pl\/wp-json\/wp\/v2\/media\/669277"}],"wp:attachment":[{"href":"https:\/\/www.europesays.com\/pl\/wp-json\/wp\/v2\/media?parent=669276"}],"wp:term":[{"taxonomy":"category","embeddable":true,"href":"https:\/\/www.europesays.com\/pl\/wp-json\/wp\/v2\/categories?post=669276"},{"taxonomy":"post_tag","embeddable":true,"href":"https:\/\/www.europesays.com\/pl\/wp-json\/wp\/v2\/tags?post=669276"}],"curies":[{"name":"wp","href":"https:\/\/api.w.org\/{rel}","templated":true}]}}