{"id":669284,"date":"2026-09-05T14:06:10","date_gmt":"2026-09-05T14:06:10","guid":{"rendered":"https:\/\/www.europesays.com\/pl\/669284\/"},"modified":"2026-09-05T14:06:10","modified_gmt":"2026-09-05T14:06:10","slug":"narodowe-czytanie-nawrocki-jestesmy-narodowa-wspolnota","status":"publish","type":"post","link":"https:\/\/www.europesays.com\/pl\/669284\/","title":{"rendered":"&#8222;Narodowe Czytanie&#8221;. Nawrocki: Jeste\u015bmy narodow\u0105 wsp\u00f3lnot\u0105"},"content":{"rendered":"\n<p>&#13;<br \/>\nPrezydent Karol Nawrocki zauwa\u017cy\u0142, \u017ce\u00a0&#8222;15. edycja Narodowego Czytania i\u00a0sama nazwa \u00bbNarodowe Czytanie\u00ab odnosi si\u0119 do\u00a0tego, co\u00a0najistotniejsze, najbardziej fundamentalne w\u00a0budowaniu wsp\u00f3lnoty narodowej&#8221;. &#13;\n<\/p>\n<p>&#13;<br \/>\n\u2013 Bowiem dziedzictwo kulturowe, literatura i\u00a0j\u0119zyk polski to\u00a0to, co\u00a0wsp\u00f3lnocie narodowej przez wieki pomaga trwa\u0107 \u2013\u00a0doda\u0142. &#13;\n<\/p>\n<p>Narodowe Czytanie. Para prezydencka zainaugurowa\u0142a akcj\u0119<\/p>\n<p>&#13;<br \/>\nKarol Nawrocki zauwa\u017cy\u0142, \u017ce\u00a0aby nar\u00f3d trwa\u0142 i\u00a0by budowa\u0107 narodow\u0105 wsp\u00f3lnot\u0119, musi mie\u0107 umiej\u0119tno\u015b\u0107 wyra\u017cania swoich emocji, trw\u00f3g, pragnie\u0144. &#13;\n<\/p>\n<p>&#13;<br \/>\n\u2013 A\u00a0wi\u0119c, by\u00a0trwa\u0142a narodowa wsp\u00f3lnota przez kolejne wieki, musi by\u0107 polski j\u0119zyk, w\u00a0kt\u00f3rym wielcy wieszczowie, wielcy poeci tworz\u0105 swoje dzie\u0142a, a\u00a0inni je\u00a0czytaj\u0105. Literatura ma\u00a0t\u0119\u00a0moc, \u017ce\u00a0przenosi polsko\u015b\u0107 przez pokolenia \u2013\u00a0m\u00f3wi\u0142. &#13;\n<\/p>\n<p>&#13;<br \/>\nPrezydent zaznaczy\u0142, \u017ce\u00a0literatura ma\u00a0moc przenoszenia polsko\u015bci ponad granicami ca\u0142ej Europy i\u00a0ca\u0142ego \u015bwiata. &#13;\n<\/p>\n<p>&#13;<br \/>\n\u2013 Narodowe Czytanie ju\u017c od\u00a015 lat przenosi polsko\u015b\u0107 w\u00a0kolejnych wiekach i\u00a0sprawia, \u017ce\u00a0jeste\u015bmy narodow\u0105 wsp\u00f3lnot\u0105 \u2013\u00a0powiedzia\u0142. &#13;\n<\/p>\n<p>&#8222;Nie ma\u00a0polskiej literatury bez Adama Mickiewicza&#8221;<\/p>\n<p>&#13;<br \/>\nKarol Nawrocki podkre\u015bli\u0142, \u017ce\u00a0nie ma\u00a0polskiej literatury bez Adama Mickiewicza. Doda\u0142, \u017ce\u00a0to\u00a0fundamentalna, kluczowa posta\u0107 dla\u00a0zrozumienia polskiej duszy i\u00a0polskiej narodowej to\u017csamo\u015bci. &#13;\n<\/p>\n<p>&#8222;Dziady&#8221; \u2013\u00a0lektura lektur<\/p>\n<p>&#13;<br \/>\nZ kolei pierwsza dama Marta Nawrocka zauwa\u017cy\u0142a, \u017ce\u00a0Narodowe Czytanie odbywa si\u0119 w\u00a0ponad 40 krajach na\u00a0ca\u0142ym \u015bwiecie. &#13;\n<\/p>\n<p>&#13;<br \/>\n\u2013 Dzi\u0119ki polskiej literaturze jeste\u015bmy dzisiaj wszyscy blisko \u2013\u00a0oceni\u0142a. &#13;\n<\/p>\n<p>&#13;<br \/>\nMarta Nawrocka zwr\u00f3ci\u0142a uwag\u0119, \u017ce\u00a0&#8222;Dziady&#8221; \u2013\u00a0lektura lektur \u2013\u00a0\u0142\u0105czy g\u0142\u0119bok\u0105 ludow\u0105 moralno\u015b\u0107 z\u00a0obrazem Polski pod\u00a0zaborami. &#13;\n<\/p>\n<p>&#13;<br \/>\nPrezydent i\u00a0pierwsza dama odczytali te\u017c fragment dramatu rozpoczynaj\u0105c wsp\u00f3lna lektur\u0119 w\u00a0Warszawie. &#13;\n<\/p>\n<p>&#13;<br \/>\n   Czytaj te\u017c:<br \/><a href=\"https:\/\/dorzeczy.pl\/kraj\/938191\/nawrocki-zwrocil-sie-do-meloni-gratulacje.html\" rel=\"follow nofollow noopener\" data-schema=\"DORZECZY\" data-image=\"https:\/\/img.dorzeczy.pl\/_thumb\/b3\/77\/65a3ec81df14f97e948185dd86f8.jpeg\" target=\"_blank\">Nawrocki zwr\u00f3ci\u0142 si\u0119 do\u00a0Meloni. &#8222;Najserdeczniejsze gratulacje&#8221;<\/a>   Czytaj te\u017c:<br \/><a href=\"https:\/\/dorzeczy.pl\/kraj\/938206\/nawrocki-kpi-z-tuska-prezydent-przywolal-postacie-znane.html\" rel=\"follow nofollow noopener\" data-schema=\"DORZECZY\" data-image=\"https:\/\/img.dorzeczy.pl\/_thumb\/fd\/9a\/9d12e779ce05e48829cbacfd7335.jpeg\" target=\"_blank\">Nawrocki kpi z\u00a0Tuska. Prezydent przywo\u0142a\u0142 &#8222;postacie znane&#8221;<\/a> &#13;<\/p>\n","protected":false},"excerpt":{"rendered":"&#13; Prezydent Karol Nawrocki zauwa\u017cy\u0142, \u017ce\u00a0&#8222;15. edycja Narodowego Czytania i\u00a0sama nazwa \u00bbNarodowe Czytanie\u00ab odnosi si\u0119 do\u00a0tego, co\u00a0najistotniejsze, najbardziej&hellip;\n","protected":false},"author":2,"featured_media":669285,"comment_status":"","ping_status":"","sticky":false,"template":"","format":"standard","meta":{"footnotes":"","_share_on_mastodon":"0"},"categories":[62712],"tags":[98,74548,690,49,14825,126891,102,1928,1005,435],"class_list":["post-669284","post","type-post","status-publish","format-standard","has-post-thumbnail","category-karol-nawrocki","tag-dorzeczy","tag-dziady","tag-karol-nawrocki","tag-kraj","tag-marta-nawrocka","tag-narodowe-czytanie","tag-opinie","tag-pierwsza-dama","tag-prezydent","tag-warszawa"],"share_on_mastodon":{"url":"https:\/\/pubeurope.com\/@pl\/117218822408782971","error":""},"_links":{"self":[{"href":"https:\/\/www.europesays.com\/pl\/wp-json\/wp\/v2\/posts\/669284","targetHints":{"allow":["GET"]}}],"collection":[{"href":"https:\/\/www.europesays.com\/pl\/wp-json\/wp\/v2\/posts"}],"about":[{"href":"https:\/\/www.europesays.com\/pl\/wp-json\/wp\/v2\/types\/post"}],"author":[{"embeddable":true,"href":"https:\/\/www.europesays.com\/pl\/wp-json\/wp\/v2\/users\/2"}],"replies":[{"embeddable":true,"href":"https:\/\/www.europesays.com\/pl\/wp-json\/wp\/v2\/comments?post=669284"}],"version-history":[{"count":0,"href":"https:\/\/www.europesays.com\/pl\/wp-json\/wp\/v2\/posts\/669284\/revisions"}],"wp:featuredmedia":[{"embeddable":true,"href":"https:\/\/www.europesays.com\/pl\/wp-json\/wp\/v2\/media\/669285"}],"wp:attachment":[{"href":"https:\/\/www.europesays.com\/pl\/wp-json\/wp\/v2\/media?parent=669284"}],"wp:term":[{"taxonomy":"category","embeddable":true,"href":"https:\/\/www.europesays.com\/pl\/wp-json\/wp\/v2\/categories?post=669284"},{"taxonomy":"post_tag","embeddable":true,"href":"https:\/\/www.europesays.com\/pl\/wp-json\/wp\/v2\/tags?post=669284"}],"curies":[{"name":"wp","href":"https:\/\/api.w.org\/{rel}","templated":true}]}}