{"id":669302,"date":"2026-09-05T14:20:13","date_gmt":"2026-09-05T14:20:13","guid":{"rendered":"https:\/\/www.europesays.com\/pl\/669302\/"},"modified":"2026-09-05T14:20:13","modified_gmt":"2026-09-05T14:20:13","slug":"nastolatek-pobity-we-wroclawiu-ma-wstrzas-mozgu-policja-szuka-swiadkow","status":"publish","type":"post","link":"https:\/\/www.europesays.com\/pl\/669302\/","title":{"rendered":"Nastolatek pobity we Wroc\u0142awiu. Ma wstrz\u0105s m\u00f3zgu. Policja szuka \u015bwiadk\u00f3w"},"content":{"rendered":"<p>We wtorek, 1 wrze\u015bnia po po\u0142udniu, gdy kilkoro uczni\u00f3w wraca\u0142o z Wyspy S\u0142odowej \u2014 niewielkiej wyspy po\u0142o\u017conej na Odrze w obr\u0119bie wroc\u0142awskiego Starego Miasta \u2014 napad\u0142a ich grupa chuligan\u00f3w w wieku 16-18 lat. Za cel obrali sobie szczeg\u00f3lnie jednego z nich. 17-latek by\u0142 bity i kopany po g\u0142owie. Obecnie przebywa w jednym z wroc\u0142awskich szpitali. Ma powa\u017cne obra\u017cenia. Po pobiciu straci\u0142 przytomno\u015b\u0107 i mia\u0142 wstrz\u0105s m\u00f3zgu.<\/p>\n<p>Dalszy ci\u0105g artyku\u0142u pod materia\u0142em wideo<\/p>\n<p>\u2014 Sprawcami mia\u0142a by\u0107 grupa od kilku do kilkunastu m\u0142odych os\u00f3b. Kryminalni pracuj\u0105 nad ustaleniem ich to\u017csamo\u015bci. Na ten moment trudno jednoznacznie okre\u015bli\u0107 motyw zdarzenia. Policjanci nie zd\u0105\u017cyli jeszcze przes\u0142ucha\u0107 poszkodowanego. Nastolatek w dalszym ci\u0105gu jest w szpitalu \u2014 m\u00f3wi &#8222;Wroc\u0142awskiej&#8221; podkom. Aleksandra Freus z tamtejszej komendy.<\/p>\n<p><a href=\"https:\/\/www.onet.pl\/\" title=\"Strona G\u0142\u00f3wna\" aria-label=\"Strona G\u0142\u00f3wna\" data-astro-prefetch=\"tap\" class=\"ods-a-logo-main-desktop\" rel=\"nofollow noopener\" target=\"_blank\"><img src=\"https:\/\/cdn.wiadomosci.onet.pl\/img\/Logo_desktop_Onet.svg\" class=\"ods-a-logo-main-desktop__image\" alt=\"Logo\" width=\"107\" height=\"60\" fetchpriority=\"high\" decoding=\"sync\" style=\"height:60px\"\/><\/a><\/p>\n<p class=\"ods-m-google-article__text\">Czytaj nas cz\u0119\u015bciej w Google<\/p>\n<p><a href=\"https:\/\/google.com\/preferences\/source?q=onet.pl\" target=\"_blank\" rel=\"noopener noreferrer nofollow\" aria-label=\"Dodaj w Google\" title=\"Dodaj w Google\" class=\"ods-a-button ods-a-button__primary ods-a-button__default ods-a-button-l\">Dodaj w Google<\/a><\/p>\n<p>Policjanci apeluj\u0105 do \u015bwiadk\u00f3w, a tak\u017ce os\u00f3b, kt\u00f3re maj\u0105 informacje lub dowody w tej sprawie (np. nagranie) o kontakt \u2014 r\u00f3wnie\u017c anonimowy. Spraw\u0119 prowadz\u0105 funkcjonariusze z Komisariatu Policji Wroc\u0142aw-O\u0142bin.<\/p>\n<p>To niejedyny atak we Wroc\u0142awiu w ostatnich dniach. 2 wrze\u015bnia grupa pseudokibic\u00f3w w wieku 16-18 lat zaatakowa\u0142a kilkoro 15-latk\u00f3w. Pobili jednego, pozosta\u0142ym uda\u0142o si\u0119 uciec. Poszkodowanemu grozili, \u017ce je\u015bli komukolwiek opowie o tym, co si\u0119 sta\u0142o, to go zabij\u0105. W tej sprawie policja zatrzyma\u0142a ju\u017c pi\u0119\u0107 os\u00f3b. Kolejne trzy s\u0105 poszukiwane.<\/p>\n<p>Opracowanie:Przemys\u0142aw Mosur-Darowski<\/p>\n<p>Data utworzenia:5 wrze\u015bnia 2026, 15:41<\/p>\n","protected":false},"excerpt":{"rendered":"We wtorek, 1 wrze\u015bnia po po\u0142udniu, gdy kilkoro uczni\u00f3w wraca\u0142o z Wyspy S\u0142odowej \u2014 niewielkiej wyspy po\u0142o\u017conej na&hellip;\n","protected":false},"author":2,"featured_media":669303,"comment_status":"","ping_status":"","sticky":false,"template":"","format":"standard","meta":{"footnotes":"","_share_on_mastodon":"0"},"categories":[51607],"tags":[61195,48,46,55,42,3823,38,414,40,39,41,47,1853],"class_list":["post-669302","post","type-post","status-publish","format-standard","has-post-thumbnail","category-wroclaw","tag-bottomfeed_styl","tag-nat_styl","tag-omp","tag-phx","tag-pl","tag-pobicie","tag-poland","tag-policja","tag-polish","tag-polska","tag-polski","tag-screening_general","tag-wroclaw"],"share_on_mastodon":{"url":"https:\/\/pubeurope.com\/@pl\/117218878552379579","error":""},"_links":{"self":[{"href":"https:\/\/www.europesays.com\/pl\/wp-json\/wp\/v2\/posts\/669302","targetHints":{"allow":["GET"]}}],"collection":[{"href":"https:\/\/www.europesays.com\/pl\/wp-json\/wp\/v2\/posts"}],"about":[{"href":"https:\/\/www.europesays.com\/pl\/wp-json\/wp\/v2\/types\/post"}],"author":[{"embeddable":true,"href":"https:\/\/www.europesays.com\/pl\/wp-json\/wp\/v2\/users\/2"}],"replies":[{"embeddable":true,"href":"https:\/\/www.europesays.com\/pl\/wp-json\/wp\/v2\/comments?post=669302"}],"version-history":[{"count":0,"href":"https:\/\/www.europesays.com\/pl\/wp-json\/wp\/v2\/posts\/669302\/revisions"}],"wp:featuredmedia":[{"embeddable":true,"href":"https:\/\/www.europesays.com\/pl\/wp-json\/wp\/v2\/media\/669303"}],"wp:attachment":[{"href":"https:\/\/www.europesays.com\/pl\/wp-json\/wp\/v2\/media?parent=669302"}],"wp:term":[{"taxonomy":"category","embeddable":true,"href":"https:\/\/www.europesays.com\/pl\/wp-json\/wp\/v2\/categories?post=669302"},{"taxonomy":"post_tag","embeddable":true,"href":"https:\/\/www.europesays.com\/pl\/wp-json\/wp\/v2\/tags?post=669302"}],"curies":[{"name":"wp","href":"https:\/\/api.w.org\/{rel}","templated":true}]}}