{"id":669314,"date":"2026-09-05T14:26:10","date_gmt":"2026-09-05T14:26:10","guid":{"rendered":"https:\/\/www.europesays.com\/pl\/669314\/"},"modified":"2026-09-05T14:26:10","modified_gmt":"2026-09-05T14:26:10","slug":"widzew-lodz-radomiak-radom-relacja-na-zywo-ekstraklasa-live","status":"publish","type":"post","link":"https:\/\/www.europesays.com\/pl\/669314\/","title":{"rendered":"Widzew \u0141\u00f3d\u017a &#8211; Radomiak Radom relacja na \u017cywo. Ekstraklasa LIVE"},"content":{"rendered":"<p>Za obiema dru\u017cynami bardzo przeci\u0119tny start sezonu. RTS odpad\u0142o ostatnio z STS Pucharu Polski po wpadce u siebie z Koron\u0105 Kielce (0:1), a do tego w ostatnich trzech spotkaniach Ekstraklasy zdoby\u0142 tylko punkt po remisie 3:3 ze \u015al\u0105skiem Wroc\u0142aw<\/p>\n<p>Poza tym Widzewa przegrywa\u0142 z Lechem Pozna\u0144 2:3 i Koron\u0105 w lidze 1:2. Mimo kryzysu wci\u0105\u017c jest faworytem sobotniego spotkania. Potencja\u0142 zespo\u0142u jest ogromny a do \u0141odzi przyje\u017cd\u017ca s\u0105siad z tabeli.<\/p>\n<p><a href=\"https:\/\/przegladsportowy.onet.pl\/\" title=\"Strona g\u0142\u00f3wna serwisu\" aria-label=\"Strona g\u0142\u00f3wna serwisu\" data-astro-prefetch=\"tap\" class=\"ods-a-logo-main-desktop\" rel=\"nofollow noopener\" target=\"_blank\"><img src=\"https:\/\/cdn.przegladsportowy.onet.pl\/img\/Logo_desktop_Onet.svg\" class=\"ods-a-logo-main-desktop__image\" alt=\"Logo\" width=\"107\" height=\"60\" fetchpriority=\"high\" decoding=\"sync\" style=\"height:60px\"\/><\/a><\/p>\n<p class=\"ods-m-google-article__text\">Czytaj nas cz\u0119\u015bciej w Google<\/p>\n<p><a href=\"https:\/\/google.com\/preferences\/source?q=przegladsportowy.onet.pl\" target=\"_blank\" rel=\"noopener noreferrer nofollow\" aria-label=\"Dodaj w Google\" title=\"Dodaj w Google\" class=\"ods-a-button ods-a-button__primary ods-a-button__default ods-a-button-l\">Dodaj w Google<\/a><\/p>\n<p>Radomiak wygra\u0142 ostatnio z Cracovi\u0105, ale jak na razie ma tylko siedem zebranym punkt\u00f3w. W ostatnich tygodniach punkt dorzuci\u0142 w meczu z Zag\u0142\u0119biem Lubin (0:0), a wcze\u015bniej poleg\u0142 z Legi\u0105 Warszawa 0:5, z G\u00f3rnikiem Zabrze 1:3 i GKS-em Katowice 1:3. Kto w sobotnim meczu oka\u017ce si\u0119 lepszy i zaliczy awans w tabeli? Zapraszamy na relacj\u0119 na \u017cywo. Pocz\u0105tek 5 wrze\u015bnia o godzinie 14:45.<\/p>\n","protected":false},"excerpt":{"rendered":"Za obiema dru\u017cynami bardzo przeci\u0119tny start sezonu. RTS odpad\u0142o ostatnio z STS Pucharu Polski po wpadce u siebie&hellip;\n","protected":false},"author":2,"featured_media":669315,"comment_status":"","ping_status":"","sticky":false,"template":"","format":"standard","meta":{"footnotes":"","_share_on_mastodon":"0"},"categories":[24],"tags":[128237,61195,274,48,46,948,2475,42,38,40,39,41,7258,47,127,126,130,3469],"class_list":["post-669314","post","type-post","status-publish","format-standard","has-post-thumbnail","category-sport","tag-adshield_tst1","tag-bottomfeed_styl","tag-ekstraklasa","tag-nat_styl","tag-omp","tag-pilka_nozna","tag-pko_ekstraklasa","tag-pl","tag-poland","tag-polish","tag-polska","tag-polski","tag-radomiak_radom","tag-screening_general","tag-sport","tag-sports","tag-wiadomosci_sportowe","tag-widzew_lodz"],"share_on_mastodon":{"url":"https:\/\/pubeurope.com\/@pl\/117218901004554465","error":""},"_links":{"self":[{"href":"https:\/\/www.europesays.com\/pl\/wp-json\/wp\/v2\/posts\/669314","targetHints":{"allow":["GET"]}}],"collection":[{"href":"https:\/\/www.europesays.com\/pl\/wp-json\/wp\/v2\/posts"}],"about":[{"href":"https:\/\/www.europesays.com\/pl\/wp-json\/wp\/v2\/types\/post"}],"author":[{"embeddable":true,"href":"https:\/\/www.europesays.com\/pl\/wp-json\/wp\/v2\/users\/2"}],"replies":[{"embeddable":true,"href":"https:\/\/www.europesays.com\/pl\/wp-json\/wp\/v2\/comments?post=669314"}],"version-history":[{"count":0,"href":"https:\/\/www.europesays.com\/pl\/wp-json\/wp\/v2\/posts\/669314\/revisions"}],"wp:featuredmedia":[{"embeddable":true,"href":"https:\/\/www.europesays.com\/pl\/wp-json\/wp\/v2\/media\/669315"}],"wp:attachment":[{"href":"https:\/\/www.europesays.com\/pl\/wp-json\/wp\/v2\/media?parent=669314"}],"wp:term":[{"taxonomy":"category","embeddable":true,"href":"https:\/\/www.europesays.com\/pl\/wp-json\/wp\/v2\/categories?post=669314"},{"taxonomy":"post_tag","embeddable":true,"href":"https:\/\/www.europesays.com\/pl\/wp-json\/wp\/v2\/tags?post=669314"}],"curies":[{"name":"wp","href":"https:\/\/api.w.org\/{rel}","templated":true}]}}