{"id":669332,"date":"2026-09-05T14:41:16","date_gmt":"2026-09-05T14:41:16","guid":{"rendered":"https:\/\/www.europesays.com\/pl\/669332\/"},"modified":"2026-09-05T14:41:16","modified_gmt":"2026-09-05T14:41:16","slug":"najlepsze-trasy-nordic-walking-niedaleko-bialegostoku-3","status":"publish","type":"post","link":"https:\/\/www.europesays.com\/pl\/669332\/","title":{"rendered":"Najlepsze trasy nordic walking niedaleko Bia\u0142egostoku"},"content":{"rendered":"<p><img decoding=\"async\" loading=\"eager\" fetchpriority=\"high\" class=\"atomsArticleGalleryImage__mainImg\" src=\"https:\/\/www.europesays.com\/pl\/wp-content\/uploads\/2026\/09\/1788619276_890_il20260621_969700571_medium.jpg\" alt=\"Nam&#xF3;w rodzin&#x119; czy przyjaci&#xF3;&#x142; i wybierzcie si&#x119; na nordic walking w odleg&#x142;o&#x15B;ci 19.7 km od Bia&#x142;egostoku\" width=\"1920\" height=\"1280\"\/><\/p>\n<p>\n        Nam\u00f3w rodzin\u0119 czy przyjaci\u00f3\u0142 i wybierzcie si\u0119 na nordic walking w odleg\u0142o\u015bci 19.7 km od Bia\u0142egostoku<\/p>\n<p>          fot. blyjak\/Getty Images\n        <\/p>\n<p>Rozgl\u0105dasz si\u0119 za nowymi trasami nordic walking w okolicy Bia\u0142egostoku? Z Traseo przygotowali\u015bmy dla Ciebie kilka pomys\u0142\u00f3w na najbli\u017cszy weekend. Je\u017celi dopiero chcesz zacz\u0105\u0107 uprawia\u0107 nordic walking, nie zaczynaj w poniedzia\u0142ek. W wolny dzie\u0144 b\u0119dziesz mie\u0107 wi\u0119cej czasu, by znale\u017a\u0107 swoje tempo. Oto nasze pomys\u0142y, gdzie warto sie wybra\u0107 w okolicy Bia\u0142egostoku na nordic walking. Tym razem wybrali\u015bmy \u015bcie\u017cki w odleg\u0142o\u015bci do 19.7 km od miasta. Przetestuj je i daj zna\u0107, czy wszystko by\u0142o zgodne z opisem.<\/p>\n","protected":false},"excerpt":{"rendered":"Nam\u00f3w rodzin\u0119 czy przyjaci\u00f3\u0142 i wybierzcie si\u0119 na nordic walking w odleg\u0142o\u015bci 19.7 km od Bia\u0142egostoku fot. blyjak\/Getty&hellip;\n","protected":false},"author":2,"featured_media":669333,"comment_status":"","ping_status":"","sticky":false,"template":"","format":"standard","meta":{"footnotes":"","_share_on_mastodon":"0"},"categories":[51614],"tags":[2151,2281,42,38,40,39,41,101816],"class_list":["post-669332","post","type-post","status-publish","format-standard","has-post-thumbnail","category-bialystok","tag-bialystok","tag-cwiczenia","tag-pl","tag-poland","tag-polish","tag-polska","tag-polski","tag-trasy-turystyczne"],"share_on_mastodon":{"url":"https:\/\/pubeurope.com\/@pl\/117218961258783313","error":""},"_links":{"self":[{"href":"https:\/\/www.europesays.com\/pl\/wp-json\/wp\/v2\/posts\/669332","targetHints":{"allow":["GET"]}}],"collection":[{"href":"https:\/\/www.europesays.com\/pl\/wp-json\/wp\/v2\/posts"}],"about":[{"href":"https:\/\/www.europesays.com\/pl\/wp-json\/wp\/v2\/types\/post"}],"author":[{"embeddable":true,"href":"https:\/\/www.europesays.com\/pl\/wp-json\/wp\/v2\/users\/2"}],"replies":[{"embeddable":true,"href":"https:\/\/www.europesays.com\/pl\/wp-json\/wp\/v2\/comments?post=669332"}],"version-history":[{"count":0,"href":"https:\/\/www.europesays.com\/pl\/wp-json\/wp\/v2\/posts\/669332\/revisions"}],"wp:featuredmedia":[{"embeddable":true,"href":"https:\/\/www.europesays.com\/pl\/wp-json\/wp\/v2\/media\/669333"}],"wp:attachment":[{"href":"https:\/\/www.europesays.com\/pl\/wp-json\/wp\/v2\/media?parent=669332"}],"wp:term":[{"taxonomy":"category","embeddable":true,"href":"https:\/\/www.europesays.com\/pl\/wp-json\/wp\/v2\/categories?post=669332"},{"taxonomy":"post_tag","embeddable":true,"href":"https:\/\/www.europesays.com\/pl\/wp-json\/wp\/v2\/tags?post=669332"}],"curies":[{"name":"wp","href":"https:\/\/api.w.org\/{rel}","templated":true}]}}