{"id":669346,"date":"2026-09-05T14:49:26","date_gmt":"2026-09-05T14:49:26","guid":{"rendered":"https:\/\/www.europesays.com\/pl\/669346\/"},"modified":"2026-09-05T14:49:26","modified_gmt":"2026-09-05T14:49:26","slug":"najciekawsze-miejsca-do-spacerowania-wokol-wroclawia-3","status":"publish","type":"post","link":"https:\/\/www.europesays.com\/pl\/669346\/","title":{"rendered":"Najciekawsze miejsca do spacerowania wok\u00f3\u0142 Wroc\u0142awia"},"content":{"rendered":"<p><img decoding=\"async\" loading=\"eager\" fetchpriority=\"high\" class=\"atomsArticleGalleryImage__mainImg\" src=\"https:\/\/www.europesays.com\/pl\/wp-content\/uploads\/2026\/09\/1788619766_599_il20260320_959851451_medium.jpg\" alt=\"Wiesz, &#x17C;e w odleg&#x142;o&#x15B;ci 3.0 km od Wroc&#x142;awia jest mn&#xF3;stwo ciekawych tras do spacerowania?\" width=\"1920\" height=\"1280\"\/><\/p>\n<p>\n        Wiesz, \u017ce w odleg\u0142o\u015bci 3.0 km od Wroc\u0142awia jest mn\u00f3stwo ciekawych tras do spacerowania?<\/p>\n<p>          fot. SbytovaMN\/Getty Images\n        <\/p>\n<p>Nie masz pomys\u0142u na urokliw\u0105 \u015bcie\u017ck\u0119 spacerow\u0105 z Wroc\u0142awia? Oto nasze propozycje, gdzie mo\u017cna si\u0119 wybra\u0107. Mamy 3 ciekawe propozycje tras. Maj\u0105 r\u00f3\u017cny czas przej\u015bcia, i dzi\u0119ki temu ka\u017cdy powinien znale\u017a\u0107 co\u015b dla siebie. Wsp\u00f3lnie z Traseo proponujemy Wam 3 trasy na zdrowy spacer w odleg\u0142o\u015bci do 3.0 km od Wroc\u0142awia. Co tydzie\u0144 wybieramy inny zestaw. Przekonaj si\u0119, jakie trasy spacerowe w pobli\u017cu Wroc\u0142awia proponujemy na weekend.<\/p>\n","protected":false},"excerpt":{"rendered":"Wiesz, \u017ce w odleg\u0142o\u015bci 3.0 km od Wroc\u0142awia jest mn\u00f3stwo ciekawych tras do spacerowania? fot. SbytovaMN\/Getty Images Nie&hellip;\n","protected":false},"author":2,"featured_media":669347,"comment_status":"","ping_status":"","sticky":false,"template":"","format":"standard","meta":{"footnotes":"","_share_on_mastodon":"0"},"categories":[51607],"tags":[2281,42,38,40,39,41,101816,1853],"class_list":["post-669346","post","type-post","status-publish","format-standard","has-post-thumbnail","category-wroclaw","tag-cwiczenia","tag-pl","tag-poland","tag-polish","tag-polska","tag-polski","tag-trasy-turystyczne","tag-wroclaw"],"share_on_mastodon":{"url":"https:\/\/pubeurope.com\/@pl\/117218991722859286","error":""},"_links":{"self":[{"href":"https:\/\/www.europesays.com\/pl\/wp-json\/wp\/v2\/posts\/669346","targetHints":{"allow":["GET"]}}],"collection":[{"href":"https:\/\/www.europesays.com\/pl\/wp-json\/wp\/v2\/posts"}],"about":[{"href":"https:\/\/www.europesays.com\/pl\/wp-json\/wp\/v2\/types\/post"}],"author":[{"embeddable":true,"href":"https:\/\/www.europesays.com\/pl\/wp-json\/wp\/v2\/users\/2"}],"replies":[{"embeddable":true,"href":"https:\/\/www.europesays.com\/pl\/wp-json\/wp\/v2\/comments?post=669346"}],"version-history":[{"count":0,"href":"https:\/\/www.europesays.com\/pl\/wp-json\/wp\/v2\/posts\/669346\/revisions"}],"wp:featuredmedia":[{"embeddable":true,"href":"https:\/\/www.europesays.com\/pl\/wp-json\/wp\/v2\/media\/669347"}],"wp:attachment":[{"href":"https:\/\/www.europesays.com\/pl\/wp-json\/wp\/v2\/media?parent=669346"}],"wp:term":[{"taxonomy":"category","embeddable":true,"href":"https:\/\/www.europesays.com\/pl\/wp-json\/wp\/v2\/categories?post=669346"},{"taxonomy":"post_tag","embeddable":true,"href":"https:\/\/www.europesays.com\/pl\/wp-json\/wp\/v2\/tags?post=669346"}],"curies":[{"name":"wp","href":"https:\/\/api.w.org\/{rel}","templated":true}]}}