{"id":669372,"date":"2026-09-05T15:02:30","date_gmt":"2026-09-05T15:02:30","guid":{"rendered":"https:\/\/www.europesays.com\/pl\/669372\/"},"modified":"2026-09-05T15:02:30","modified_gmt":"2026-09-05T15:02:30","slug":"afera-zondacrypto-ziobro-zwrocil-sie-do-tuska-wspomnial-tez-giertycha-i-krala","status":"publish","type":"post","link":"https:\/\/www.europesays.com\/pl\/669372\/","title":{"rendered":"Afera Zondacrypto. Ziobro zwr\u00f3ci\u0142 si\u0119 do Tuska. Wspomnia\u0142 te\u017c Giertycha i Krala"},"content":{"rendered":"<p>&#8222;Donald Tusk przekroczy\u0142 nieprzekraczaln\u0105 granic\u0119. B\u0119d\u0105c premierem Rzeczypospolitej Polskiej, si\u0119gn\u0105\u0142 po bandyt\u00f3w i k\u0142amstwa, aby uruchomi\u0107 operacj\u0119 zniszczenia prawicowej opozycji. Pom\u00f3wieniami zaatakowa\u0142 mnie, prezydenta RP i sejmow\u0105 opozycj\u0119&#8221; \u2014 napisa\u0142 Zbigniew Ziobro w mediach spo\u0142eczno\u015bciowych.<\/p>\n<p><a href=\"https:\/\/www.fakt.pl\/polityka\/hakerzy-wykradli-dane-z-systemow-berlina-niemcy-nie-zaplacili-okupu\/y5yqc9p\" id=\"121d2edf-829f-473f-abac-24e13ae0ef89\" rel=\"nofollow noopener\" target=\"_blank\">Berlin nie zap\u0142aci\u0142 okupu. Hakerzy opublikowali miliony skradzionych danych<\/a><a href=\"https:\/\/www.fakt.pl\/\" title=\"Strona G\u0142\u00f3wna\" aria-label=\"Strona G\u0142\u00f3wna\" data-astro-prefetch=\"tap\" class=\"ods-a-logo-main-desktop\" rel=\"nofollow noopener\" target=\"_blank\"><img src=\"https:\/\/cdn.fakt.pl\/img\/Logo_desktop_Fakt.svg\" class=\"ods-a-logo-main-desktop__image\" alt=\"Logo\" width=\"107\" height=\"86\" fetchpriority=\"high\" decoding=\"sync\" style=\"height:86px\"\/><\/a><\/p>\n<p class=\"ods-m-google-article__text\">Czytaj nas cz\u0119\u015bciej w Google<\/p>\n<p><a href=\"https:\/\/google.com\/preferences\/source?q=fakt.pl\" target=\"_blank\" rel=\"noopener noreferrer nofollow\" aria-label=\"Dodaj w Google\" title=\"Dodaj w Google\" class=\"ods-a-button ods-a-button__primary ods-a-button__default ods-a-button-l\">Dodaj w Google<\/a>Dalszy ci\u0105g artyku\u0142u pod materia\u0142em wideo<\/p>\n<p>&#8222;Liczy, \u017ce odwr\u00f3ci w ten spos\u00f3b uwag\u0119 Polak\u00f3w od rujnuj\u0105cej ich rodziny dro\u017cyzny, szpitalnych salonik\u00f3w VIP dla partyjnych dzia\u0142aczy i wyp\u0142acania im milion\u00f3w za szkody powodziowe, kt\u00f3rych nie by\u0142o&#8221; \u2014 doda\u0142.<\/p>\n<p>Ziobro wraca do sprawy sprzed kilku lat. &#8222;Ta kompromitacja niczego Tuska nie nauczy\u0142a&#8221;Jak podkre\u015bli\u0142, &#8222;jako wieloletni Prokurator Generalny nieraz styka\u0142 si\u0119 z k\u0142amliwymi pom\u00f3wieniami przest\u0119pc\u00f3w kupuj\u0105cych sobie ni\u017cszy wyrok&#8221;. &#8222;Donald Tusk zna t\u0119 metod\u0119 \u2014 sam jej do\u015bwiadczy\u0142. W 2022 roku domaga\u0142 si\u0119 powo\u0142ania sejmowej komisji \u015bledczej, powo\u0142uj\u0105c si\u0119 na \u00abnajbardziej wiarygodnego w Polsce\u00bb ma\u0142ego \u015bwiadka koronnego, Marcina W. Nagle zmieni\u0142 zdanie, gdy okaza\u0142o si\u0119, \u017ce ten \u00abwiarygodny\u00bb <a href=\"https:\/\/www.fakt.pl\/polityka\/wspolnik-falenty-marcin-w-o-wreczeniu-600-tys-euro-lapowki-synowi-tuska\/m5dg7lb\" id=\"4ef8e4c1-d398-450a-a768-ff9be3022c81\" rel=\"nofollow noopener\" target=\"_blank\">przest\u0119pca opisa\u0142, jak przekaza\u0142 jego synowi 600 tysi\u0119cy euro \u0142ap\u00f3wki w reklam\u00f3wce z Biedronki<\/a>&#8221; \u2014 zaznaczy\u0142.<\/p>\n<p>Doda\u0142, \u017ce &#8222;ta kompromitacja niczego go nie nauczy\u0142a&#8221;. &#8222;Si\u0119gn\u0105\u0142 po t\u0119 sam\u0105 metod\u0119, atakuj\u0105c pom\u00f3wieniami przest\u0119pcy Mura\u0144skiego Karola Nawrockiego, id\u0105cego ku zwyci\u0119stwu w wyborach prezydenckich. I zn\u00f3w si\u0119 o\u015bmieszy\u0142. Teraz brnie dalej. \u017b\u0105dam wi\u0119c, aby szef rz\u0105du ujawni\u0142 Polakom, kto i kiedy wszczyna\u0142 \u015bledztwa w sprawie Zondacrypto, a kto i kiedy je umarza\u0142 \u2014 za rz\u0105d\u00f3w Zjednoczonej Prawicy i za rz\u0105d\u00f3w koalicji 13 grudnia. Niech premier poka\u017ce Polakom fakty, a nie spreparowane skrawki k\u0142amliwych oskar\u017ce\u0144 sk\u0142adanych pod dyktando obro\u0144cy Przemys\u0142awa Krala, Romana Giertycha&#8221; \u2014 napisa\u0142.<\/p>\n<p>&#8222;Niech Polacy sami oceni\u0105, kto naprawd\u0119 \u015bciga\u0142 przest\u0119pc\u00f3w, a kto ich kry\u0142. Niech Polacy zobacz\u0105, jak\u0105 perfidn\u0105 rol\u0119 pe\u0142ni w tej intrydze adwokat rodziny Donalda Tuska i w\u0142a\u015bciciela Zondacrypto, Roman Giertych. To w\u0142a\u015bnie wtedy, gdy rz\u0105d Donalda Tuska nielegalnie przej\u0105\u0142 prokuratur\u0119, prokurator awansowany przez Adama Bodnara umorzy\u0142 g\u0142\u00f3wne \u015bledztwo w sprawie gie\u0142dy kryptowalut, co da\u0142o przyzwolenie na jej dalsze dzia\u0142anie&#8221; \u2014 stwierdzi\u0142 Zbigniew Ziobro.<\/p>\n<p>Apel Ziobry do Tuska. Chodzi o afer\u0119 Zondacrypto<\/p>\n<p>Pose\u0142 PiS napisa\u0142, \u017ce &#8222;to pod okiem Donalda Tuska przedstawiciele Zondacrypto szkolili funkcjonariuszy policji, prokuratury i s\u0142u\u017cby skarbowych&#8221;. &#8222;To premier i jego ministrowie promowali si\u0119 na suto op\u0142acanych przez Zondacrypto publicznych wydarzeniach, cho\u0107 p\u00f3\u017aniej twierdzili, \u017ce za t\u0105 firm\u0105 stoi rosyjska mafia. Dlatego zwracam si\u0119 do Donalda Tuska z apelem o ujawnienie akt z wszystkich \u015bledztw dotycz\u0105cych Przemys\u0142awa Krala, Zondacrypto i wszelkich podmiot\u00f3w z nimi zwi\u0105zanych&#8221; \u2014 podsumowa\u0142.<\/p>\n<p><a href=\"https:\/\/www.fakt.pl\/polityka\/michal-rachon-biegl-za-autem-ze-zbigniewem-ziobra-sad-zdecydowal\/xx5mte6\" id=\"84eace43-11f0-4ca4-9487-c75df853b196\" rel=\"nofollow noopener\" target=\"_blank\">Bieg\u0142 za autem, w kt\u00f3rym by\u0142 Ziobro. S\u0105d zdecydowa\u0142 w sprawie Rachonia<\/a><a href=\"https:\/\/www.fakt.pl\/polityka\/zbigniew-bogucki-zapytany-o-zondacrypto-nagle-wyciagnal-telefon\/jtq9prj\" id=\"1254c4e0-ab4c-4301-8a6a-6cb95daba84d\" rel=\"nofollow noopener\" target=\"_blank\">Bogucki us\u0142ysza\u0142 pytanie i wyj\u0105\u0142 telefon. &#8222;Mog\u0119 wam da\u0107 do przegl\u0105dania&#8221;<\/a><\/p>\n<p>\u0179r\u00f3d\u0142o: X<\/p>\n","protected":false},"excerpt":{"rendered":"&#8222;Donald Tusk przekroczy\u0142 nieprzekraczaln\u0105 granic\u0119. B\u0119d\u0105c premierem Rzeczypospolitej Polskiej, si\u0119gn\u0105\u0142 po bandyt\u00f3w i k\u0142amstwa, aby uruchomi\u0107 operacj\u0119 zniszczenia&hellip;\n","protected":false},"author":2,"featured_media":669373,"comment_status":"","ping_status":"","sticky":false,"template":"","format":"standard","meta":{"footnotes":"","_share_on_mastodon":"0"},"categories":[62713],"tags":[61195,1345,212,46,129381,529,907,4412,47,111182,2037,17994],"class_list":["post-669372","post","type-post","status-publish","format-standard","has-post-thumbnail","category-donald-tusk","tag-bottomfeed_styl","tag-donald-tusk","tag-donald_tusk","tag-omp","tag-omp_tst4","tag-pis","tag-polityka","tag-roman_giertych","tag-screening_general","tag-topbar_tst1","tag-zbigniew_ziobro","tag-zondacrypto"],"share_on_mastodon":{"url":"https:\/\/pubeurope.com\/@pl\/117219042898328021","error":""},"_links":{"self":[{"href":"https:\/\/www.europesays.com\/pl\/wp-json\/wp\/v2\/posts\/669372","targetHints":{"allow":["GET"]}}],"collection":[{"href":"https:\/\/www.europesays.com\/pl\/wp-json\/wp\/v2\/posts"}],"about":[{"href":"https:\/\/www.europesays.com\/pl\/wp-json\/wp\/v2\/types\/post"}],"author":[{"embeddable":true,"href":"https:\/\/www.europesays.com\/pl\/wp-json\/wp\/v2\/users\/2"}],"replies":[{"embeddable":true,"href":"https:\/\/www.europesays.com\/pl\/wp-json\/wp\/v2\/comments?post=669372"}],"version-history":[{"count":0,"href":"https:\/\/www.europesays.com\/pl\/wp-json\/wp\/v2\/posts\/669372\/revisions"}],"wp:featuredmedia":[{"embeddable":true,"href":"https:\/\/www.europesays.com\/pl\/wp-json\/wp\/v2\/media\/669373"}],"wp:attachment":[{"href":"https:\/\/www.europesays.com\/pl\/wp-json\/wp\/v2\/media?parent=669372"}],"wp:term":[{"taxonomy":"category","embeddable":true,"href":"https:\/\/www.europesays.com\/pl\/wp-json\/wp\/v2\/categories?post=669372"},{"taxonomy":"post_tag","embeddable":true,"href":"https:\/\/www.europesays.com\/pl\/wp-json\/wp\/v2\/tags?post=669372"}],"curies":[{"name":"wp","href":"https:\/\/api.w.org\/{rel}","templated":true}]}}