{"id":669378,"date":"2026-09-05T15:09:15","date_gmt":"2026-09-05T15:09:15","guid":{"rendered":"https:\/\/www.europesays.com\/pl\/669378\/"},"modified":"2026-09-05T15:09:15","modified_gmt":"2026-09-05T15:09:15","slug":"bedzie-rekord-media-jest-oferta-za-gwiazde-jagiellonii-bialystok","status":"publish","type":"post","link":"https:\/\/www.europesays.com\/pl\/669378\/","title":{"rendered":"B\u0119dzie rekord? Media: Jest oferta za gwiazd\u0119 Jagiellonii Bia\u0142ystok"},"content":{"rendered":"<p class=\"art_paragraph\">O tym, \u017ce S\u0142awomir Abramowicz mo\u017ce odej\u015b\u0107 z Jagiellonii Bia\u0142ystok, s\u0142yszy si\u0119 ju\u017c od przesz\u0142o p\u00f3\u0142tora roku. <a href=\"https:\/\/www.sport.pl\/pilka\/7,65084,31590897,to-moze-byc-transferowy-rekord-jagiellonii-gwiazda-rozchwytywana.html\" class=\"art_link\" rel=\"dofollow noopener\" target=\"_blank\">Zim\u0105 2025 roku bramkarzem m\u0142odzie\u017cowej reprezentacji Polski interesowa\u0142y si\u0119 cztery du\u017ce kluby z lig zachodnich &#8211; AS Roma, Westerlo, Stade Rennais oraz RC Lens<\/a>. Kolejne udane wyst\u0119py zar\u00f3wno w Ekstraklasie, jak i w europejskich pucharach sprawi\u0142y, \u017ce grono klub\u00f3w maj\u0105cych 22-latka na radarze poszerzy\u0142o si\u0119.<\/p>\n<p>\n    Zobacz wideo Marek Citko o popularno\u015bci w latach 90.: Nie mog\u0142em normalnie wyj\u015b\u0107 z domu. Nie by\u0142em na to przygotowany\n  <\/p>\n<p class=\"art_paragraph\"><a href=\"https:\/\/www.sport.pl\/pilka\/7,65039,32748869,gwiazda-jagiellonii-moze-odejsc-na-zachod-dwa-kluby-sa-gotowe.html\" class=\"art_link\" rel=\"dofollow noopener\" target=\"_blank\">W kwietniu przekazywali\u015bmy informacje o tym, \u017ce na swoich listach \u017cycze\u0144 Abramowicza mia\u0142y dwa kolejne zespo\u0142y &#8211; FC Kopenhaga oraz Saint-Etienne<\/a>. Jagiellonia ju\u017c sprowadzi\u0142a jego nast\u0119pc\u0119. Z Puszczy Niepo\u0142omice do Bia\u0142egostoku pow\u0119drowa\u0142 18-letni Micha\u0142 Perchel, kt\u00f3ry zanotowa\u0142 bardzo dobry sezon na zapleczu Ekstraklasy.<\/p>\n<p> Jagiellonia Bia\u0142ystok otrzyma\u0142a ofert\u0119 za swoj\u0105 gwiazd\u0119<\/p>\n<p class=\"art_paragraph\">Brakowa\u0142o jednak konkret\u00f3w w sprawie sprzeda\u017cy Abramowicza. Okienko transferowe w wielu du\u017cych ligach ju\u017c si\u0119 zamkn\u0119\u0142o. Nie jest tak w Grecji &#8211; kluby z tamtejszej <a href=\"https:\/\/www.sport.pl\/pilka\/7,65039,32993573,piec-goli-trzy-uznane-kapitalne-otwarcie-soboty-w-ekstraklasie.html#anchorLink\" rel=\"nofollow noopener\" target=\"_blank\">ekstraklasy<\/a> mog\u0105 \u015bci\u0105ga\u0107 pi\u0142karzy do 15 wrze\u015bnia. Jak informuje portal\u00a0<a href=\"https:\/\/www.footmercato.net\/a6280969575644911511-jagiellonia-le-paok-a-fait-une-offre-pour-slawomir-abramowicz\" class=\"art_link\" rel=\"dofollow noopener\" target=\"_blank\">footmercato.net<\/a>, to w\u0142a\u015bnie ma by\u0107 kierunek, w kt\u00f3rym pod\u0105\u017cy bramkarz Jagiellonii.<\/p>\n<p class=\"art_paragraph\">Zobacz te\u017c:\u00a0<a href=\"https:\/\/www.sport.pl\/pilka\/7,65080,33004604,wieszcza-katastroficzny-scenariusz-dla-pilki-noznej-to-wszystko.html#s=BoxSPremImg0\" class=\"art_link\" rel=\"dofollow noopener\" target=\"_blank\">Wieszcz\u0105 katastroficzny scenariusz dla pi\u0142ki no\u017cnej. &#8222;To wszystko si\u0119 zawali&#8221;<\/a><\/p>\n<p class=\"art_paragraph\">Bia\u0142ostocki klub otrzyma\u0142 ofert\u0119 od PAOK-u Saloniki, lidera tabeli po rozegraniu dw\u00f3ch kolejek ligi greckiej. &#8222;Grecki klub z\u0142o\u017cy\u0142 ofert\u0119, by pozyska\u0107 m\u0142odego polskiego bramkarza, kt\u00f3ry obecnie zwi\u0105zany jest kontraktem z Jagielloni\u0105. 22-latek obserwowany jest ju\u017c przez kilka europejskich klub\u00f3w, sta\u0142 si\u0119 wi\u0119c przedmiotem ofensywy transferowej&#8221; &#8211; czytamy.<\/p>\n<p> S\u0142awomir Abramowicz pobije rekord transferowy?<\/p>\n<p class=\"art_paragraph\">PAOK w tym sezonie nie b\u0119dzie wyst\u0119powa\u0107 w europejskich pucharach. Z eliminacji <a href=\"https:\/\/www.sport.pl\/pilka\/0,65042.html#anchorLink\" rel=\"nofollow noopener\" target=\"_blank\">Ligi Europy<\/a> wyeliminowa\u0142 ich brukselski Anderlecht, a drzwi do <a href=\"https:\/\/www.sport.pl\/pilka\/7,198438,32992646,pogromcy-gornika-i-rakowa-poznali-rywali-w-lidze-konferencji.html#anchorLink\" rel=\"nofollow noopener\" target=\"_blank\">Ligi Konferencji<\/a> zamkn\u0119\u0142o Brann Bergen. Podstawowym bramkarzem zespo\u0142u jest do\u015bwiadczony Jiri Pavlenka, 21-krotny reprezentant Czech. Jeszcze w poprzednim sezonie w Salonikach gra\u0142 Tomasz K\u0119dziora &#8211; obro\u0144ca Dynama Kij\u00f3w.<\/p>\n<p class=\"art_paragraph\">Mo\u017cna si\u0119 spodziewa\u0107, \u017ce Abramowicz b\u0119dzie najdro\u017cszym golkiperem \u015bci\u0105gni\u0119tym kiedykolwiek przez PAOK. Obecnie to miano nale\u017cy do Dominika Kotarskiego. Trzy lata temu Chorwacka Gorica otrzyma\u0142a za niego 2 mln euro. Wg portalu Transfermarkt, m\u0142odzie\u017cowy reprezentant Polski warty jest przesz\u0142o 2 razy wi\u0119cej.<\/p>\n<p class=\"art_paragraph\">Na razie jednak Jagiellonia szykuje si\u0119 do <a href=\"https:\/\/www.sport.pl\/mecze#anchorLink\" rel=\"nofollow noopener\" target=\"_blank\">meczu<\/a> 7. kolejki Ekstraklasy. Do Bia\u0142egostoku przyjedzie \u015al\u0105sk Wroc\u0142aw. Podopieczni Adriana <a href=\"https:\/\/www.sport.pl\/pilka\/7,65039,32958236,wiceprezes-jagiellonii-zabral-glos-ws-przyszlosci-siemienca.html#anchorLink\" rel=\"nofollow noopener\" target=\"_blank\">Siemie\u0144ca<\/a> z bilansem trzech zwyci\u0119stw i dw\u00f3ch pora\u017cek s\u0105 si\u00f3dm\u0105 dru\u017cyn\u0105 tabeli, a ich najbli\u017csi rywale z dorobkiem sze\u015bciu punkt\u00f3w plasuj\u0105 si\u0119 na czternastym miejscu.<\/p>\n","protected":false},"excerpt":{"rendered":"O tym, \u017ce S\u0142awomir Abramowicz mo\u017ce odej\u015b\u0107 z Jagiellonii Bia\u0142ystok, s\u0142yszy si\u0119 ju\u017c od przesz\u0142o p\u00f3\u0142tora roku. Zim\u0105&hellip;\n","protected":false},"author":2,"featured_media":669379,"comment_status":"","ping_status":"","sticky":false,"template":"","format":"standard","meta":{"footnotes":"","_share_on_mastodon":"0"},"categories":[51614],"tags":[2151,42,38,40,39,41],"class_list":["post-669378","post","type-post","status-publish","format-standard","has-post-thumbnail","category-bialystok","tag-bialystok","tag-pl","tag-poland","tag-polish","tag-polska","tag-polski"],"share_on_mastodon":{"url":"https:\/\/pubeurope.com\/@pl\/117219070331307531","error":""},"_links":{"self":[{"href":"https:\/\/www.europesays.com\/pl\/wp-json\/wp\/v2\/posts\/669378","targetHints":{"allow":["GET"]}}],"collection":[{"href":"https:\/\/www.europesays.com\/pl\/wp-json\/wp\/v2\/posts"}],"about":[{"href":"https:\/\/www.europesays.com\/pl\/wp-json\/wp\/v2\/types\/post"}],"author":[{"embeddable":true,"href":"https:\/\/www.europesays.com\/pl\/wp-json\/wp\/v2\/users\/2"}],"replies":[{"embeddable":true,"href":"https:\/\/www.europesays.com\/pl\/wp-json\/wp\/v2\/comments?post=669378"}],"version-history":[{"count":0,"href":"https:\/\/www.europesays.com\/pl\/wp-json\/wp\/v2\/posts\/669378\/revisions"}],"wp:featuredmedia":[{"embeddable":true,"href":"https:\/\/www.europesays.com\/pl\/wp-json\/wp\/v2\/media\/669379"}],"wp:attachment":[{"href":"https:\/\/www.europesays.com\/pl\/wp-json\/wp\/v2\/media?parent=669378"}],"wp:term":[{"taxonomy":"category","embeddable":true,"href":"https:\/\/www.europesays.com\/pl\/wp-json\/wp\/v2\/categories?post=669378"},{"taxonomy":"post_tag","embeddable":true,"href":"https:\/\/www.europesays.com\/pl\/wp-json\/wp\/v2\/tags?post=669378"}],"curies":[{"name":"wp","href":"https:\/\/api.w.org\/{rel}","templated":true}]}}