{"id":669414,"date":"2026-09-05T15:27:18","date_gmt":"2026-09-05T15:27:18","guid":{"rendered":"https:\/\/www.europesays.com\/pl\/669414\/"},"modified":"2026-09-05T15:27:18","modified_gmt":"2026-09-05T15:27:18","slug":"kolejny-wypadek-polskiego-autokaru-na-wegrzech-sa-ranni","status":"publish","type":"post","link":"https:\/\/www.europesays.com\/pl\/669414\/","title":{"rendered":"Kolejny wypadek polskiego autokaru na W\u0119grzech. S\u0105 ranni"},"content":{"rendered":"<p>Kolejny wypadek polskiego autokaru na W\u0119grzech. Jak poda\u0142a w\u0119gierska policja, do zdarzenia dosz\u0142o o godz. 1 w nocy z pi\u0105tku na sobot\u0119, 4\/5 wrze\u015bnia, na autostradzie 86, w pobli\u017cu granic ze S\u0142oweni\u0105 i Austri\u0105.<\/p>\n<p>Dalszy ci\u0105g artyku\u0142u pod materia\u0142em wideoWypadek polskiego autokaru na W\u0119grzech<a href=\"https:\/\/www.fakt.pl\/\" title=\"Strona G\u0142\u00f3wna\" aria-label=\"Strona G\u0142\u00f3wna\" data-astro-prefetch=\"tap\" class=\"ods-a-logo-main-desktop\" rel=\"nofollow noopener\" target=\"_blank\"><img src=\"https:\/\/cdn.fakt.pl\/img\/Logo_desktop_Fakt.svg\" class=\"ods-a-logo-main-desktop__image\" alt=\"Logo\" width=\"107\" height=\"86\" fetchpriority=\"high\" decoding=\"sync\" style=\"height:86px\"\/><\/a><\/p>\n<p class=\"ods-m-google-article__text\">Czytaj nas cz\u0119\u015bciej w Google<\/p>\n<p><a href=\"https:\/\/google.com\/preferences\/source?q=fakt.pl\" target=\"_blank\" rel=\"noopener noreferrer nofollow\" aria-label=\"Dodaj w Google\" title=\"Dodaj w Google\" class=\"ods-a-button ods-a-button__primary ods-a-button__default ods-a-button-l\">Dodaj w Google<\/a><\/p>\n<blockquote class=\"ods-o-quote\">\n<p class=\"ods-o-quote__paragraph\">Sprawdzamy, na razie nie mamy wi\u0119cej informacji<\/p>\n<\/blockquote>\n<p>\u2013 m\u00f3wi w rozmowie z &#8222;Faktem&#8221; Maciej Wewi\u00f3r.<\/p>\n<p>Rzecznik MSZ dodaje, \u017ce na razie wygl\u0105da na to, \u017ce nikomu nic powa\u017cnego si\u0119 nie sta\u0142o. Ta informacja jest jednak weryfikowana przez resort.<\/p>\n<p>&#8222;Fakt&#8221; zapyta\u0142 te\u017c MSWiA o to, czy otrzyma\u0142 od strony w\u0119gierskiej informacje dotycz\u0105ce wypadku. Jak przekaza\u0142a nam Karolina Ga\u0142ecka, resort ten w\u0142\u0105cza si\u0119 do sprawy dopiero wtedy, kiedy trzeba np. przetransportowa\u0107 Polak\u00f3w do kraju i rozmie\u015bci\u0107 ich w szpitalach.<\/p>\n<p>W\u0119gierskie media podaj\u0105 wi\u0119cej szczeg\u00f3\u0142\u00f3w wypadku. Wszystko zacz\u0119\u0142o si\u0119 od zderzenia z owc\u0105. Kierowca polskiego autokaru zatrzyma\u0142 pojazd i w\u0142\u0105czy\u0142 \u015bwiat\u0142a awaryjne. Nadje\u017cd\u017caj\u0105ca z ty\u0142u w\u0119gierska ci\u0119\u017car\u00f3wka nie zd\u0105\u017cy\u0142a wyhamowa\u0107 i uderzy\u0142a w ty\u0142 autokar \u2013 poda\u0142 portal 112press.hu.<\/p>\n<p>Sze\u015b\u0107 os\u00f3b dozna\u0142o lekkich obra\u017ce\u0144. W\u015br\u00f3d poszkodowanych jest kierowca ci\u0119\u017car\u00f3wki.<\/p>\n<p>Pasa\u017cer\u00f3w, kt\u00f3rym nic si\u0119 nie sta\u0142o, przewieziono do sali gimnastycznej w Zalaloevoe, gdzie poczekaj\u0105 na dalszy transport \u2013 napisa\u0142 portal Blikk.<\/p>\n<p>(\u0179r\u00f3d\u0142o: Fakt.pl, PAP)<\/p>\n<p>Ten artyku\u0142 to informacja pilna. Jest w trakcie aktualizacji. Wkr\u00f3tce napiszemy wi\u0119cej na temat tego wydarzenia.<\/p>\n","protected":false},"excerpt":{"rendered":"Kolejny wypadek polskiego autokaru na W\u0119grzech. Jak poda\u0142a w\u0119gierska policja, do zdarzenia dosz\u0142o o godz. 1 w nocy&hellip;\n","protected":false},"author":2,"featured_media":669415,"comment_status":"","ping_status":"","sticky":false,"template":"","format":"standard","meta":{"footnotes":"","_share_on_mastodon":"0"},"categories":[12],"tags":[61195,32,33,36,37,27,34,35,28,31,25,46,129559,42,367,38,40,39,41,47,80,29,111182,30,2670,26,1092,2588],"class_list":["post-669414","post","type-post","status-publish","format-standard","has-post-thumbnail","category-polska","tag-bottomfeed_styl","tag-breaking-news","tag-breakingnews","tag-featured-news","tag-featurednews","tag-headlines","tag-latest-news","tag-latestnews","tag-naglowki","tag-najwazniejsze-artykuly","tag-news","tag-omp","tag-omp_tst3","tag-pl","tag-polacy","tag-poland","tag-polish","tag-polska","tag-polski","tag-screening_general","tag-swiat","tag-top-stories","tag-topbar_tst1","tag-topstories","tag-wegry","tag-wiadomosci","tag-wydarzenia","tag-wypadek"],"share_on_mastodon":{"url":"https:\/\/pubeurope.com\/@pl\/117219141924732819","error":""},"_links":{"self":[{"href":"https:\/\/www.europesays.com\/pl\/wp-json\/wp\/v2\/posts\/669414","targetHints":{"allow":["GET"]}}],"collection":[{"href":"https:\/\/www.europesays.com\/pl\/wp-json\/wp\/v2\/posts"}],"about":[{"href":"https:\/\/www.europesays.com\/pl\/wp-json\/wp\/v2\/types\/post"}],"author":[{"embeddable":true,"href":"https:\/\/www.europesays.com\/pl\/wp-json\/wp\/v2\/users\/2"}],"replies":[{"embeddable":true,"href":"https:\/\/www.europesays.com\/pl\/wp-json\/wp\/v2\/comments?post=669414"}],"version-history":[{"count":0,"href":"https:\/\/www.europesays.com\/pl\/wp-json\/wp\/v2\/posts\/669414\/revisions"}],"wp:featuredmedia":[{"embeddable":true,"href":"https:\/\/www.europesays.com\/pl\/wp-json\/wp\/v2\/media\/669415"}],"wp:attachment":[{"href":"https:\/\/www.europesays.com\/pl\/wp-json\/wp\/v2\/media?parent=669414"}],"wp:term":[{"taxonomy":"category","embeddable":true,"href":"https:\/\/www.europesays.com\/pl\/wp-json\/wp\/v2\/categories?post=669414"},{"taxonomy":"post_tag","embeddable":true,"href":"https:\/\/www.europesays.com\/pl\/wp-json\/wp\/v2\/tags?post=669414"}],"curies":[{"name":"wp","href":"https:\/\/api.w.org\/{rel}","templated":true}]}}